{"id":1766,"date":"2020-11-04T18:22:19","date_gmt":"2020-11-04T15:22:19","guid":{"rendered":"http:\/\/mersinekonomipolitikagazetesi.com\/?p=1766"},"modified":"2020-11-04T18:22:19","modified_gmt":"2020-11-04T15:22:19","slug":"17-mersin-uluslararasi-muzik-festivali-soleni-basladi","status":"publish","type":"post","link":"https:\/\/akdenizolaygazetesi.com\/?p=1766","title":{"rendered":"17. Mersin Uluslararas\u0131 M\u00fczik Festivali \u015f\u00f6leni ba\u015flad\u0131"},"content":{"rendered":"<p>17. Mersin Uluslararas\u0131 M\u00fczik Festivali, Mersin Devlet ve Opera Balesi (MDOB) Orkestras\u0131n\u0131n konseriyle ba\u015flad\u0131. Fox TV\u2019de sabahlar\u0131 \u00c7alar Saat program\u0131 ile herkesin sevgisini kazanan \u0130smail K\u00fc\u00e7\u00fckkaya\u2019da festivale kat\u0131lanlar aras\u0131ndayd\u0131.<\/p>\n<p class=\"m_-791434677779987131gmail-p1\" style=\"color: rgb(34, 34, 34); font-family: arial, sans-serif; font-size: 12.8px; line-height: normal;\"><span style=\"font-size:16px;\">\u015eef Antonio Pirolli y\u00f6netiminde MDOB orkestras\u0131 ile Soprano Pumeza Matshikiza ve Tenor Murat Karahan&#8217;\u0131n yer ald\u0131\u011f\u0131 konserde sanatseverler salonun tamam\u0131n\u0131 doldururken, yan tarafta ek sandalyeler de konuldu.<\/span><\/p>\n<p class=\"m_-791434677779987131gmail-p1\" style=\"color: rgb(34, 34, 34); font-family: arial, sans-serif; font-size: 12.8px; line-height: normal;\"><span style=\"font-size:16px;\">Mersinlilerin yo\u011fun ilgi g\u00f6sterdi\u011fi konseri izleyen sanatseverler, unutulmaz bir ak\u015fam ya\u015fad\u0131.\u00a0<\/span><\/p>\n<p class=\"m_-791434677779987131gmail-p1\" style=\"color: rgb(34, 34, 34); font-family: arial, sans-serif; font-size: 12.8px; line-height: normal;\"><span style=\"font-size:16px;\">2018 Festival \u00d6d\u00fclleri kapsam\u0131nda, Nevit Kodall\u0131 Gen\u00e7 Yetenek \u00f6d\u00fcl\u00fc keman sanat\u00e7\u0131s\u0131 Yi\u011fit Karata\u015f&#8217;a, Festival Kent \u00d6d\u00fcl\u00fc Muazzez \u0130lmiye \u00c7\u0131\u011f&#8217;a ve Devlet Sanat\u00e7\u0131s\u0131 \u00d6d\u00fcl\u00fc Suna Kan&#8217;a verildi.\u00a0<\/span><\/p>\n<p class=\"m_-791434677779987131gmail-p1\" style=\"color: rgb(34, 34, 34); font-family: arial, sans-serif; font-size: 12.8px; line-height: normal;\"><span style=\"font-size:16px;\">Fox TV\u2019de sabahlar\u0131 \u00c7alar Saat program\u0131 ile herkesin b\u00fcy\u00fck be\u011fenisini kazanm\u0131\u015f olan \u0130smail K\u00fc\u00e7\u00fckkaya\u2019n\u0131n konsere kat\u0131lmas\u0131 ve Muazzez \u0130lmiye \u00c7\u0131\u011f\u2019\u0131n \u00f6n\u00fcnde de sayg\u0131yla e\u011filip elini \u00f6pmesi takdirle kar\u015f\u0131land\u0131.<\/span><\/p>\n<p class=\"m_-791434677779987131gmail-p1\" style=\"color: rgb(34, 34, 34); font-family: arial, sans-serif; font-size: 12.8px; line-height: normal;\"><span style=\"font-size:16px;\">MDOB Orkestras\u0131 e\u015fli\u011finde d\u00fcnyaca \u00fcnl\u00fc opera sanat\u00e7\u0131lar\u0131 Pumeza Matshikiza ve Murat Karahan muhte\u015fem bir konser verdi. Sanatseverler, konser sonunda uzun s\u00fcre orkestray\u0131 ve sanat\u00e7\u0131lar\u0131 ayakta alk\u0131\u015flad\u0131lar.<\/span><\/p>\n","protected":false},"excerpt":{"rendered":"<p>17. Mersin Uluslararas\u0131 M\u00fczik Festivali, Mersin Devlet ve Opera Balesi (MDOB) Orkestras\u0131n\u0131n konseriyle ba\u015flad\u0131. Fox TV\u2019de sabahlar\u0131 \u00c7alar Saat program\u0131 ile herkesin sevgisini kazanan \u0130smail K\u00fc\u00e7\u00fckkaya\u2019da festivale kat\u0131lanlar aras\u0131ndayd\u0131. \u015eef &hellip; <a href=\"https:\/\/akdenizolaygazetesi.com\/?p=1766\" class=\"more-link\">Devam\u0131n\u0131 Oku&#8230;<\/a><\/p>\n","protected":false},"author":1,"featured_media":0,"comment_status":"open","ping_status":"open","sticky":false,"template":"","format":"standard","meta":[],"categories":[],"tags":[],"_links":{"self":[{"href":"https:\/\/akdenizolaygazetesi.com\/index.php?rest_route=\/wp\/v2\/posts\/1766"}],"collection":[{"href":"https:\/\/akdenizolaygazetesi.com\/index.php?rest_route=\/wp\/v2\/posts"}],"about":[{"href":"https:\/\/akdenizolaygazetesi.com\/index.php?rest_route=\/wp\/v2\/types\/post"}],"author":[{"embeddable":true,"href":"https:\/\/akdenizolaygazetesi.com\/index.php?rest_route=\/wp\/v2\/users\/1"}],"replies":[{"embeddable":true,"href":"https:\/\/akdenizolaygazetesi.com\/index.php?rest_route=%2Fwp%2Fv2%2Fcomments&post=1766"}],"version-history":[{"count":0,"href":"https:\/\/akdenizolaygazetesi.com\/index.php?rest_route=\/wp\/v2\/posts\/1766\/revisions"}],"wp:attachment":[{"href":"https:\/\/akdenizolaygazetesi.com\/index.php?rest_route=%2Fwp%2Fv2%2Fmedia&parent=1766"}],"wp:term":[{"taxonomy":"category","embeddable":true,"href":"https:\/\/akdenizolaygazetesi.com\/index.php?rest_route=%2Fwp%2Fv2%2Fcategories&post=1766"},{"taxonomy":"post_tag","embeddable":true,"href":"https:\/\/akdenizolaygazetesi.com\/index.php?rest_route=%2Fwp%2Fv2%2Ftags&post=1766"}],"curies":[{"name":"wp","href":"https:\/\/api.w.org\/{rel}","templated":true}]}}