{"id":1770,"date":"2020-11-04T18:22:19","date_gmt":"2020-11-04T15:22:19","guid":{"rendered":"http:\/\/mersinekonomipolitikagazetesi.com\/?p=1770"},"modified":"2020-11-04T18:22:19","modified_gmt":"2020-11-04T15:22:19","slug":"kucuk-carsiya-genclik-merkezi","status":"publish","type":"post","link":"https:\/\/akdenizolaygazetesi.com\/?p=1770","title":{"rendered":"K\u00fc\u00e7\u00fck \u00e7ar\u015f\u0131ya gen\u00e7lik merkezi"},"content":{"rendered":"<p>Mersin B\u00fcy\u00fck\u015fehir Belediyesi taraf\u0131ndan ge\u00e7ti\u011fimiz g\u00fcnlerde y\u0131k\u0131m\u0131 ger\u00e7ekle\u015ftirilen k\u00fc\u00e7\u00fck \u00e7ar\u015f\u0131ya gen\u00e7lik merkezi yap\u0131laca\u011f\u0131 bildirildi.<\/p>\n<p><span style=\"font-family: sans-serif; font-size: 14px; line-height: 20px; text-align: justify; background-color: rgb(242, 244, 245);\">Mersin B\u00fcy\u00fck\u015fehir Belediyesi&#8217;nden yap\u0131lan a\u00e7\u0131klamaya g\u00f6re, Akdeniz il\u00e7esi K\u00fc\u00e7\u00fck \u00c7ar\u015f\u0131 mevkiinde yer alan projenin yap\u0131m\u0131na ba\u015flayan B\u00fcy\u00fck\u015fehir Belediyesi, gen\u00e7lere hobilerini ger\u00e7ekle\u015ftirebilecekleri, kendilerini e\u011fitip, yeni arkada\u015flar edinebilecekleri ve g\u00fczel vakit ge\u00e7irebilecekleri yeni bir merkez in\u015fa ediyor.\u00a0<\/span><br style=\"box-sizing: border-box; font-family: sans-serif; font-size: 14px; line-height: 20px; text-align: justify; background-color: rgb(242, 244, 245);\" \/><br \/>\n<span style=\"font-family: sans-serif; font-size: 14px; line-height: 20px; text-align: justify; background-color: rgb(242, 244, 245);\">5 katl\u0131 gen\u00e7lik merkezi olarak planlanan ve 4 bin 696 metrekare alanda, gen\u00e7ler i\u00e7in kendilerini geli\u015ftirebilecekleri pek \u00e7ok at\u00f6lye bulunuyor. Kitapsever gen\u00e7ler i\u00e7in k\u00fct\u00fcphanenin, resim at\u00f6lyesinin, el sanatlar\u0131 at\u00f6lyesinin, el becerilerini sergileyebilecekleri sergi alan\u0131n\u0131n ve daha pek \u00e7ok hobi alan\u0131n\u0131n yer ald\u0131\u011f\u0131 merkez tamamland\u0131\u011f\u0131nda, gen\u00e7leri bir araya getirecek ve kaliteli zaman ge\u00e7irmelerini sa\u011flayacak.\u00a0<\/span><br style=\"box-sizing: border-box; font-family: sans-serif; font-size: 14px; line-height: 20px; text-align: justify; background-color: rgb(242, 244, 245);\" \/><br \/>\n<span style=\"font-family: sans-serif; font-size: 14px; line-height: 20px; text-align: justify; background-color: rgb(242, 244, 245);\">Foto\u011fraf ve m\u00fczik tutkunlar\u0131 bu merkeze u\u011fras\u0131n\u00a0<\/span><br style=\"box-sizing: border-box; font-family: sans-serif; font-size: 14px; line-height: 20px; text-align: justify; background-color: rgb(242, 244, 245);\" \/><br \/>\n<span style=\"font-family: sans-serif; font-size: 14px; line-height: 20px; text-align: justify; background-color: rgb(242, 244, 245);\">Gen\u00e7ler i\u00e7in her \u015feyin d\u00fc\u015f\u00fcn\u00fcld\u00fc\u011f\u00fc merkezde, foto\u011fraf ve m\u00fczik tutkunu gen\u00e7lerde unutulmad\u0131. Foto\u011fraf\u00e7\u0131l\u0131k at\u00f6lyesinin ve konservatuar\u0131n yer alaca\u011f\u0131 merkezde sanat tutkunu gen\u00e7ler bu alanda kendilerini geli\u015ftirebilecekler. Konservatuar salonunun da olaca\u011f\u0131 merkezde yeni yetenekler kendilerine yer bulabilecek. Konferans salonu, seminer odas\u0131, \u00f6\u011fretmenler odas\u0131, seramik ve cam teknikleri odas\u0131, ses kay\u0131t odas\u0131, m\u00fczik at\u00f6lyesi, bilgisayar s\u0131n\u0131f\u0131, kafeteryan\u0131n da aralar\u0131nda oldu\u011fu pek \u00e7ok alan\u0131 b\u00fcnyesinde bar\u0131nd\u0131ran bu merkezi, gen\u00e7ler \u00e7ok sevecek.\u00a0<\/span><br style=\"box-sizing: border-box; font-family: sans-serif; font-size: 14px; line-height: 20px; text-align: justify; background-color: rgb(242, 244, 245);\" \/><br \/>\n<span style=\"font-family: sans-serif; font-size: 14px; line-height: 20px; text-align: justify; background-color: rgb(242, 244, 245);\">S\u00f6zle\u015fme bedeli 7 milyon 928 bin TL olan ve \u00f6n\u00fcm\u00fczdeki hafta in\u015fas\u0131na ba\u015flayacak olan merkez, 2019 y\u0131l\u0131n\u0131n ilk ay\u0131nda tamamlanm\u0131\u015f olacak.\u00a0<\/span><br style=\"box-sizing: border-box; font-family: sans-serif; font-size: 14px; line-height: 20px; text-align: justify; background-color: rgb(242, 244, 245);\" \/><br \/>\n\u00a0<\/p>\n","protected":false},"excerpt":{"rendered":"<p>Mersin B\u00fcy\u00fck\u015fehir Belediyesi taraf\u0131ndan ge\u00e7ti\u011fimiz g\u00fcnlerde y\u0131k\u0131m\u0131 ger\u00e7ekle\u015ftirilen k\u00fc\u00e7\u00fck \u00e7ar\u015f\u0131ya gen\u00e7lik merkezi yap\u0131laca\u011f\u0131 bildirildi. Mersin B\u00fcy\u00fck\u015fehir Belediyesi&#8217;nden yap\u0131lan a\u00e7\u0131klamaya g\u00f6re, Akdeniz il\u00e7esi K\u00fc\u00e7\u00fck \u00c7ar\u015f\u0131 mevkiinde yer alan projenin yap\u0131m\u0131na ba\u015flayan &hellip; <a href=\"https:\/\/akdenizolaygazetesi.com\/?p=1770\" class=\"more-link\">Devam\u0131n\u0131 Oku&#8230;<\/a><\/p>\n","protected":false},"author":1,"featured_media":0,"comment_status":"open","ping_status":"open","sticky":false,"template":"","format":"standard","meta":[],"categories":[],"tags":[],"_links":{"self":[{"href":"https:\/\/akdenizolaygazetesi.com\/index.php?rest_route=\/wp\/v2\/posts\/1770"}],"collection":[{"href":"https:\/\/akdenizolaygazetesi.com\/index.php?rest_route=\/wp\/v2\/posts"}],"about":[{"href":"https:\/\/akdenizolaygazetesi.com\/index.php?rest_route=\/wp\/v2\/types\/post"}],"author":[{"embeddable":true,"href":"https:\/\/akdenizolaygazetesi.com\/index.php?rest_route=\/wp\/v2\/users\/1"}],"replies":[{"embeddable":true,"href":"https:\/\/akdenizolaygazetesi.com\/index.php?rest_route=%2Fwp%2Fv2%2Fcomments&post=1770"}],"version-history":[{"count":0,"href":"https:\/\/akdenizolaygazetesi.com\/index.php?rest_route=\/wp\/v2\/posts\/1770\/revisions"}],"wp:attachment":[{"href":"https:\/\/akdenizolaygazetesi.com\/index.php?rest_route=%2Fwp%2Fv2%2Fmedia&parent=1770"}],"wp:term":[{"taxonomy":"category","embeddable":true,"href":"https:\/\/akdenizolaygazetesi.com\/index.php?rest_route=%2Fwp%2Fv2%2Fcategories&post=1770"},{"taxonomy":"post_tag","embeddable":true,"href":"https:\/\/akdenizolaygazetesi.com\/index.php?rest_route=%2Fwp%2Fv2%2Ftags&post=1770"}],"curies":[{"name":"wp","href":"https:\/\/api.w.org\/{rel}","templated":true}]}}