{"id":1771,"date":"2020-11-04T18:22:19","date_gmt":"2020-11-04T15:22:19","guid":{"rendered":"http:\/\/mersinekonomipolitikagazetesi.com\/?p=1771"},"modified":"2020-11-04T18:22:19","modified_gmt":"2020-11-04T15:22:19","slug":"chp-mersin-ankaradaki-saraylilari-uyardi","status":"publish","type":"post","link":"https:\/\/akdenizolaygazetesi.com\/?p=1771","title":{"rendered":"CHP MERS\u0130N ANKARA&#8217;DAK\u0130 SARAYLILARI UYARDI"},"content":{"rendered":"<p>CHP\u2019nin 81 ilde \u2018OHAL De\u011fil Demokrasi \u0130stiyoruz\u2019 slogan\u0131yla d\u00fczenledi\u011fi eylem Mersin\u2019de de ger\u00e7ekle\u015fti. CHP bildirisini a\u00e7\u0131klayan Adil Aktay, OHAL ile kimsenin can ve mal g\u00fcvenli\u011finin kalmad\u0131\u011f\u0131n\u0131 aktard\u0131.<\/p>\n<div>\n<div>\n<div>\n<div>\n<div>\n<div>\n<div>\n<div>\n<div>\n<div>\n<div>\n<div id=\":4\">\n<div id=\":2\">\n<div>\n<div role=\"main\">\n<table cellpadding=\"0\" role=\"presentation\" style=\"width:1675px;\">\n<tbody>\n<tr>\n<td>\n<div>\n<div>\n<div>\n<div role=\"list\">\n<div role=\"listitem\" style=\"clear:both;\" tabindex=\"-1\">\n<div>\n<div>\n<div id=\":1b4\">\n<div data-legacy-message-id=\"162ce77afc9c2087\" data-message-id=\"162ce77afc9c2087\">\n<div style=\"margin-left:44px;\">\n<div id=\":1qx\">\n<div id=\":176\">\n<div dir=\"auto\">\n<blockquote type=\"cite\">\n<div dir=\"ltr\">\n<p><span style=\"font-size:16px;\">CHP Genel Merkez\u2019den 81 ildeki CHP \u0130l Ba\u015fkanlar\u0131na \u2018OHAL De\u011fil Demokrasi \u0130stiyoruz\u2019 slogan\u0131 ile t\u00fcm illerde oturma eylemi yap\u0131lmas\u0131 istendi.<\/span><\/p>\n<p><span style=\"font-size:16px;\">Slogana ba\u011fl\u0131 olarak Mersin \u00d6zg\u00fcr \u00c7ocuk Park\u0131\u2019nda CHP \u0130l Ba\u015fkanl\u0131\u011f\u0131 \u00f6nc\u00fcl\u00fc\u011f\u00fcnde oturma eylemi yap\u0131ld\u0131.<\/span><\/p>\n<p><span style=\"font-size:16px;\">Oturma eylemine Mersin CHP \u0130l Ba\u015fkan\u0131 Adil Aktay, CHP Genel Sekreter Yard\u0131mc\u0131s\u0131 ve Hatay Milletvekili Serkan Topal, Mersin M\u0131lletvekili Aytu\u011f At\u0131c\u0131, Yeni\u015fehir Belediye Ba\u015fkan\u0131 \u0130brahim Gen\u00e7, Mezitli Belediye Ba\u015fkan\u0131 Ne\u015fet Tarhan, ve \u00e7ok say\u0131da partili vatanda\u015f\u0131n yan\u0131 s\u0131ra pek \u00e7ok STK temsilcisi de kat\u0131ld\u0131.<\/span><\/p>\n<p><span style=\"font-size:16px;\">Oturma eylemini ge\u00e7ekle\u015ftiren vatanda\u015f, CHP \u00fcyeleri ve STK temsilcileri \u015fu \u015fekilde sloganlar attt\u0131.: \u201c \u2018Hak Hukuk Adalet\u2019, \u2018OHAL\u2019e Kar\u015f\u0131 Omuz Omuza\u2019, \u2018Direne Direne Kazanaca\u011f\u0131z\u2019, \u2018\u00c7ocuklar\u0131m\u0131za Onurlu Gelecek B\u0131rakaca\u011f\u0131z Ya Siz Ne B\u0131rakt\u0131n\u0131z\u2019 \u201d<\/span><\/p>\n<p>\u00a0<\/p>\n<p><span style=\"font-size:16px;\">CHP Genel Merkez\u2019den\u00a0 gelen oturma eylemi bildiri a\u00e7\u0131klamas\u0131n\u0131 ise Adil Aktay yapt\u0131.<\/span><\/p>\n<p><span style=\"font-size:16px;\">Oturma eyleminde konu\u015fmac\u0131 olarak Mersin Milletvekili Aytu\u011f At\u0131c\u0131 ve STK ba\u015fkanlar\u0131 da yer ald\u0131.<\/span><\/p>\n<p>\u00a0<\/p>\n<p><span style=\"font-size:16px;\">AKTAY: \u201cREJ\u0130M DE\u011e\u0130\u015e\u0130KL\u0130\u011e\u0130N\u0130 \u00dcLKEM\u0130ZE DAYATMI\u015eTIR\u201d<\/span><\/p>\n<p>\u00a0<\/p>\n<p><span style=\"font-size:16px;\">Oturma eylemi a\u00e7\u0131klamas\u0131n\u0131 ger\u00e7ekle\u015ftiren Adil Aktay, \u00fclkede tek adam rejimine d\u00f6n\u00fc\u015ft\u00fcrme amac\u0131yla haz\u0131rlanan ve tarihe m\u00fch\u00fcrs\u00fcz se\u00e7im olarak ge\u00e7en 16 Nisan referandumunun \u00fczerinden 1 y\u0131l ge\u00e7ti\u011fini kaydetti.<\/span><\/p>\n<\/p><\/div>\n<\/blockquote>\n<blockquote type=\"cite\">\n<div dir=\"ltr\">\n<p><span style=\"font-size:16px;\">Aktay: \u201c15 Temmuz&#8217;daki FET\u00d6 darbe giri\u015fiminin ard\u0131ndan 20 Temmuz&#8217;da ilan edilen OHAL alt\u0131nda gidilen referandum, me\u015fruiyeti olmayan bir rejim de\u011fi\u015fikli\u011fini \u00fclkemize dayatm\u0131\u015ft\u0131r. Sivil darbe ortam\u0131nda \u2018Evet\u2019 demenin devletin t\u00fcm kurumlar\u0131yla desteklendi\u011fi, \u2018Hay\u0131r\u2019 demenin ise adeta yasakland\u0131\u011f\u0131 bir d\u00f6nem ya\u015fanm\u0131\u015ft\u0131r.\u201d ifadelerini kulland\u0131.<\/span><\/p>\n<p>\u00a0<\/p>\n<p><span style=\"font-size:16px;\">AKTAY: \u201cBASKI ALTINA ALAN OTOR\u0130TER B\u0130R REJ\u0130ME D\u00d6N\u00dc\u015eM\u00dc\u015eT\u00dcR\u201d<\/span><\/p>\n<p>\u00a0<\/p>\n<p><span style=\"font-size:16px;\">Halk\u0131n iradesinin gasp edildi\u011fini belirten Aktay: \u201c\u0130lan edili\u015findeki amac\u0131ndan uzakla\u015farak demokrasi ve hukuk sistemine y\u00f6nelik bir sald\u0131r\u0131ya d\u00f6n\u00fc\u015fen OHAL rejimi; insan haklar\u0131n\u0131, ifade \u00f6zg\u00fcrl\u00fc\u011f\u00fcn\u00fc ve her t\u00fcrl\u00fc protesto eylemini bask\u0131laman\u0131n da arac\u0131 olmu\u015ftur. KHK\u2019lar eliyle parlamento, yani halk\u0131n iradesi gasp edilmi\u015ftir. T\u00fcrkiye&#8217;yi tek tipe sokmak i\u00e7in sendikalar, meslek oda ve birlikleri ile sivil toplum kurulu\u015flar\u0131na y\u00f6nelik operasyonlar\u0131n ard\u0131 arkas\u0131 kesilmemi\u015ftir. AKP iktidar\u0131n\u0131n muhaliflerine bir sopa olarak kulland\u0131\u011f\u0131 OHAL giderek bu fa\u015fizan s\u0131n\u0131rlar\u0131n\u0131 bile a\u015fm\u0131\u015f; sa\u011fc\u0131-solcu, muhafazak\u00e2r-sosyal demokrat, kimseyi ay\u0131rmadan t\u00fcm toplumu bask\u0131 alt\u0131na alan otoriter bir rejime d\u00f6n\u00fc\u015fm\u00fc\u015ft\u00fcr. OHAL ile \u00fclkemizde hi\u00e7 kimsenin can ve mal g\u00fcvenli\u011fi kalmam\u0131\u015ft\u0131r.\u201d \u015feklinde konu\u015ftu.<\/span><\/p>\n<p>\u00a0<\/p>\n<p><span style=\"font-size:16px;\">AKTAY: \u201cGEL\u0130NEN NOKTADA TAKIM ELB\u0130SEL\u0130 DARBEC\u0130LER HAL\u0130NE GELM\u0130\u015eT\u0130R\u201d<\/span><\/p>\n<p>\u00a0<\/p>\n<p><span style=\"font-size:16px;\">S\u00f6zlerine devam Aktay: \u201c\u0130lan ederken bir bu\u00e7uk ay bile s\u00fcrmeyecek dedikleri, milleti etkilemeyecek dedikleri OHAL barda\u011f\u0131 \u00e7oktan ta\u015f\u0131rm\u0131\u015ft\u0131r. Sab\u0131r testisi k\u0131r\u0131lm\u0131\u015f, toplumun b\u00fcy\u00fck \u00e7o\u011funlu\u011fu OHAL rejimine art\u0131k yeter demeye ba\u015flam\u0131\u015ft\u0131r. Bug\u00fcn iktidar partisinin ve yeni ortaklar\u0131n\u0131n T\u00fcrkiye&#8217;yi u\u00e7uruma ad\u0131m ad\u0131m yakla\u015ft\u0131ran OHAL&#8217;i bir kez daha uzatman\u0131n pe\u015findedir. Postall\u0131 darbelerle m\u00fccadele etme vaadiyle gelenler, gelinen noktada tak\u0131m elbiseli darbeciler haline gelmi\u015ftir.\u201d \u015feklinde konu\u015ftu.<\/span><\/p>\n<p>\u00a0<\/p>\n<p><span style=\"font-size:16px;\">AKTAY: \u201cSADECE BU MEYDANDAN DE\u011e\u0130L\u201d<\/span><\/p>\n<p>\u00a0<\/p>\n<p><span style=\"font-size:16px;\">Taleplerinin kesin oldu\u011funu dile getiren Aktay, halk\u0131n iradesine kar\u015f\u0131 i\u015flenen bir su\u00e7 haline gelen OHAL rejimine derhal son verilmeli oldu\u011funu belirtti. Hukukun ask\u0131ya al\u0131nd\u0131\u011f\u0131n\u0131, parlamentonun yok say\u0131ld\u0131\u011f\u0131n\u0131, milli iradenin tan\u0131nmad\u0131\u011f\u0131n\u0131, milletvekillerinin rehin al\u0131nd\u0131\u011f\u0131 fa\u015fizm d\u00fczeni ortadan kalkmal\u0131 gerekti\u011fini belirten Aktay: \u201cSendikalar, meslek odalar\u0131 ve birlikleri ile sivil toplum \u00f6rg\u00fctlerine y\u00f6nelik iktidar g\u00fcc\u00fc ile uygulanan sindirme politikalar\u0131 son bulmal\u0131d\u0131r. Sivil darbe ile tek koltukta birle\u015ftirilen yasama, y\u00fcr\u00fctme ve yarg\u0131 erkleri, yeniden, \u00e7a\u011fda\u015f demokrasilerde oldu\u011fu gibi kendi koltuklar\u0131na ge\u00e7melidir. Sadece bu meydandan de\u011fil. T\u00fcrkiye&#8217;nin 81 ilindeki meydanlardan Ankara&#8217;daki Sarayl\u0131lar\u0131 uyar\u0131yoruz. Bizler OHAL de\u011fil, demokrasi istiyoruz\u201d diye kaydetti.<\/span><\/p>\n<p>\u00a0<\/p>\n<p><span style=\"font-size:16px;\">KEMAL G\u00d6KSOY: \u201cUYGULAMAYA KAR\u015eI M\u00dcCADELE EDECE\u011e\u0130Z\u201d<\/span><\/p>\n<p>\u00a0<\/p>\n<p><span style=\"font-size:16px;\">\u00a0Konu\u015fmas\u0131n\u0131 ger\u00e7ekle\u015ftiren D\u0130SK\u2019e ba\u011fl\u0131 Genel \u0130\u015f Sendikas\u0131 Mersin \u015eube Ba\u015fkan\u0131 Kemal G\u00f6ksoy ise, \u201cOHAL ile en \u00e7ok emek\u00e7iler zarar g\u00f6r\u00fcyor\u201d \u015feklindeki s\u00f6zleriyle dikkat \u00e7ekerek, Mersin\u2019de belediyelerde bulunan bir\u00e7ok i\u015f\u00e7inin i\u015fsiz kald\u0131\u011f\u0131n\u0131 vurgulad\u0131.<\/span><\/p>\n<\/p><\/div>\n<\/blockquote>\n<blockquote type=\"cite\">\n<div dir=\"ltr\">\n<p><span style=\"font-size:16px;\">S\u00f6zlerine devam G\u00f6ksoy: \u201cKayyum atanan Akdeniz Belediyesi\u2019nde bulunan emek\u00e7i arkada\u015flar\u0131m\u0131z g\u00fcvenlik soru\u015fturmalar\u0131 ile i\u015fsiz b\u0131rak\u0131ld\u0131. Emek\u00e7i arkada\u015flar\u0131m\u0131z i\u015fsiz b\u0131rak\u0131larak ekmek ile terbiye edilmeye \u00e7al\u0131\u015f\u0131l\u0131yor. Biz emek \u00f6rg\u00fctleri olarak bu uygulamaya kar\u015f\u0131 m\u00fccadele edece\u011fiz\u201d ifadelerini kulland\u0131.<\/span><\/p>\n<p>\u00a0<\/p>\n<p><span style=\"font-size:16px;\">AYTU\u011e ATICI: \u201cALLAH\u2019A HESAP VERECEKLER\u201d<\/span><\/p>\n<p>\u00a0<\/p>\n<p><span style=\"font-size:16px;\">Oturma eyleminin son konu\u015fmac\u0131s\u0131 Aytu\u011f At\u0131c\u0131 ise \u015funlar\u0131 kaydetti: \u201cBiz devrimcilerin ruhunu Ali \u0130smail Korkmaz\u2019lar\u0131n ve Berkin Elvan\u2019lar\u0131n ruhunu ta\u015f\u0131yoruz. Denizlerin \u00e7elik iradesini ta\u015f\u0131yoruz. OHAL\u2019le dayanarak devleti bug\u00fcn y\u00f6netenler bu \u00fclkeye su\u00e7 i\u015fletiyorlar. Az kald\u0131 AKP h\u00fck\u00fcmetini y\u0131kaca\u011f\u0131z. OHAL demek AKP h\u00fck\u00fcmetinin acizli\u011fi demek. AKP\u2019nin hesap verece\u011fi g\u00fcnler uzak de\u011fil. AKP y\u0131kt\u0131ktan sonra \u00fc\u00e7 \u015feye hesap verecek; birincisi bu halka hesap verecek, ikincisi iktidar\u0131 devralan CHP iktidar\u0131na hesap verecek ve son olarak da Allah\u2019a hesap verecek\u201d<\/span><\/p>\n<\/p><\/div>\n<\/blockquote><\/div>\n<\/p><\/div>\n<\/p><\/div>\n<\/p><\/div>\n<\/p><\/div>\n<\/p><\/div>\n<\/p><\/div>\n<\/p><\/div>\n<\/p><\/div>\n<\/p><\/div>\n<\/p><\/div>\n<\/p><\/div>\n<\/p><\/div>\n<\/td>\n<\/tr>\n<\/tbody>\n<\/table>\n<div style=\"clear:both;\">\u00a0<\/div>\n<\/div>\n<\/div>\n<\/div>\n<\/div>\n<\/div>\n<\/div>\n<\/div>\n<\/div>\n<\/div>\n<\/div>\n<\/div>\n<\/div>\n<\/div>\n<\/div>\n<\/div>\n","protected":false},"excerpt":{"rendered":"<p>CHP\u2019nin 81 ilde \u2018OHAL De\u011fil Demokrasi \u0130stiyoruz\u2019 slogan\u0131yla d\u00fczenledi\u011fi eylem Mersin\u2019de de ger\u00e7ekle\u015fti. CHP bildirisini a\u00e7\u0131klayan Adil Aktay, OHAL ile kimsenin can ve mal g\u00fcvenli\u011finin kalmad\u0131\u011f\u0131n\u0131 aktard\u0131. CHP Genel Merkez\u2019den &hellip; <a href=\"https:\/\/akdenizolaygazetesi.com\/?p=1771\" class=\"more-link\">Devam\u0131n\u0131 Oku&#8230;<\/a><\/p>\n","protected":false},"author":1,"featured_media":0,"comment_status":"open","ping_status":"open","sticky":false,"template":"","format":"standard","meta":[],"categories":[],"tags":[],"_links":{"self":[{"href":"https:\/\/akdenizolaygazetesi.com\/index.php?rest_route=\/wp\/v2\/posts\/1771"}],"collection":[{"href":"https:\/\/akdenizolaygazetesi.com\/index.php?rest_route=\/wp\/v2\/posts"}],"about":[{"href":"https:\/\/akdenizolaygazetesi.com\/index.php?rest_route=\/wp\/v2\/types\/post"}],"author":[{"embeddable":true,"href":"https:\/\/akdenizolaygazetesi.com\/index.php?rest_route=\/wp\/v2\/users\/1"}],"replies":[{"embeddable":true,"href":"https:\/\/akdenizolaygazetesi.com\/index.php?rest_route=%2Fwp%2Fv2%2Fcomments&post=1771"}],"version-history":[{"count":0,"href":"https:\/\/akdenizolaygazetesi.com\/index.php?rest_route=\/wp\/v2\/posts\/1771\/revisions"}],"wp:attachment":[{"href":"https:\/\/akdenizolaygazetesi.com\/index.php?rest_route=%2Fwp%2Fv2%2Fmedia&parent=1771"}],"wp:term":[{"taxonomy":"category","embeddable":true,"href":"https:\/\/akdenizolaygazetesi.com\/index.php?rest_route=%2Fwp%2Fv2%2Fcategories&post=1771"},{"taxonomy":"post_tag","embeddable":true,"href":"https:\/\/akdenizolaygazetesi.com\/index.php?rest_route=%2Fwp%2Fv2%2Ftags&post=1771"}],"curies":[{"name":"wp","href":"https:\/\/api.w.org\/{rel}","templated":true}]}}