{"id":1772,"date":"2020-11-04T18:22:19","date_gmt":"2020-11-04T15:22:19","guid":{"rendered":"http:\/\/mersinekonomipolitikagazetesi.com\/?p=1772"},"modified":"2020-11-04T18:22:19","modified_gmt":"2020-11-04T15:22:19","slug":"bakan-elvan-2018-ocak-ayinda-net-ilave-istihdam-1-milyon-357-bin-oldu","status":"publish","type":"post","link":"https:\/\/akdenizolaygazetesi.com\/?p=1772","title":{"rendered":"Bakan Elvan: &#8220;2018 Ocak ay\u0131nda net ilave istihdam 1 milyon 357 bin oldu&#8221;"},"content":{"rendered":"<p>Kalk\u0131nma Bakan\u0131 L\u00fctfi Elvan, i\u015fsizlik rakamlar\u0131n\u0131 de\u011ferlendirerek, &#8220;\u0130\u015fsizlik oran\u0131 bir \u00f6nceki y\u0131l\u0131n ayn\u0131 d\u00f6nemine g\u00f6re 2,2 puan azalm\u0131\u015ft\u0131r. 2017 y\u0131l\u0131n\u0131n ikinci yar\u0131s\u0131ndan itibaren \u00f6nceki y\u0131l\u0131n ayn\u0131 d\u00f6nemlerine g\u00f6re sa\u011flanan 1 milyonun \u00fczerinde net istihdam art\u0131\u015flar\u0131 2018 y\u0131l\u0131nda da devam etmi\u015ftir. Ocak 2018 d\u00f6neminde net ilave istihdam 1 milyon 357 bin ki\u015fi olmu\u015ftur&#8221; dedi.<\/p>\n<p><span style=\"font-size:16px;\"><span style=\"font-family: sans-serif; line-height: 20px; text-align: justify; background-color: rgb(242, 244, 245);\">Bakan Elvan, yaz\u0131l\u0131 a\u00e7\u0131klama yaparak i\u015fsizlik rakamlar\u0131n\u0131 de\u011ferlendirdi. T\u00fcrkiye \u0130statistik Kurumu\u2019nun i\u015f g\u00fcc\u00fc istatistiklerine g\u00f6re i\u015fsizlik oran\u0131n\u0131n bir \u00f6nceki y\u0131l\u0131n ayn\u0131 d\u00f6nemine g\u00f6re 2,2 puan azald\u0131\u011f\u0131n\u0131 kaydeden Elvan, oran\u0131n y\u00fczde 10,8 olarak ger\u00e7ekle\u015fti\u011fini vurgulad\u0131. Mevsimsel d\u00fczeltilmi\u015f verilere g\u00f6re i\u015fsizlik oran\u0131n\u0131n son 2 ayd\u0131r tek hanede oldu\u011funu ve y\u00fczde 9,9&#8217;luk seviyeyi korudu\u011funun alt\u0131n\u0131 \u00e7izen Elvan, &#8220;2017 y\u0131l\u0131n\u0131n ikinci yar\u0131s\u0131ndan itibaren \u00f6nceki y\u0131l\u0131n ayn\u0131 d\u00f6nemlerine g\u00f6re sa\u011flanan 1 milyonun \u00fczerinde net istihdam art\u0131\u015flar\u0131 2018 y\u0131l\u0131nda da devam etmi\u015ftir. Ocak 2018 d\u00f6neminde net ilave istihdam 1 milyon 357 bin ki\u015fi olmu\u015ftur. Uygulamaya koydu\u011fumuz istihdam te\u015fviklerinin etkisiyle 2018 y\u0131l\u0131nda da ekonomimizin istihdam olu\u015fturma kapasitesinin g\u00fc\u00e7l\u00fc bir \u015fekilde devam etmesini bekliyoruz. \u0130\u015f g\u00fcc\u00fcne kat\u0131l\u0131m oranlar\u0131ndaki art\u0131\u015flar 2018 y\u0131l\u0131nda da devam etmektedir. Bir \u00f6nceki y\u0131l\u0131n ayn\u0131 d\u00f6nemine g\u00f6re i\u015fg\u00fcc\u00fcne kat\u0131l\u0131m oran\u0131 0,6 puan artarak y\u00fczde 52,1\u2019e y\u00fckselmi\u015ftir. \u00d6zellikle kad\u0131nlar\u0131n i\u015f g\u00fcc\u00fcne kat\u0131l\u0131m oran\u0131ndaki art\u0131\u015f h\u0131zl\u0131 bir \u015fekilde s\u00fcrmektedir. Son d\u00f6nemlerde g\u00f6zlenen y\u00fcksek i\u015f g\u00fcc\u00fcne kat\u0131l\u0131m oranlar\u0131 ve daha y\u00fcksek oranda ilave istihdam\u0131n sa\u011flanmas\u0131 ekonomideki canl\u0131l\u0131\u011f\u0131n, istihdam olu\u015fturma kapasitesinin ve beklentilerin olumlu y\u00f6nde devam etti\u011fini g\u00f6stermektedir&#8221; ifadelerini kulland\u0131.\u00a0<\/span><br style=\"box-sizing: border-box; font-family: sans-serif; font-size: 14px; line-height: 20px; text-align: justify; background-color: rgb(242, 244, 245);\" \/><br \/>\n<span style=\"font-family: sans-serif; line-height: 20px; text-align: justify; background-color: rgb(242, 244, 245);\">Gen\u00e7 i\u015fsizlik oran\u0131ndaki gerilemenin 2018 y\u0131l\u0131nda da s\u00fcrd\u00fc\u011f\u00fcne vurgu yapan Elvan, &#8220;Nitekim, gen\u00e7 i\u015fsizlik Ocak 2018 d\u00f6neminde ge\u00e7en y\u0131l\u0131n ayn\u0131 d\u00f6nemine g\u00f6re 4,6 puan gerilemi\u015ftir. \u0130stihdam\u0131m\u0131z\u0131n sadece nicelik olarak de\u011fil kapsay\u0131c\u0131l\u0131k y\u00f6n\u00fc de iyile\u015fmeye devam etmektedir. Bu ba\u011flamda gen\u00e7 n\u00fcfusumuzun i\u015f g\u00fcc\u00fcne kat\u0131lma oran\u0131 y\u00fckselirken, ekonomimizin gen\u00e7lerimizi istihdam etme kapasitesi de artmaktad\u0131r. 2017 y\u0131l\u0131n\u0131n ikinci yar\u0131s\u0131ndan itibaren sanayi istihdam\u0131nda g\u00f6zlenen pozitif katk\u0131 2018 y\u0131l\u0131nda da devam etmektedir. Bu geli\u015fmeler, b\u00fcy\u00fcmenin kompozisyonuna dair de olumlu i\u015faretler vermektedir. Sanayi sekt\u00f6r\u00fcnde istihdam bir \u00f6nceki y\u0131l\u0131n ayn\u0131 d\u00f6nemine g\u00f6re 293 bin ki\u015fi artarken, hizmetler sekt\u00f6r\u00fcndeki art\u0131\u015flar da s\u00fcrmektedir. Hizmetler sekt\u00f6r\u00fc istihdam\u0131nda 992 bin ki\u015filik art\u0131\u015f kaydedilmi\u015ftir. Tar\u0131m istihdam\u0131 da bu d\u00f6nemde toplam istihdama pozitif katk\u0131 sa\u011flam\u0131\u015ft\u0131r&#8221; \u015feklinde konu\u015ftu.\u00a0<\/span><br style=\"box-sizing: border-box; font-family: sans-serif; font-size: 14px; line-height: 20px; text-align: justify; background-color: rgb(242, 244, 245);\" \/><br \/>\n<span style=\"font-family: sans-serif; line-height: 20px; text-align: justify; background-color: rgb(242, 244, 245);\">\u0130stihdam verilerinin yan\u0131 s\u0131ra sanayi \u00fcretiminde de y\u00fckseli\u015fin s\u00fcrd\u00fc\u011f\u00fcn\u00fc belirten Elvan, a\u00e7\u0131klamas\u0131n\u0131 \u015f\u00f6yle s\u00fcrd\u00fcrd\u00fc;\u00a0<\/span><br style=\"box-sizing: border-box; font-family: sans-serif; font-size: 14px; line-height: 20px; text-align: justify; background-color: rgb(242, 244, 245);\" \/><br \/>\n<span style=\"font-family: sans-serif; line-height: 20px; text-align: justify; background-color: rgb(242, 244, 245);\">&#8220;Sanayi \u00fcretimi \u015eubat ay\u0131nda y\u00fczde 9,9 oran\u0131nda artm\u0131\u015ft\u0131r. Dolay\u0131s\u0131yla y\u0131l\u0131n ilk iki ay\u0131nda sanayi \u00fcretimi art\u0131\u015f\u0131 ortalamas\u0131 yakla\u015f\u0131k y\u00fczde 11\u2019i bulmu\u015ftur. Bu oran ge\u00e7en y\u0131l\u0131n ayn\u0131 d\u00f6nemindeki oran\u0131n yakla\u015f\u0131k 3 kat\u0131d\u0131r. \u015eubat ay\u0131nda imalat sanayinde \u00fcretim y\u00fczde 10,4 oran\u0131nda artm\u0131\u015ft\u0131r. Alt sekt\u00f6rlere bak\u0131ld\u0131\u011f\u0131nda; makine ve ekipman kurulumu y\u00fczde 16,7, ana metal sanayi y\u00fczde 15, kimyasal ve kimyasal \u00fcr\u00fcnlerin imalat\u0131 14,6, bilgisayar-elektronik ve optik \u00fcr\u00fcnlerin imalat\u0131 y\u00fczde 13,2, giyim e\u015fyalar\u0131 imalat\u0131 y\u00fczde 11,8, g\u0131da \u00fcr\u00fcnleri imalat\u0131 y\u00fczde 11,4 art\u0131\u015f ile sanayi \u00fcretimini s\u00fcr\u00fckleyen sekt\u00f6rler olmu\u015ftur. Ayr\u0131ca sanayi \u00fcretiminin kompozisyonuna bakt\u0131\u011f\u0131m\u0131zda t\u00fcketim mal\u0131, ara mal\u0131 ve sermaye mal\u0131 i\u00e7inde en y\u00fcksek art\u0131\u015f y\u00fczde 12,3 ile sermaye mal\u0131 \u00fcretiminde ger\u00e7ekle\u015fmi\u015ftir. Bu da \u00f6n\u00fcm\u00fczdeki d\u00f6nemde yat\u0131r\u0131mlarda ger\u00e7ekle\u015fmesi beklenen art\u0131\u015f\u0131n \u00f6nemli bir g\u00f6stergesidir. \u015eubat ay\u0131 sanayi \u00fcretimindeki art\u0131\u015f, kapasite kullan\u0131m oranlar\u0131, ihracat ve sat\u0131n alma y\u00f6neticileri endeksi ilk \u00e7eyrek b\u00fcy\u00fcmesi i\u00e7in canl\u0131 bir reel ekonomik aktiviteyi ortaya koymaktad\u0131r. Bu durum 2017 y\u0131l\u0131ndaki g\u00fc\u00e7l\u00fc b\u00fcy\u00fcmemizin sa\u011fl\u0131kl\u0131 bir \u015fekilde devam etti\u011fini g\u00f6stermektedir. Ekonomimiz, b\u00f6lgedeki ve d\u00fcnyadaki jeopolitik risklere ve d\u0131\u015f kaynakl\u0131 alg\u0131 operasyonlar\u0131na ra\u011fmen emin ad\u0131mlarla yoluna devam etmekte, g\u00fcc\u00fcn\u00fc ve sa\u011flaml\u0131\u011f\u0131n\u0131 korumaktad\u0131r.&#8221;\u00a0<\/span><\/span><\/p>\n","protected":false},"excerpt":{"rendered":"<p>Kalk\u0131nma Bakan\u0131 L\u00fctfi Elvan, i\u015fsizlik rakamlar\u0131n\u0131 de\u011ferlendirerek, &#8220;\u0130\u015fsizlik oran\u0131 bir \u00f6nceki y\u0131l\u0131n ayn\u0131 d\u00f6nemine g\u00f6re 2,2 puan azalm\u0131\u015ft\u0131r. 2017 y\u0131l\u0131n\u0131n ikinci yar\u0131s\u0131ndan itibaren \u00f6nceki y\u0131l\u0131n ayn\u0131 d\u00f6nemlerine g\u00f6re sa\u011flanan 1 &hellip; <a href=\"https:\/\/akdenizolaygazetesi.com\/?p=1772\" class=\"more-link\">Devam\u0131n\u0131 Oku&#8230;<\/a><\/p>\n","protected":false},"author":1,"featured_media":0,"comment_status":"open","ping_status":"open","sticky":false,"template":"","format":"standard","meta":[],"categories":[],"tags":[],"_links":{"self":[{"href":"https:\/\/akdenizolaygazetesi.com\/index.php?rest_route=\/wp\/v2\/posts\/1772"}],"collection":[{"href":"https:\/\/akdenizolaygazetesi.com\/index.php?rest_route=\/wp\/v2\/posts"}],"about":[{"href":"https:\/\/akdenizolaygazetesi.com\/index.php?rest_route=\/wp\/v2\/types\/post"}],"author":[{"embeddable":true,"href":"https:\/\/akdenizolaygazetesi.com\/index.php?rest_route=\/wp\/v2\/users\/1"}],"replies":[{"embeddable":true,"href":"https:\/\/akdenizolaygazetesi.com\/index.php?rest_route=%2Fwp%2Fv2%2Fcomments&post=1772"}],"version-history":[{"count":0,"href":"https:\/\/akdenizolaygazetesi.com\/index.php?rest_route=\/wp\/v2\/posts\/1772\/revisions"}],"wp:attachment":[{"href":"https:\/\/akdenizolaygazetesi.com\/index.php?rest_route=%2Fwp%2Fv2%2Fmedia&parent=1772"}],"wp:term":[{"taxonomy":"category","embeddable":true,"href":"https:\/\/akdenizolaygazetesi.com\/index.php?rest_route=%2Fwp%2Fv2%2Fcategories&post=1772"},{"taxonomy":"post_tag","embeddable":true,"href":"https:\/\/akdenizolaygazetesi.com\/index.php?rest_route=%2Fwp%2Fv2%2Ftags&post=1772"}],"curies":[{"name":"wp","href":"https:\/\/api.w.org\/{rel}","templated":true}]}}