{"id":1774,"date":"2020-11-04T18:22:19","date_gmt":"2020-11-04T15:22:19","guid":{"rendered":"http:\/\/mersinekonomipolitikagazetesi.com\/?p=1774"},"modified":"2020-11-04T18:22:19","modified_gmt":"2020-11-04T15:22:19","slug":"uluslararasi-erdemli-sempozyumu","status":"publish","type":"post","link":"https:\/\/akdenizolaygazetesi.com\/?p=1774","title":{"rendered":"Uluslararas\u0131 Erdemli Sempozyumu"},"content":{"rendered":"<p>Mersin&#8217;de Erdemli Belediyesi ve Mersin \u00dcniversitesi i\u015fbirli\u011finde 19-21 Nisan tarihlerinde ger\u00e7ekle\u015ftirilecek Uluslararas\u0131 Erdemli Sempozyumu&#8217;nun tan\u0131t\u0131m toplant\u0131s\u0131 yap\u0131ld\u0131.<\/p>\n<p><span style=\"font-size:16px;\"><span style=\"font-family: sans-serif; line-height: 20px; text-align: justify; background-color: rgb(242, 244, 245);\">Toplant\u0131da konu\u015fan Erdemli Belediye Ba\u015fkan\u0131 M\u00fckerrem Tollu, daha \u00f6nce \u00e7al\u0131\u015ftay olarak ger\u00e7ekle\u015ftirilen program\u0131n sempozyuma d\u00f6n\u00fc\u015ft\u00fcr\u00fcld\u00fc\u011f\u00fcn\u00fc belirterek, &#8220;B\u00f6ylelikle Erdemli Akademisini uluslararas\u0131 platforma ta\u015f\u0131m\u0131\u015f oluyoruz. Erdemli Belediyesi olarak i\u00e7erisinde &#8216;Erdemli&#8217; ge\u00e7en her \u00e7al\u0131\u015fman\u0131n yan\u0131nda ve destek\u00e7isiyiz. Adet yerini bulsun ya da bu i\u015fte \u015fov yapal\u0131m d\u00fc\u015f\u00fcncesinde de de\u011filiz. \u00c7ok \u015f\u00fck\u00fcr ki el att\u0131\u011f\u0131m\u0131z her i\u015fte ba\u015far\u0131l\u0131 olduk ve ba\u015far\u0131l\u0131 almak durumunday\u0131z. Bu etkinliklerin \u00e7ok faydal\u0131 olaca\u011f\u0131 kanaatindeyiz&#8221; dedi.\u00a0<\/span><br style=\"box-sizing: border-box; font-family: sans-serif; font-size: 14px; line-height: 20px; text-align: justify; background-color: rgb(242, 244, 245);\" \/><br \/>\n<span style=\"font-family: sans-serif; line-height: 20px; text-align: justify; background-color: rgb(242, 244, 245);\">Sempozyumun i\u00e7eri\u011fi hakk\u0131nda bilgi veren Prof. Dr. Murat Yakar da, &#8220;Sempozyumumuz 19-21 Nisan 2018 tarihinde Erdemli k\u00fclt\u00fcr Merkezi&#8217;nde a\u00e7\u0131l\u0131\u015f konu\u015fmalar\u0131 ile ba\u015flayacak ve Mersin \u00dcniversitesi Erdemli Uygulamal\u0131 Teknoloji ve \u0130\u015fletmecilik Y\u00fcksekokulu&#8217;nda e\u015f zamanl\u0131 bilimsel oturumlar ile devam edecektir. 350 akademisyenin s\u00f6zl\u00fc sunum yapaca\u011f\u0131 sempozyumda planlama, kentle\u015fme ve in\u015faat, afetler, risk y\u00f6netimi, tar\u0131m ve hayvanc\u0131l\u0131k, e\u011fitim, kentsel d\u00f6n\u00fc\u015f\u00fcm, sanayi ve enerji, sa\u011fl\u0131k, \u00e7evre ve turizm ile bir \u00e7ok konu ele al\u0131nacak&#8221; diye konu\u015ftu.\u00a0<\/span><br style=\"box-sizing: border-box; font-family: sans-serif; font-size: 14px; line-height: 20px; text-align: justify; background-color: rgb(242, 244, 245);\" \/><br \/>\n<span style=\"font-family: sans-serif; line-height: 20px; text-align: justify; background-color: rgb(242, 244, 245);\">Yakar konu\u015fmas\u0131n\u0131 \u015f\u00f6yle s\u00fcrd\u00fcrd\u00fc: &#8220;Erdemli, Mersin ilinin 6.b\u00fcy\u00fck il\u00e7esi olup, b\u00fcy\u00fck ve derin tarihi, zengin k\u00fclt\u00fcrel birikimi, e\u015fsiz do\u011fal g\u00fczellikleri, yaylalar\u0131, \u00f6ren yerleri ve \u00f6nemli tar\u0131msal olanaklar\u0131 ile \u00f6n plana \u00e7\u0131kmaktad\u0131r. Geli\u015fimini ve b\u00fcy\u00fcmesini s\u00fcrd\u00fcren il\u00e7enin, bug\u00fcn\u00fc ve gelece\u011fi \u00fczerinde d\u00fc\u015f\u00fcnce \u00fcretilmesi ve de\u011ferlendirilmesi gereken bir\u00e7ok konunun oldu\u011fu d\u00fc\u015f\u00fcn\u00fclmektedir. Bu ama\u00e7la, alan\u0131nda uzman akademisyenlerin Erdemli ile ilgili g\u00f6r\u00fc\u015flerinin tart\u0131\u015f\u0131laca\u011f\u0131 ve kamuoyu yarar\u0131n\u0131 g\u00f6zeten proje \u00f6nerilerinin sunulaca\u011f\u0131na inand\u0131\u011f\u0131m\u0131z sempozyumumuz ayn\u0131 zamanda gelecekte kurulabilecek bilim ve sanayi i\u015fbirliklerinin temellerinin at\u0131laca\u011f\u0131 bir platform olacakt\u0131r. Sempozyumumuzun kentimize ve il\u00e7emize faydal\u0131 olaca\u011f\u0131na inan\u0131yor, s\u00f6z konusu konulara ilgi duyan t\u00fcm kurum, kurulu\u015flar\u0131 ve ki\u015fileri davet ediyoruz.&#8221;\u00a0<\/span><br style=\"box-sizing: border-box; font-family: sans-serif; font-size: 14px; line-height: 20px; text-align: justify; background-color: rgb(242, 244, 245);\" \/><br \/>\n<span style=\"font-family: sans-serif; line-height: 20px; text-align: justify; background-color: rgb(242, 244, 245);\">Tan\u0131t\u0131m toplant\u0131s\u0131na akademisyenler ve bas\u0131n mensuplar\u0131 kat\u0131ld\u0131.\u00a0<\/span><\/span><\/p>\n","protected":false},"excerpt":{"rendered":"<p>Mersin&#8217;de Erdemli Belediyesi ve Mersin \u00dcniversitesi i\u015fbirli\u011finde 19-21 Nisan tarihlerinde ger\u00e7ekle\u015ftirilecek Uluslararas\u0131 Erdemli Sempozyumu&#8217;nun tan\u0131t\u0131m toplant\u0131s\u0131 yap\u0131ld\u0131. Toplant\u0131da konu\u015fan Erdemli Belediye Ba\u015fkan\u0131 M\u00fckerrem Tollu, daha \u00f6nce \u00e7al\u0131\u015ftay olarak ger\u00e7ekle\u015ftirilen program\u0131n &hellip; <a href=\"https:\/\/akdenizolaygazetesi.com\/?p=1774\" class=\"more-link\">Devam\u0131n\u0131 Oku&#8230;<\/a><\/p>\n","protected":false},"author":1,"featured_media":0,"comment_status":"open","ping_status":"open","sticky":false,"template":"","format":"standard","meta":[],"categories":[],"tags":[],"_links":{"self":[{"href":"https:\/\/akdenizolaygazetesi.com\/index.php?rest_route=\/wp\/v2\/posts\/1774"}],"collection":[{"href":"https:\/\/akdenizolaygazetesi.com\/index.php?rest_route=\/wp\/v2\/posts"}],"about":[{"href":"https:\/\/akdenizolaygazetesi.com\/index.php?rest_route=\/wp\/v2\/types\/post"}],"author":[{"embeddable":true,"href":"https:\/\/akdenizolaygazetesi.com\/index.php?rest_route=\/wp\/v2\/users\/1"}],"replies":[{"embeddable":true,"href":"https:\/\/akdenizolaygazetesi.com\/index.php?rest_route=%2Fwp%2Fv2%2Fcomments&post=1774"}],"version-history":[{"count":0,"href":"https:\/\/akdenizolaygazetesi.com\/index.php?rest_route=\/wp\/v2\/posts\/1774\/revisions"}],"wp:attachment":[{"href":"https:\/\/akdenizolaygazetesi.com\/index.php?rest_route=%2Fwp%2Fv2%2Fmedia&parent=1774"}],"wp:term":[{"taxonomy":"category","embeddable":true,"href":"https:\/\/akdenizolaygazetesi.com\/index.php?rest_route=%2Fwp%2Fv2%2Fcategories&post=1774"},{"taxonomy":"post_tag","embeddable":true,"href":"https:\/\/akdenizolaygazetesi.com\/index.php?rest_route=%2Fwp%2Fv2%2Ftags&post=1774"}],"curies":[{"name":"wp","href":"https:\/\/api.w.org\/{rel}","templated":true}]}}