{"id":17746,"date":"2022-04-05T12:07:34","date_gmt":"2022-04-05T09:07:34","guid":{"rendered":"http:\/\/akdenizolaygazetesi.com\/?p=17746"},"modified":"2022-04-05T12:07:34","modified_gmt":"2022-04-05T09:07:34","slug":"dunya-siir-gunu-anma-etkinliginde-siirler-seslendirildi","status":"publish","type":"post","link":"https:\/\/akdenizolaygazetesi.com\/?p=17746","title":{"rendered":"D\u00dcNYA \u015e\u0130\u0130R G\u00dcN\u00dc ANMA ETK\u0130NL\u0130\u011e\u0130&#8217;NDE \u015e\u0130\u0130RLER SESLEND\u0130R\u0130LD\u0130"},"content":{"rendered":"<p>Mersin B\u00fcy\u00fck\u015fehir Belediyesi \u0130nsan Kaynaklar\u0131 ve E\u011fitim Dairesi b\u00fcnyesinde 2017 y\u0131l\u0131nda kurulan \u015eiir Kul\u00fcb\u00fc, &#8220;D\u00fcnya \u015eiir G\u00fcn\u00fc Anma Etkinli\u011fi&#8221; d\u00fczenledi. Kongre ve Sergi Saray\u0131&#8217;nda d\u00fczenlenen etkinlikte 18 usta \u015fairin \u015fiirleri yorumland\u0131.<br \/>\nNaz\u0131m&#8217;dan Aragon&#8217;a \u015fiir dolu bir etkinlik<br \/>\nPersonelin etkinli\u011fini, performans\u0131n\u0131, verimlili\u011fini art\u0131rmak ve kurum k\u00fclt\u00fcr\u00fc ile bilincini olu\u015fturmak amac\u0131yla kurulan B\u00fcy\u00fck\u015fehir Belediyesi&#8217;nin \u015eiir Kul\u00fcb\u00fc, her y\u0131l iki farkl\u0131 etkinlik d\u00fczenliyor. \u015eiir Kul\u00fcb\u00fc, \u00dcmit Ya\u015far O\u011fuzcan&#8217;\u0131 Anma Etkinli\u011fi&#8217;nin yan\u0131 s\u0131ra D\u00fcnya \u015eiir G\u00fcn\u00fc&#8217;nde de etkinliklerini s\u00fcrd\u00fcr\u00fcyor. Bu sene Kongre ve Sergi Saray\u0131&#8217;nda d\u00fczenlenen etkinli\u011fe B\u00fcy\u00fck\u015fehir Belediyesi \u0130nsan Kaynaklar\u0131 ve E\u011fitim Dairesi Ba\u015fkan\u0131 Sinan Bayraktar, Yaz\u0131 \u0130\u015fleri ve Kararlar Dairesi Ba\u015fkan\u0131 Nihal Ko\u00e7o\u011flu, \u0130\u00e7el Sanat Kul\u00fcb\u00fc \u00fcyeleri ile \u00e7ok say\u0131da sanatsever kat\u0131ld\u0131. Etkinlik, \u015eair ve Yazar Baha Sad\u0131k Ak\u0131ner&#8217;in haz\u0131rlad\u0131\u011f\u0131 metinleri TRT&#8217;den emekli Spiker Hakan Erendor&#8217;un seslendirmesiyle ba\u015flad\u0131.<br \/>\nB\u00fcy\u00fck\u015fehir Belediyesi \u015eiir Kul\u00fcb\u00fc Ba\u015fkan\u0131 \u015eair ve Yorumcu Sonay Ar\u0131d\u0131c\u0131&#8217;n\u0131n \u00f6nc\u00fcl\u00fc\u011f\u00fcnde d\u00fczenlenen etkinlikte \u015fairler Ruhsar U\u00e7ar, Ali Yedig\u00f6z, Mustafa Do\u011fan, Erdal Dalg\u0131\u00e7, Jana Med \u0130nan\u00e7, Melike Sibel, Nuray \u00d6nge\u00e7, Yahya Vurucu yer al\u0131rken; yorumcular Nehide Tuna, Sultan Ko\u00e7, \u00d6zlem To\u00e7 Uysal, Sait Mercan, Ali Diyaro\u011flu, Dilek Y\u00f6r\u00fck, \u0130brahim Can ve G\u00fcls\u00fcm \u0130zol da usta \u015fairlerden \u015fiirler seslendirdi.<br \/>\nB\u00fcy\u00fck\u015fehir Belediye Konservatuar\u0131&#8217;ndan sanat\u00e7\u0131lar G\u00fcney \u00d6zdemir, Erdal Ko\u015far, Ufuk B\u00f6lek, Abidin Arslan, Salih Pamuktan ve \u0130brahim Daylan ise enstr\u00fcmanlar\u0131yla etkinlikte yer ald\u0131. Etkinlikte Atila \u0130lhan, Didem Madak, Sabahattin Ali, Cemal Safi, Orhan Veli Kan\u0131k, Louis Aragon, Can Y\u00fccel, Naz\u0131m Hikmet ve G\u00fclten Ak\u0131n gibi 18 usta ismin \u015fiirleri yorumland\u0131.<\/p>\n","protected":false},"excerpt":{"rendered":"<p>Mersin B\u00fcy\u00fck\u015fehir Belediyesi \u0130nsan Kaynaklar\u0131 ve E\u011fitim Dairesi b\u00fcnyesinde 2017 y\u0131l\u0131nda kurulan \u015eiir Kul\u00fcb\u00fc, &#8220;D\u00fcnya \u015eiir G\u00fcn\u00fc Anma Etkinli\u011fi&#8221; d\u00fczenledi. Kongre ve Sergi Saray\u0131&#8217;nda d\u00fczenlenen etkinlikte 18 usta \u015fairin \u015fiirleri &hellip; <a href=\"https:\/\/akdenizolaygazetesi.com\/?p=17746\" class=\"more-link\">Devam\u0131n\u0131 Oku&#8230;<\/a><\/p>\n","protected":false},"author":2,"featured_media":17747,"comment_status":"open","ping_status":"open","sticky":false,"template":"","format":"standard","meta":[],"categories":[34,2,3],"tags":[],"_links":{"self":[{"href":"https:\/\/akdenizolaygazetesi.com\/index.php?rest_route=\/wp\/v2\/posts\/17746"}],"collection":[{"href":"https:\/\/akdenizolaygazetesi.com\/index.php?rest_route=\/wp\/v2\/posts"}],"about":[{"href":"https:\/\/akdenizolaygazetesi.com\/index.php?rest_route=\/wp\/v2\/types\/post"}],"author":[{"embeddable":true,"href":"https:\/\/akdenizolaygazetesi.com\/index.php?rest_route=\/wp\/v2\/users\/2"}],"replies":[{"embeddable":true,"href":"https:\/\/akdenizolaygazetesi.com\/index.php?rest_route=%2Fwp%2Fv2%2Fcomments&post=17746"}],"version-history":[{"count":1,"href":"https:\/\/akdenizolaygazetesi.com\/index.php?rest_route=\/wp\/v2\/posts\/17746\/revisions"}],"predecessor-version":[{"id":17748,"href":"https:\/\/akdenizolaygazetesi.com\/index.php?rest_route=\/wp\/v2\/posts\/17746\/revisions\/17748"}],"wp:featuredmedia":[{"embeddable":true,"href":"https:\/\/akdenizolaygazetesi.com\/index.php?rest_route=\/wp\/v2\/media\/17747"}],"wp:attachment":[{"href":"https:\/\/akdenizolaygazetesi.com\/index.php?rest_route=%2Fwp%2Fv2%2Fmedia&parent=17746"}],"wp:term":[{"taxonomy":"category","embeddable":true,"href":"https:\/\/akdenizolaygazetesi.com\/index.php?rest_route=%2Fwp%2Fv2%2Fcategories&post=17746"},{"taxonomy":"post_tag","embeddable":true,"href":"https:\/\/akdenizolaygazetesi.com\/index.php?rest_route=%2Fwp%2Fv2%2Ftags&post=17746"}],"curies":[{"name":"wp","href":"https:\/\/api.w.org\/{rel}","templated":true}]}}