{"id":17752,"date":"2022-04-05T12:11:51","date_gmt":"2022-04-05T09:11:51","guid":{"rendered":"http:\/\/akdenizolaygazetesi.com\/?p=17752"},"modified":"2022-04-05T12:11:51","modified_gmt":"2022-04-05T09:11:51","slug":"sehidimizin-ismini-parka-veremedigim-icin-kahroluyorum","status":"publish","type":"post","link":"https:\/\/akdenizolaygazetesi.com\/?p=17752","title":{"rendered":"\u201c\u015eehidimizin ismini parka veremedi\u011fim i\u00e7in kahroluyorum\u201d"},"content":{"rendered":"<p>Akdeniz Belediye Meclisi&#8217;nde; \u015eehit Eren B\u00fclb\u00fcl\u2019\u00fcn ad\u0131n\u0131n bir parka verilmesini i\u00e7eren \u00f6nerge, muhalefet Meclis \u00fcyelerinin oylar\u0131yla reddedildi. Akdeniz Belediye Ba\u015fkan\u0131 Mustafa G\u00fcltak; \u201c\u015eehidimizin ad\u0131n\u0131 bir parka vermedi\u011fimiz i\u00e7in kahroluyorum\u201d s\u00f6zleriyle ya\u015fananlara tepki g\u00f6sterdi. Buna ra\u011fmen Ba\u015fkan G\u00fcltak, park\u0131n uygun bir yerine, \u2018Eren B\u00fclb\u00fcl\u2019 ad\u0131n\u0131n yaz\u0131l\u0131 oldu\u011fu bir tabela as\u0131lmas\u0131 talimat\u0131n\u0131 verdi. <\/p>\n<p>Akdeniz Belediye Konferans Salonu\u2019nda, Ba\u015fkan Mustafa G\u00fcltak Ba\u015fkanl\u0131\u011f\u0131nda ger\u00e7ekle\u015ftirilen Nisan ay\u0131 ilk Meclis toplant\u0131s\u0131nda, Huzurkent Bah\u015fi\u015f Mahallesi Av\u015far Sokak\u2019ta yap\u0131m\u0131 tamamlanan isimsiz parka, mahalle halk\u0131 ve muhtarl\u0131\u011f\u0131n talebi \u00fczerine, \u201c\u0130yi ki Vars\u0131n Eren &#8211; Eren B\u00fclb\u00fcl Park\u0131\u201d isminin verilmesiyle ilgili \u00f6nerge de g\u00f6r\u00fc\u015f\u00fcld\u00fc. <\/p>\n<p>\u201c\u015eehidimizin ismini parka veremedi\u011fim i\u00e7in kahroluyorum\u201d<\/p>\n<p>Meclis \u00fcyesi Tufan Nenni\u2019nin verdi\u011fi \u00f6nergenin, ilgili komisyondan gelen \u2018reddi\u2019 \u00fczerine s\u00f6z alan Akdeniz Belediye Ba\u015fkan\u0131 Mustafa G\u00fcltak, \u00f6nergeye ret oyu veren Meclis \u00fcyelerine tepki g\u00f6sterdi. \u201c\u00dclkesinin \u00e7\u0131karlar\u0131 ve Milleti i\u00e7in \u015fehit olan bir gencimizin ad\u0131n\u0131 bir park\u0131m\u0131za, bir kez daha veremedi\u011fim i\u00e7in, belediye ba\u015fkan\u0131 olarak kahroluyorum\u201d diyen Ba\u015fkan G\u00fcltak; \u201c\u00c7anakkale \u015fehitleri olmasayd\u0131, bug\u00fcn T\u00fcrkiye Cumhuriyeti de yoktu. Bir \u015fehit isminin bir parka, caddeye, soka\u011fa, okula verilmesi kadar do\u011fal bir \u015fey yoktur. \u015eehitlerimizi unutturmad\u0131k, asla unutturmayaca\u011f\u0131z. Ne zorunuz var \u015fehitlerle? \u00c7ocuklar\u0131n\u0131za bunu anlatamazs\u0131n\u0131z. Yanl\u0131\u015f yap\u0131yorsunuz yanl\u0131\u015f\u201d s\u00f6zleriyle dile getirdi.<\/p>\n<p>\u201cSiyasi yol arkada\u015flar\u0131n\u0131z\u0131 ikna edemediniz\u201d<\/p>\n<p>Ba\u015fkan G\u00fcltak konu\u015fmalar\u0131n devam\u0131nda muhalefet s\u0131ralar\u0131na seslenerek; \u201cSiz, \u015fehit isminin bir parka verilmesi noktas\u0131nda, siyasi yol arkada\u015flar\u0131n\u0131z\u0131 ikna edemedi\u011finiz i\u00e7in \u2018hay\u0131r\u2019 demek zorunda kal\u0131yorsunuz. Olay bu kadar basittir. Niye bunu kabul etmiyorsunuz? Bunun travmas\u0131n\u0131 kendi i\u00e7inizde ya\u015f\u0131yorsunuz. \u00dcz\u00fcl\u00fcyorsunuz ama s\u00f6yleyemiyorsunuz. Bunu \u00e7ocuklar\u0131n\u0131za da anlatamazs\u0131n\u0131z. Siz, istedi\u011finiz kadar \u00e7ocuklar\u0131n\u0131za \u0130stiklal Mar\u015f\u0131 okutun veya bayrak sallat\u0131n. Siyasi yolda y\u00fcr\u00fcd\u00fc\u011f\u00fcn\u00fcz insanlar\u0131 ikna edemiyorsunuz. \u0130ki kere iki d\u00f6rt, bu kadar basit\u201d ifadelerini kulland\u0131. \u00d6nergenin reddini sert s\u00f6zlerle ele\u015ftiren Ba\u015fkan G\u00fcltak, Park ve Bah\u00e7eler M\u00fcd\u00fcrl\u00fc\u011f\u00fc yetkililerine talimat vererek, park\u0131n uygun bir yerine \u2018Eren B\u00fclb\u00fcl\u2019 ad\u0131n\u0131n yaz\u0131l\u0131 oldu\u011fu bir tabelan\u0131n en k\u0131sa s\u00fcrede as\u0131lmas\u0131n\u0131 istedi. <\/p>\n<p>\u00d6nerge reddedildi<\/p>\n<p>Meclis \u00fcyesi Tufan Nenni\u2019nin konuyla ilgili verdi\u011fi ve komisyonlardan oy \u00e7oklu\u011fu ile reddedilen \u00f6nerge, tart\u0131\u015fmalar\u0131n ard\u0131ndan Meclis oylamas\u0131na sunuldu. Komisyonlardan geldi\u011fi gibi oylanan g\u00fcndem maddesi, 17\u2019ye kar\u015f\u0131 20 oyla reddedildi. \u00d6te yandan, daha \u00f6nce de Huzurkent Bah\u015fi\u015f Mahallesi&#8217;nde bulunan bir parka, Diyarbak\u0131r&#8217;\u0131n Lice il\u00e7esine ba\u011fl\u0131 Dibek k\u00f6y\u00fc k\u0131rsal\u0131nda \u00e7\u0131kan \u00e7at\u0131\u015fmada \u015fehit d\u00fc\u015fen Ramazan Bah\u015fi\u015f&#8217;in ad\u0131n\u0131n verilmesi ile ilgili \u00f6nerge de muhalefet Meclis \u00fcyelerinin verdi\u011fi ret oyu sonucu oy\u00e7oklu\u011fu ile yine kabul edilmemi\u015fti. <\/p>\n","protected":false},"excerpt":{"rendered":"<p>Akdeniz Belediye Meclisi&#8217;nde; \u015eehit Eren B\u00fclb\u00fcl\u2019\u00fcn ad\u0131n\u0131n bir parka verilmesini i\u00e7eren \u00f6nerge, muhalefet Meclis \u00fcyelerinin oylar\u0131yla reddedildi. Akdeniz Belediye Ba\u015fkan\u0131 Mustafa G\u00fcltak; \u201c\u015eehidimizin ad\u0131n\u0131 bir parka vermedi\u011fimiz i\u00e7in kahroluyorum\u201d s\u00f6zleriyle &hellip; <a href=\"https:\/\/akdenizolaygazetesi.com\/?p=17752\" class=\"more-link\">Devam\u0131n\u0131 Oku&#8230;<\/a><\/p>\n","protected":false},"author":2,"featured_media":17753,"comment_status":"open","ping_status":"open","sticky":false,"template":"","format":"standard","meta":[],"categories":[34,2,3,5,6],"tags":[],"_links":{"self":[{"href":"https:\/\/akdenizolaygazetesi.com\/index.php?rest_route=\/wp\/v2\/posts\/17752"}],"collection":[{"href":"https:\/\/akdenizolaygazetesi.com\/index.php?rest_route=\/wp\/v2\/posts"}],"about":[{"href":"https:\/\/akdenizolaygazetesi.com\/index.php?rest_route=\/wp\/v2\/types\/post"}],"author":[{"embeddable":true,"href":"https:\/\/akdenizolaygazetesi.com\/index.php?rest_route=\/wp\/v2\/users\/2"}],"replies":[{"embeddable":true,"href":"https:\/\/akdenizolaygazetesi.com\/index.php?rest_route=%2Fwp%2Fv2%2Fcomments&post=17752"}],"version-history":[{"count":1,"href":"https:\/\/akdenizolaygazetesi.com\/index.php?rest_route=\/wp\/v2\/posts\/17752\/revisions"}],"predecessor-version":[{"id":17754,"href":"https:\/\/akdenizolaygazetesi.com\/index.php?rest_route=\/wp\/v2\/posts\/17752\/revisions\/17754"}],"wp:featuredmedia":[{"embeddable":true,"href":"https:\/\/akdenizolaygazetesi.com\/index.php?rest_route=\/wp\/v2\/media\/17753"}],"wp:attachment":[{"href":"https:\/\/akdenizolaygazetesi.com\/index.php?rest_route=%2Fwp%2Fv2%2Fmedia&parent=17752"}],"wp:term":[{"taxonomy":"category","embeddable":true,"href":"https:\/\/akdenizolaygazetesi.com\/index.php?rest_route=%2Fwp%2Fv2%2Fcategories&post=17752"},{"taxonomy":"post_tag","embeddable":true,"href":"https:\/\/akdenizolaygazetesi.com\/index.php?rest_route=%2Fwp%2Fv2%2Ftags&post=17752"}],"curies":[{"name":"wp","href":"https:\/\/api.w.org\/{rel}","templated":true}]}}