{"id":1776,"date":"2020-11-04T18:22:19","date_gmt":"2020-11-04T15:22:19","guid":{"rendered":"http:\/\/mersinekonomipolitikagazetesi.com\/?p=1776"},"modified":"2020-11-04T18:22:19","modified_gmt":"2020-11-04T15:22:19","slug":"dagda-5-saatlik-kurtarma-operasyonu","status":"publish","type":"post","link":"https:\/\/akdenizolaygazetesi.com\/?p=1776","title":{"rendered":"Da\u011fda 5 saatlik kurtarma operasyonu"},"content":{"rendered":"<p>Mersin&#8217;in merkez Toroslar il\u00e7esinde bir da\u011f\u0131n yamac\u0131nda mahsur kalan ki\u015fi, 5 saat s\u00fcren operasyonun ard\u0131ndan kurtar\u0131ld\u0131.<\/p>\n<p><span style=\"font-size:16px;\"><span style=\"font-family: sans-serif; line-height: 20px; text-align: justify; background-color: rgb(242, 244, 245);\">Arama Kurtarma Derne\u011fi&#8217;nden (AKUT) yap\u0131lan yaz\u0131l\u0131 a\u00e7\u0131klamaya g\u00f6re, Toroslar il\u00e7esine ba\u011fl\u0131 I\u015f\u0131ktepe k\u00f6y\u00fcn\u00fcn y\u00fcksek rak\u0131mlar\u0131nda y\u00fcr\u00fcy\u00fc\u015fe \u00e7\u0131kan bir ki\u015fi, da\u011f\u0131n yamac\u0131nda mahsur kald\u0131. Bunun \u00fczerine harekete ge\u00e7en jandarma, AKUT, AFAD ve UMKE ekipleri, b\u00f6lgede 5 saat s\u00fcren kurtarma operasyonu ger\u00e7ekle\u015ftirdi. Halatla u\u00e7uruma inen kurtarma personeli, vatanda\u015f\u0131 bulundu\u011fu yerden \u00e7\u0131kartarak, sa\u011fl\u0131k ekiplerine teslim etti.\u00a0<\/span><br style=\"box-sizing: border-box; font-family: sans-serif; font-size: 14px; line-height: 20px; text-align: justify; background-color: rgb(242, 244, 245);\" \/><br \/>\n<span style=\"font-family: sans-serif; line-height: 20px; text-align: justify; background-color: rgb(242, 244, 245);\">Kurtar\u0131lan vatanda\u015f\u0131n kontrol ama\u00e7l\u0131 hastaneye g\u00f6t\u00fcr\u00fcld\u00fc\u011f\u00fc, sa\u011fl\u0131k durumunun iyi oldu\u011fu \u00f6\u011frenildi.\u00a0<\/span><\/span><\/p>\n","protected":false},"excerpt":{"rendered":"<p>Mersin&#8217;in merkez Toroslar il\u00e7esinde bir da\u011f\u0131n yamac\u0131nda mahsur kalan ki\u015fi, 5 saat s\u00fcren operasyonun ard\u0131ndan kurtar\u0131ld\u0131. Arama Kurtarma Derne\u011fi&#8217;nden (AKUT) yap\u0131lan yaz\u0131l\u0131 a\u00e7\u0131klamaya g\u00f6re, Toroslar il\u00e7esine ba\u011fl\u0131 I\u015f\u0131ktepe k\u00f6y\u00fcn\u00fcn y\u00fcksek &hellip; <a href=\"https:\/\/akdenizolaygazetesi.com\/?p=1776\" class=\"more-link\">Devam\u0131n\u0131 Oku&#8230;<\/a><\/p>\n","protected":false},"author":1,"featured_media":0,"comment_status":"open","ping_status":"open","sticky":false,"template":"","format":"standard","meta":[],"categories":[],"tags":[],"_links":{"self":[{"href":"https:\/\/akdenizolaygazetesi.com\/index.php?rest_route=\/wp\/v2\/posts\/1776"}],"collection":[{"href":"https:\/\/akdenizolaygazetesi.com\/index.php?rest_route=\/wp\/v2\/posts"}],"about":[{"href":"https:\/\/akdenizolaygazetesi.com\/index.php?rest_route=\/wp\/v2\/types\/post"}],"author":[{"embeddable":true,"href":"https:\/\/akdenizolaygazetesi.com\/index.php?rest_route=\/wp\/v2\/users\/1"}],"replies":[{"embeddable":true,"href":"https:\/\/akdenizolaygazetesi.com\/index.php?rest_route=%2Fwp%2Fv2%2Fcomments&post=1776"}],"version-history":[{"count":0,"href":"https:\/\/akdenizolaygazetesi.com\/index.php?rest_route=\/wp\/v2\/posts\/1776\/revisions"}],"wp:attachment":[{"href":"https:\/\/akdenizolaygazetesi.com\/index.php?rest_route=%2Fwp%2Fv2%2Fmedia&parent=1776"}],"wp:term":[{"taxonomy":"category","embeddable":true,"href":"https:\/\/akdenizolaygazetesi.com\/index.php?rest_route=%2Fwp%2Fv2%2Fcategories&post=1776"},{"taxonomy":"post_tag","embeddable":true,"href":"https:\/\/akdenizolaygazetesi.com\/index.php?rest_route=%2Fwp%2Fv2%2Ftags&post=1776"}],"curies":[{"name":"wp","href":"https:\/\/api.w.org\/{rel}","templated":true}]}}