{"id":1777,"date":"2020-11-04T18:22:19","date_gmt":"2020-11-04T15:22:19","guid":{"rendered":"http:\/\/mersinekonomipolitikagazetesi.com\/?p=1777"},"modified":"2020-11-04T18:22:19","modified_gmt":"2020-11-04T15:22:19","slug":"filmmor-kadin-filmleri-mersinde-izleyicilerle-bulusuyor","status":"publish","type":"post","link":"https:\/\/akdenizolaygazetesi.com\/?p=1777","title":{"rendered":"F\u0130LMMOR KADIN F\u0130LMLER\u0130 MERS\u0130N\u2019DE \u0130ZLEY\u0130C\u0130LERLE BULU\u015eUYOR"},"content":{"rendered":"<p>Mersin Kad\u0131n Eme\u011fi Kolektifi ve  Yeni\u015fehir Belediyesi ortakl\u0131\u011f\u0131yla 20\u201322 Nisan 2018 tarihleri aras\u0131 16. Uluslararas\u0131 Gezici Filmmor Kad\u0131n Filmleri Festivali\u2019ni Mersin\u2019de izleyicilerle bulu\u015fturacak.<\/p>\n<blockquote type=\"cite\">\n<div dir=\"ltr\">\n<p><span style=\"font-size:16px;\">Mersin Kad\u0131n Eme\u011fi Kolektifi taraf\u0131ndan yap\u0131lan a\u00e7\u0131klamaya g\u00f6re dernek binas\u0131ndaki \u00e7al\u0131\u015fmalar\u0131 ve Mersin sokaklar\u0131nda ve alanlar\u0131ndaki ba\u011f\u0131ms\u0131z kad\u0131n m\u00fccadelesinin yan\u0131 s\u0131ra, paneller, konserler, tiyatro ve film g\u00f6sterimleri gibi etkinliklerle de kad\u0131nlar\u0131n sorunlar\u0131n\u0131 dile getirdi\u011fi belirtildi.<\/span><\/p>\n<p>\u00a0<\/p>\n<p><span style=\"font-size:16px;\">Mersin Kad\u0131n Kolektifi, Uluslararas\u0131 Gezici Filmmor Kad\u0131n Filmleri Festivali\u2019ni ilk 2014 y\u0131l\u0131nda Mersin\u2019de ger\u00e7ekle\u015ftirdiklerini ifade ederek: \u201cBu baharda ise 16.\u2019s\u0131 d\u00fczenlenen festivalin haz\u0131rl\u0131klar\u0131n\u0131 tamaml\u0131yoruz\u201d \u015feklinde belirtti.<\/span><\/p>\n<p>\u00a0<\/p>\n<p><span style=\"font-size:16px;\">16. Uluslararas\u0131 Gezici Filmmor Kad\u0131n Filmleri Festivali ilk olarak \u0130stanbul, Antalya, \u0130zmir, Trabzon ve Bodrum\u2019un ard\u0131ndan, Mersin Kad\u0131n Eme\u011fi Derne\u011fi olarak\u00a0\u00a0Yeni\u015fehir Belediyesi ortakl\u0131\u011f\u0131yla\u00a016 film, s\u00f6yle\u015filer ve Kad\u0131nlar Vard\u0131r forumu\u00a0ile 20-21-22 Nisan\u2019da Mersin Yeni\u015fehir Atat\u00fcrk K\u00fclt\u00fcr Merkezi\u2019nde ger\u00e7ekle\u015fecek.<\/span><\/p>\n<p>\u00a0<\/p>\n<p><span style=\"font-size:16px;\">16. Filmmor Kad\u0131n Filmleri Festivali\u2019nde izleyiciler \u201ckad\u0131n y\u00f6netmenlerin\u201d \u201ckad\u0131n filmlerinden\u201d \u00f6te, sinemaya ve hayata farkl\u0131 kadrajlar a\u00e7an kad\u0131nlar\u0131n, 21. y\u00fczy\u0131l\u0131n ustalar\u0131n\u0131n\u00a0\u201csinemayla dans\u0131n\u0131\u201d\u00a0\u00fccretsiz izleme olana\u011f\u0131 bulacaklar\u0131n\u0131 belirtilerek, T\u00fcrkiye ve d\u00fcnyadan 16 filmle birlikte s\u00f6yle\u015filer, at\u00f6lyeler, toplu g\u00f6sterimlerle dolu dolu bir program sunacak.<\/span><\/p>\n<p>\u00a0<\/p>\n<p><span style=\"font-size:16px;\">Mersin Kad\u0131n Eme\u011fi Kolektifi 16. Filmmor Kad\u0131n Filmleri Festivali\u2019nde\u00a0Filmmor Mersin program\u0131n\u0131 \u015f\u00f6yle a\u00e7\u0131klad\u0131:<\/span><\/p>\n<p>\u00a0<\/p>\n<p><span style=\"font-size:16px;\">20 Nisan Mersin Festivali\u2019nin ilk g\u00fcn\u00fcnde Kom\u015fu Kom\u015funun Filmine Muhta\u00e7 ile Kad\u0131nlar Vard\u0131r b\u00f6l\u00fcm\u00fcnden filmler var:<\/span><\/p>\n<p>\u00a0<\/p>\n<p><span style=\"font-size:16px;\">\ufffcYaz S\u0131ca\u011f\u0131nda Teori \/ Irene von Alberti<\/span><\/p>\n<p><span style=\"font-size:16px;\">Filistin\u2019i \u0130\u015flemek \/ Carol Mansour<\/span><\/p>\n<p><span style=\"font-size:16px;\">Annelik \/ Roqiye Tavakoli<\/span><\/p>\n<p><span style=\"font-size:16px;\">Evin Sakinleri \/ Monir Gheydi<\/span><\/p>\n<p>\u00a0<\/p>\n<p><span style=\"font-size:16px;\">21 Nisan 12.00\u2019da \u00c7ocuklara \u00d6zel Seans\u2019\u0131n ard\u0131ndan \u0130\u015fe Yarar Bir \u015eey, Yeter Art\u0131k Yeter ve Kayg\u0131 var:<\/span><\/p>\n<p>\u00a0<\/p>\n<p><span style=\"font-size:16px;\">Babam\u0131n \u00c7al\u0131ya D\u00f6nd\u00fc\u011f\u00fc G\u00fcn \/ Nicole Van Kilsdonk<\/span><\/p>\n<p><span style=\"font-size:16px;\">\ufffc\u0130\u015fe Yarar Bir \u015eey \/ Pelin Esmer<\/span><\/p>\n<p><span style=\"font-size:16px;\">Yeter Art\u0131k Yeter \/ Kaouther Ben Hania<\/span><\/p>\n<p><span style=\"font-size:16px;\">Kayg\u0131 \/ Ceylan \u00d6zg\u00fcn \u00d6z\u00e7elik<\/span><\/p>\n<p>\u00a0<\/p>\n<p><span style=\"font-size:16px;\">\u00a022 Nisan Festivalin Mersin\u2019deki son g\u00fcn\u00fcnde Kad\u0131nlar\u0131n Sinemas\u0131, Kad\u0131nlar Vard\u0131r ve Cinsiyetler b\u00f6l\u00fcm\u00fcnden filmler var:<\/span><\/p>\n<p>\u00a0<\/p>\n<p><span style=\"font-size:16px;\">16 Hafta \/ Carlota Coronado<\/span><\/p>\n<p><span style=\"font-size:16px;\">Apne \/ Nicola Stephanie Sangs<\/span><\/p>\n<p><span style=\"font-size:16px;\">Arin \/ Mizgin M\u00fcjde Arslan<\/span><\/p>\n<p><span style=\"font-size:16px;\">Homur Homur \/ Nergis Karada\u011f, Simay \u00c7al\u0131\u015fkan<\/span><\/p>\n<p><span style=\"font-size:16px;\">Kameral\u0131 Kad\u0131nlar \/ Neslihan Silig\u00fcr<\/span><\/p>\n<p><span style=\"font-size:16px;\">\u00d6l\u00e7ek \/ Emine Gezici \u00dcst\u00fcnda\u011f<\/span><\/p>\n<p><span style=\"font-size:16px;\">Mek\u00e2nlar ve Y\u00fczler \/ Agn\u00e8s Varda, Jr<\/span><\/p>\n<p><span style=\"font-size:16px;\">\u0130lahi D\u00fczen \/ Petra Volpe<\/span><\/p>\n<p>\u00a0<\/p>\n<p><span style=\"font-size:16px;\"><span style=\"font-family: sans-serif, Arial, Verdana, 'Trebuchet MS'; line-height: 1.6em;\">Ve\u00a0Forum:\u00a0Kad\u0131nlar Vard\u0131r<\/span><\/span><\/p>\n<p>\u00a0<\/p>\n<p><span style=\"font-size:16px;\">Canan\u2019\u0131n\u00a0Ay\u0131\u015f\u0131\u011f\u0131nda Y\u0131kanan Kad\u0131nlar\u00a0ve\u00a0Filmmor yap\u0131m\u0131\u00a0\u015eirin Tekeli ile \u201cFeminist bir Hareketlilik\u201d\u00a0videosunun g\u00f6sterimiyle ba\u015flayacak forumda, kad\u0131nlar 2017\u2019de kad\u0131nlar\u0131n var olma ve var etme deneyimlerini payla\u015facak.<\/span><\/p>\n<\/div>\n<\/blockquote>\n","protected":false},"excerpt":{"rendered":"<p>Mersin Kad\u0131n Eme\u011fi Kolektifi ve Yeni\u015fehir Belediyesi ortakl\u0131\u011f\u0131yla 20\u201322 Nisan 2018 tarihleri aras\u0131 16. Uluslararas\u0131 Gezici Filmmor Kad\u0131n Filmleri Festivali\u2019ni Mersin\u2019de izleyicilerle bulu\u015fturacak. Mersin Kad\u0131n Eme\u011fi Kolektifi taraf\u0131ndan yap\u0131lan a\u00e7\u0131klamaya &hellip; <a href=\"https:\/\/akdenizolaygazetesi.com\/?p=1777\" class=\"more-link\">Devam\u0131n\u0131 Oku&#8230;<\/a><\/p>\n","protected":false},"author":1,"featured_media":0,"comment_status":"open","ping_status":"open","sticky":false,"template":"","format":"standard","meta":[],"categories":[],"tags":[],"_links":{"self":[{"href":"https:\/\/akdenizolaygazetesi.com\/index.php?rest_route=\/wp\/v2\/posts\/1777"}],"collection":[{"href":"https:\/\/akdenizolaygazetesi.com\/index.php?rest_route=\/wp\/v2\/posts"}],"about":[{"href":"https:\/\/akdenizolaygazetesi.com\/index.php?rest_route=\/wp\/v2\/types\/post"}],"author":[{"embeddable":true,"href":"https:\/\/akdenizolaygazetesi.com\/index.php?rest_route=\/wp\/v2\/users\/1"}],"replies":[{"embeddable":true,"href":"https:\/\/akdenizolaygazetesi.com\/index.php?rest_route=%2Fwp%2Fv2%2Fcomments&post=1777"}],"version-history":[{"count":0,"href":"https:\/\/akdenizolaygazetesi.com\/index.php?rest_route=\/wp\/v2\/posts\/1777\/revisions"}],"wp:attachment":[{"href":"https:\/\/akdenizolaygazetesi.com\/index.php?rest_route=%2Fwp%2Fv2%2Fmedia&parent=1777"}],"wp:term":[{"taxonomy":"category","embeddable":true,"href":"https:\/\/akdenizolaygazetesi.com\/index.php?rest_route=%2Fwp%2Fv2%2Fcategories&post=1777"},{"taxonomy":"post_tag","embeddable":true,"href":"https:\/\/akdenizolaygazetesi.com\/index.php?rest_route=%2Fwp%2Fv2%2Ftags&post=1777"}],"curies":[{"name":"wp","href":"https:\/\/api.w.org\/{rel}","templated":true}]}}