{"id":1778,"date":"2020-11-04T18:22:19","date_gmt":"2020-11-04T15:22:19","guid":{"rendered":"http:\/\/mersinekonomipolitikagazetesi.com\/?p=1778"},"modified":"2020-11-04T18:22:19","modified_gmt":"2020-11-04T15:22:19","slug":"mersin-chp-a-adayi-serdar-erkana-odul","status":"publish","type":"post","link":"https:\/\/akdenizolaygazetesi.com\/?p=1778","title":{"rendered":"MERS\u0130N CHP A. ADAYI SERDAR ERKAN\u2019A \u00d6D\u00dcL"},"content":{"rendered":"<p>Mersin \u00dcniversite\u2019sinde Ulusal D\u00fczeyde Oda M\u00fczi\u011fi Yar\u0131\u015fmas\u0131 d\u00fczenlendi. Etkinlikte CHP Mersin B\u00fcy\u00fck\u015fehir Aday Aday\u0131 Makina M\u00fchendisi Serdar Erkan\u2019a da katk\u0131lar\u0131ndan dolay\u0131 \u00f6d\u00fcl takdim edildi.<\/p>\n<blockquote type=\"cite\">\n<blockquote type=\"cite\">\n<div dir=\"ltr\">\n<p><span style=\"font-size:16px;\">Mersin \u00dcniversitesi\u00a0 konservatuar\u0131, AKOB\u2019la birlikte Ulusal D\u00fczeyde Oda M\u00fczi\u011fi Yar\u0131\u015fmas\u0131 organizasyonunu ger\u00e7ekle\u015ftirdi.<\/span><\/p>\n<p><span style=\"font-size:16px;\">Ger\u00e7ekle\u015fen organizasyonun \u00f6d\u00fcl t\u00f6renine devlet sanat\u00e7\u0131s\u0131 Suna Kan da kat\u0131larak t\u00f6rene destek verdi.<\/span><\/p>\n<p><span style=\"font-size:16px;\">CHP Mersin B\u00fcy\u00fck\u015fehir Belediye Ba\u015fkan Aday Aday\u0131 Serdar Erkan, AKOB 3. Ulusal Ulusal D\u00fczeyde Oda M\u00fczi\u011fi Yar\u0131\u015fmas\u0131\u2019na katk\u0131lar\u0131ndan dolay\u0131 plaket ald\u0131.<\/span><\/p>\n<p><span style=\"font-size:16px;\">\u00d6d\u00fcl t\u00f6reni sonunda plaket alan CHP Aday Aday\u0131 Serdar Erkan mutlulu\u011funu dile getirerek te\u015fekk\u00fcrlerini sundu.<\/span><\/p>\n<\/div>\n<\/blockquote>\n<\/blockquote>\n","protected":false},"excerpt":{"rendered":"<p>Mersin \u00dcniversite\u2019sinde Ulusal D\u00fczeyde Oda M\u00fczi\u011fi Yar\u0131\u015fmas\u0131 d\u00fczenlendi. Etkinlikte CHP Mersin B\u00fcy\u00fck\u015fehir Aday Aday\u0131 Makina M\u00fchendisi Serdar Erkan\u2019a da katk\u0131lar\u0131ndan dolay\u0131 \u00f6d\u00fcl takdim edildi. Mersin \u00dcniversitesi\u00a0 konservatuar\u0131, AKOB\u2019la birlikte Ulusal &hellip; <a href=\"https:\/\/akdenizolaygazetesi.com\/?p=1778\" class=\"more-link\">Devam\u0131n\u0131 Oku&#8230;<\/a><\/p>\n","protected":false},"author":1,"featured_media":0,"comment_status":"open","ping_status":"open","sticky":false,"template":"","format":"standard","meta":[],"categories":[],"tags":[],"_links":{"self":[{"href":"https:\/\/akdenizolaygazetesi.com\/index.php?rest_route=\/wp\/v2\/posts\/1778"}],"collection":[{"href":"https:\/\/akdenizolaygazetesi.com\/index.php?rest_route=\/wp\/v2\/posts"}],"about":[{"href":"https:\/\/akdenizolaygazetesi.com\/index.php?rest_route=\/wp\/v2\/types\/post"}],"author":[{"embeddable":true,"href":"https:\/\/akdenizolaygazetesi.com\/index.php?rest_route=\/wp\/v2\/users\/1"}],"replies":[{"embeddable":true,"href":"https:\/\/akdenizolaygazetesi.com\/index.php?rest_route=%2Fwp%2Fv2%2Fcomments&post=1778"}],"version-history":[{"count":0,"href":"https:\/\/akdenizolaygazetesi.com\/index.php?rest_route=\/wp\/v2\/posts\/1778\/revisions"}],"wp:attachment":[{"href":"https:\/\/akdenizolaygazetesi.com\/index.php?rest_route=%2Fwp%2Fv2%2Fmedia&parent=1778"}],"wp:term":[{"taxonomy":"category","embeddable":true,"href":"https:\/\/akdenizolaygazetesi.com\/index.php?rest_route=%2Fwp%2Fv2%2Fcategories&post=1778"},{"taxonomy":"post_tag","embeddable":true,"href":"https:\/\/akdenizolaygazetesi.com\/index.php?rest_route=%2Fwp%2Fv2%2Ftags&post=1778"}],"curies":[{"name":"wp","href":"https:\/\/api.w.org\/{rel}","templated":true}]}}