{"id":1779,"date":"2020-11-04T18:22:19","date_gmt":"2020-11-04T15:22:19","guid":{"rendered":"http:\/\/mersinekonomipolitikagazetesi.com\/?p=1779"},"modified":"2020-11-04T18:22:19","modified_gmt":"2020-11-04T15:22:19","slug":"mesiad-ve-mtsodan-isbirligi-vurgusu","status":"publish","type":"post","link":"https:\/\/akdenizolaygazetesi.com\/?p=1779","title":{"rendered":"MES\u0130AD ve MTSO\u2019dan i\u015fbirli\u011fi vurgusu"},"content":{"rendered":"<p>MES\u0130AD, MTSO\u2019nun yeni y\u00f6netimine \u2018hay\u0131rl\u0131 olsun\u2019 dedi\u011fi ziyarette iki kurum i\u015fbirli\u011fi ve uyumlu \u00e7al\u0131\u015fma vurgusu yapt\u0131.<\/p>\n<p><span style=\"font-size:16px;\">Mersin Sanayici ve \u0130\u015f \u0130nsanlar\u0131 Derne\u011fi (MES\u0130AD) Ge\u00e7ti\u011fimiz g\u00fcnlerde g\u00f6reve se\u00e7ilen Mersin Ticaret ve Sanayi Odas\u0131\u2019n\u0131n\u00a0\u00a0(MTSO) Y\u00f6netim Kurulu Ba\u015fkan\u0131 Ayhan K\u0131z\u0131ltan\u2019\u0131 ziyaret etti.\u00a0\u00a0MES\u0130AD Y\u00f6netimi, K\u0131z\u0131ltan\u2019a \u2018hay\u0131rl\u0131 olsun\u2019 diyerek ba\u015far\u0131 dileklerini iletti.<\/span><\/p>\n<p><span style=\"font-size:16px;\">Ziyarette konu\u015fan ve\u00a0\u00a0uyumlu \u00e7al\u0131\u015fma ve i\u015fbirli\u011fi i\u00e7inde olma vurgusunda bulunan MES\u0130AD Y\u00f6netim Kurulu Ba\u015fkan\u0131 Hasan Engin; \u201cMES\u0130AD ve MTSO ile birlikte di\u011fer kurumlar\u0131m\u0131z\u0131n iyi i\u015flere imza ataca\u011f\u0131na inan\u0131yoruz\u201d dedi.<\/span><\/p>\n<p><span style=\"font-size:16px;\">MTSO Ba\u015fkan\u0131 K\u0131z\u0131ltan ise; \u201cMersin\u2019e yak\u0131\u015f\u0131r samimi bir se\u00e7imi ard\u0131m\u0131zda b\u0131rakt\u0131k. \u00c7eki\u015fme ve \u00e7at\u0131\u015fmalar Mersin\u2019in enerjisini uzun y\u0131llar ald\u0131. Bu tarz kurumlar, ele ge\u00e7irilecek kurumlar de\u011fildir. Herkesle temas kuran bir y\u00f6netim olu\u015fturduk. \u0130yi \u015feylerin yap\u0131laca\u011f\u0131na dair umutluyum. \u0130ki kurumun da yeni y\u00f6netimlerine ba\u015far\u0131lar diliyorum\u201d dedi.<\/span><\/p>\n","protected":false},"excerpt":{"rendered":"<p>MES\u0130AD, MTSO\u2019nun yeni y\u00f6netimine \u2018hay\u0131rl\u0131 olsun\u2019 dedi\u011fi ziyarette iki kurum i\u015fbirli\u011fi ve uyumlu \u00e7al\u0131\u015fma vurgusu yapt\u0131. Mersin Sanayici ve \u0130\u015f \u0130nsanlar\u0131 Derne\u011fi (MES\u0130AD) Ge\u00e7ti\u011fimiz g\u00fcnlerde g\u00f6reve se\u00e7ilen Mersin Ticaret ve &hellip; <a href=\"https:\/\/akdenizolaygazetesi.com\/?p=1779\" class=\"more-link\">Devam\u0131n\u0131 Oku&#8230;<\/a><\/p>\n","protected":false},"author":1,"featured_media":0,"comment_status":"open","ping_status":"open","sticky":false,"template":"","format":"standard","meta":[],"categories":[],"tags":[],"_links":{"self":[{"href":"https:\/\/akdenizolaygazetesi.com\/index.php?rest_route=\/wp\/v2\/posts\/1779"}],"collection":[{"href":"https:\/\/akdenizolaygazetesi.com\/index.php?rest_route=\/wp\/v2\/posts"}],"about":[{"href":"https:\/\/akdenizolaygazetesi.com\/index.php?rest_route=\/wp\/v2\/types\/post"}],"author":[{"embeddable":true,"href":"https:\/\/akdenizolaygazetesi.com\/index.php?rest_route=\/wp\/v2\/users\/1"}],"replies":[{"embeddable":true,"href":"https:\/\/akdenizolaygazetesi.com\/index.php?rest_route=%2Fwp%2Fv2%2Fcomments&post=1779"}],"version-history":[{"count":0,"href":"https:\/\/akdenizolaygazetesi.com\/index.php?rest_route=\/wp\/v2\/posts\/1779\/revisions"}],"wp:attachment":[{"href":"https:\/\/akdenizolaygazetesi.com\/index.php?rest_route=%2Fwp%2Fv2%2Fmedia&parent=1779"}],"wp:term":[{"taxonomy":"category","embeddable":true,"href":"https:\/\/akdenizolaygazetesi.com\/index.php?rest_route=%2Fwp%2Fv2%2Fcategories&post=1779"},{"taxonomy":"post_tag","embeddable":true,"href":"https:\/\/akdenizolaygazetesi.com\/index.php?rest_route=%2Fwp%2Fv2%2Ftags&post=1779"}],"curies":[{"name":"wp","href":"https:\/\/api.w.org\/{rel}","templated":true}]}}