{"id":1780,"date":"2020-11-04T18:22:19","date_gmt":"2020-11-04T15:22:19","guid":{"rendered":"http:\/\/mersinekonomipolitikagazetesi.com\/?p=1780"},"modified":"2020-11-04T18:22:19","modified_gmt":"2020-11-04T15:22:19","slug":"otizmli-cocuklar-icin-tehlike-canlari-caliyor","status":"publish","type":"post","link":"https:\/\/akdenizolaygazetesi.com\/?p=1780","title":{"rendered":"Otizmli \u00e7ocuklar i\u00e7in tehlike \u00e7anlar\u0131 \u00e7al\u0131yor"},"content":{"rendered":"<p>Otizmli \u00e7ocuklar\u0131n daha iyi beslenmeleri i\u00e7in kollar\u0131 s\u0131vayan Mavi Psikolojik Dan\u0131\u015fmanl\u0131k Merkezi &#038; De\u011fi\u015fim At\u00f6lyesi ve Mersin Sanayici ve \u0130\u015f \u0130nsanlar\u0131 Derne\u011fi (MES\u0130AD) otizmli \u00e7ocuklar\u0131n do\u011fru beslenmeleri i\u00e7in velilere e\u011fitim verdi.<\/p>\n<p><span style=\"font-size:16px;\">Son y\u0131llarda say\u0131s\u0131 artan otizmli \u00e7ocuklar i\u00e7in velilere e\u011fitim verilmeye devam ediliyor. MES\u0130AD ve Mavi Psikolojik Dan\u0131\u015fmanl\u0131k Merkezi &#038; De\u011fi\u015fim At\u00f6lyesi otizmli \u00e7ocuklar\u0131n beslenme al\u0131\u015fkanl\u0131klar\u0131 i\u00e7in \u2018Otizm Spektrum Bozuklu\u011fu Olan \u00c7ocuklar Beslenme\u2019 konulu konferans verdi. Sakarya \u00dcniversitesi \u00d6\u011fretim \u00dcyesi Do\u00e7. Dr. Bekir Fatih Meral taraf\u0131ndan verilen konferans MES\u0130AD Konferans Salonunda ger\u00e7ekle\u015fti.<\/span><\/p>\n<p><span style=\"font-size:16px;\">\u201cOtizmli \u00e7ocuklarda g\u0131da se\u00e7icili\u011fi evde daha fazla\u201d diyen Meral, \u201cOkulda beslenme al\u0131\u015fkanl\u0131klar\u0131 daha iyi bir konumda. \u00c7\u00fcnk\u00fc velilere g\u00f6re uygulamac\u0131lar daha kararl\u0131 ve daha bilin\u00e7li. T\u00fcrkiye\u2019de otizmli \u00e7ocuklar \u00e7ok fazla kilolu. Bu konuda tehlike \u00e7anlar\u0131 \u00e7al\u0131yor. Ebeveynler, \u2018\u00e7ocuklar zay\u0131f\u2019 diyor ama v\u00fccut kitle endeksine bak\u0131lmas\u0131n\u0131 laz\u0131m\u201d ifadelerini kulland\u0131.<\/span><\/p>\n<p><span style=\"font-size:16px;\">Otizmli \u00e7ocuklar\u0131n duyular\u0131n\u0131n normal insanlara g\u00f6re daha iyi oldu\u011funu kaydeden Do\u00e7. Dr. Bekir Fatih Meral, kat\u0131l\u0131mc\u0131lar\u0131 \u00e7ocuklar\u0131n sevmedikleri yemekleri sevdirme, beslene bi\u00e7imi ve g\u0131da ihtiyac\u0131 gibi bir\u00e7ok konuda bilgiler verdi.<\/span><\/p>\n","protected":false},"excerpt":{"rendered":"<p>Otizmli \u00e7ocuklar\u0131n daha iyi beslenmeleri i\u00e7in kollar\u0131 s\u0131vayan Mavi Psikolojik Dan\u0131\u015fmanl\u0131k Merkezi &#038; De\u011fi\u015fim At\u00f6lyesi ve Mersin Sanayici ve \u0130\u015f \u0130nsanlar\u0131 Derne\u011fi (MES\u0130AD) otizmli \u00e7ocuklar\u0131n do\u011fru beslenmeleri i\u00e7in velilere e\u011fitim &hellip; <a href=\"https:\/\/akdenizolaygazetesi.com\/?p=1780\" class=\"more-link\">Devam\u0131n\u0131 Oku&#8230;<\/a><\/p>\n","protected":false},"author":1,"featured_media":0,"comment_status":"open","ping_status":"open","sticky":false,"template":"","format":"standard","meta":[],"categories":[],"tags":[],"_links":{"self":[{"href":"https:\/\/akdenizolaygazetesi.com\/index.php?rest_route=\/wp\/v2\/posts\/1780"}],"collection":[{"href":"https:\/\/akdenizolaygazetesi.com\/index.php?rest_route=\/wp\/v2\/posts"}],"about":[{"href":"https:\/\/akdenizolaygazetesi.com\/index.php?rest_route=\/wp\/v2\/types\/post"}],"author":[{"embeddable":true,"href":"https:\/\/akdenizolaygazetesi.com\/index.php?rest_route=\/wp\/v2\/users\/1"}],"replies":[{"embeddable":true,"href":"https:\/\/akdenizolaygazetesi.com\/index.php?rest_route=%2Fwp%2Fv2%2Fcomments&post=1780"}],"version-history":[{"count":0,"href":"https:\/\/akdenizolaygazetesi.com\/index.php?rest_route=\/wp\/v2\/posts\/1780\/revisions"}],"wp:attachment":[{"href":"https:\/\/akdenizolaygazetesi.com\/index.php?rest_route=%2Fwp%2Fv2%2Fmedia&parent=1780"}],"wp:term":[{"taxonomy":"category","embeddable":true,"href":"https:\/\/akdenizolaygazetesi.com\/index.php?rest_route=%2Fwp%2Fv2%2Fcategories&post=1780"},{"taxonomy":"post_tag","embeddable":true,"href":"https:\/\/akdenizolaygazetesi.com\/index.php?rest_route=%2Fwp%2Fv2%2Ftags&post=1780"}],"curies":[{"name":"wp","href":"https:\/\/api.w.org\/{rel}","templated":true}]}}