{"id":1783,"date":"2020-11-04T18:22:19","date_gmt":"2020-11-04T15:22:19","guid":{"rendered":"http:\/\/mersinekonomipolitikagazetesi.com\/?p=1783"},"modified":"2020-11-04T18:22:19","modified_gmt":"2020-11-04T15:22:19","slug":"42-turizm-haftasi-acilisi-yapildi","status":"publish","type":"post","link":"https:\/\/akdenizolaygazetesi.com\/?p=1783","title":{"rendered":"42. TUR\u0130ZM HAFTASI A\u00c7ILI\u015eI YAPILDI"},"content":{"rendered":"<p>Mersin Arkeoloji M\u00fczesi M\u00fcd\u00fcrl\u00fc\u011f\u00fcnde \u201c42. Turizm Haftas\u0131\u201d etkinli\u011fi yap\u0131larak a\u00e7\u0131l\u0131\u015fta bir\u00e7ok ki\u015fi bir araya geldi. A\u00e7\u0131l\u0131\u015f konu\u015fmas\u0131n\u0131 ger\u00e7ekle\u015ftiren Vali Ali \u0130hsan Su, ileriki y\u0131llarda Mersin\u2019de turizm alan\u0131nda \u00e7ok \u00f6nemli geli\u015fmeler olaca\u011f\u0131n\u0131 s\u00f6yledi.<\/p>\n<blockquote type=\"cite\">\n<div dir=\"ltr\">\n<p><span style=\"font-size:16px;\">Mersin Valili\u011fi \u00f6nc\u00fcl\u00fc\u011f\u00fcnde \u0130l K\u00fclt\u00fcr ve Turizm M\u00fcd\u00fcrl\u00fc\u011f\u00fc taraf\u0131ndan \u201c42. Turizm Haftas\u0131\u201d a\u00e7\u0131l\u0131\u015f\u0131 d\u00fczenlendi.<\/span><\/p>\n<p><span style=\"font-size:16px;\">Mersin Arkeoloji M\u00fczesi M\u00fcd\u00fcrl\u00fc\u011f\u00fcnde ger\u00e7ekle\u015ftirilen a\u00e7\u0131l\u0131\u015f t\u00f6renine Vali Ali \u0130hsan Su, B\u00fcy\u00fck\u015fehir Belediye Ba\u015fkan\u0131 Burhanettin Kocamaz, \u0130l K\u00fclt\u00fcr ve Turizm M\u00fcd\u00fcr Vekili Turabi Akt\u00fcrk, turizm sekt\u00f6r\u00fc ile sivil toplum kurulu\u015flar\u0131n\u0131n temsilcileri ve \u00f6\u011frenciler yer ald\u0131.<\/span><\/p>\n<p>\u00a0<\/p>\n<p><span style=\"font-size:16px;\">A\u00e7\u0131l\u0131\u015f konu\u015fmas\u0131n\u0131 yapan Vali Su, \u201cMersin\u2019in deniz, yayla, inan\u00e7, spor ve tarih turizminin yan\u0131 s\u0131ra sahip oldu\u011fu \u015eehir Hastanesi ve di\u011fer sa\u011fl\u0131k tesisleri ile \u00f6nemli bir sa\u011fl\u0131k merkezi olma yolunda ilerliyor.\u201d \u015feklinde belirtti.<\/span><\/p>\n<p>\u00a0<\/p>\n<p><span style=\"font-size:16px;\">\u201cTUR\u0130ZM GEL\u0130\u015eT\u0130RME B\u00d6LGELER\u0130 YATIRIMCILARIN H\u0130ZMET\u0130NE SUNULACAK\u201d<\/span><\/p>\n<p>\u00a0<\/p>\n<p><span style=\"font-size:16px;\">Vali Su, \u201cKalk\u0131nma Bakan\u0131 Say\u0131n L\u00fctfi Elvan\u2019\u0131n destekleriyle ilimizde di\u011fer sekt\u00f6rlerde oldu\u011fu gibi turizm alan\u0131nda da \u00f6nemli \u00e7al\u0131\u015fma ve projeleri y\u00fcr\u00fctt\u00fck.\u201d diyerek il\u2019de 8 tane Turizm Koruma ve Geli\u015ftirme B\u00f6lgesinin oldu\u011funu ve bunlarla ilgili devam eden plan \u00e7al\u0131\u015fmalar\u0131n\u0131n ise h\u0131zland\u0131r\u0131ld\u0131\u011f\u0131n\u0131 belirtti. Vali Su: \u201cEn k\u0131sa zamanda turizm geli\u015ftirme b\u00f6lgelerinin yat\u0131r\u0131mc\u0131lar\u0131n\u0131n hizmetine sunulacak. Bunlarla beraber yatak kapasitesi de iki kat\u0131na \u00e7\u0131kacak\u201d diye kaydetti.<\/span><\/p>\n<p>\u00a0<\/p>\n<p><span style=\"font-size:16px;\">\u201c\u0130L\u0130M\u0130Z\u0130 YABANCI TUR\u0130STLERE DE TANITMAMIZ GEREK\u0130YOR\u201d<\/span><\/p>\n<p>\u00a0<\/p>\n<p><span style=\"font-size:16px;\">Mersinde \u00f6nemli turizm alanlar\u0131n\u0131n oldu\u011funu belirten Vali Su, \u201cMarka de\u011feri a\u00e7\u0131s\u0131ndan ilimizi \u00f6nemli yerlere ta\u015f\u0131yabilecek Cennet-Cehennem ve Uzuncabur\u00e7 gibi de\u011ferlere sahip, Cennet-Cehennem Uzuncabur\u00e7\u2019ta \u00e7al\u0131\u015fmalar y\u00fcr\u00fct\u00fcl\u00fcyor.\u201d dedi.<\/span><\/p>\n<p><span style=\"font-size:16px;\">\u00c7ukurova Kalk\u0131nma Ajans\u0131 taraf\u0131ndan 7-8 dilde tan\u0131t\u0131m filmleri haz\u0131rland\u0131\u011f\u0131n\u0131 kaydeden Vali Ali \u0130hsan Su: \u201cBu \u00e7al\u0131\u015fmalar Mersin\u2019in tan\u0131t\u0131m\u0131na \u00f6nemli katk\u0131 sa\u011flayacak. Bundan birka\u00e7 y\u0131l sonra Mersin\u2019de turizm alan\u0131nda \u00e7ok farkl\u0131 \u015feyleri konu\u015faca\u011f\u0131z. \u00c7ok h\u0131zl\u0131 geli\u015fmeler olacak. Hedefimiz ilimizi turizm alan\u0131nda bir marka haline getirmek ve mevcut turist say\u0131s\u0131n\u0131 ikiye, \u00fc\u00e7e, be\u015fe katlamakt\u0131r. \u015eu anda daha \u00e7ok yerli turist a\u011f\u0131rl\u0131yoruz. \u0130limizi yabanc\u0131 turistlere de tan\u0131tmam\u0131z gerekiyor,\u00a0 bu noktada \u00e7al\u0131\u015fmalar\u0131m\u0131za devam ediyoruz.\u201d ifadelerini kulland\u0131.<\/span><\/p>\n<div>\n<div aria-label=\"Geni\u015fletilen i\u00e7eri\u011fi gizleyin\" data-tooltip=\"Geni\u015fletilen i\u00e7eri\u011fi gizleyin\" id=\":15g\" role=\"button\" style=\"clear:both;\" tabindex=\"0\">\u00a0<\/div>\n<\/div>\n<div>\n<p><span style=\"font-size:16px;\">Vali Ali \u0130hsan Su a\u00e7\u0131l\u0131\u015f konu\u015fmas\u0131n\u0131n sonunda Ege \u015eefler T\u00fcrkiye A\u015f\u00e7\u0131l\u0131k Yar\u0131\u015fmas\u0131nda farkl\u0131 kategorilerde dereceye giren \u00f6\u011frencilere plaket verdi.<\/span><\/p>\n<\/div>\n<\/div>\n<\/blockquote>\n","protected":false},"excerpt":{"rendered":"<p>Mersin Arkeoloji M\u00fczesi M\u00fcd\u00fcrl\u00fc\u011f\u00fcnde \u201c42. Turizm Haftas\u0131\u201d etkinli\u011fi yap\u0131larak a\u00e7\u0131l\u0131\u015fta bir\u00e7ok ki\u015fi bir araya geldi. A\u00e7\u0131l\u0131\u015f konu\u015fmas\u0131n\u0131 ger\u00e7ekle\u015ftiren Vali Ali \u0130hsan Su, ileriki y\u0131llarda Mersin\u2019de turizm alan\u0131nda \u00e7ok \u00f6nemli geli\u015fmeler &hellip; <a href=\"https:\/\/akdenizolaygazetesi.com\/?p=1783\" class=\"more-link\">Devam\u0131n\u0131 Oku&#8230;<\/a><\/p>\n","protected":false},"author":1,"featured_media":0,"comment_status":"open","ping_status":"open","sticky":false,"template":"","format":"standard","meta":[],"categories":[],"tags":[],"_links":{"self":[{"href":"https:\/\/akdenizolaygazetesi.com\/index.php?rest_route=\/wp\/v2\/posts\/1783"}],"collection":[{"href":"https:\/\/akdenizolaygazetesi.com\/index.php?rest_route=\/wp\/v2\/posts"}],"about":[{"href":"https:\/\/akdenizolaygazetesi.com\/index.php?rest_route=\/wp\/v2\/types\/post"}],"author":[{"embeddable":true,"href":"https:\/\/akdenizolaygazetesi.com\/index.php?rest_route=\/wp\/v2\/users\/1"}],"replies":[{"embeddable":true,"href":"https:\/\/akdenizolaygazetesi.com\/index.php?rest_route=%2Fwp%2Fv2%2Fcomments&post=1783"}],"version-history":[{"count":0,"href":"https:\/\/akdenizolaygazetesi.com\/index.php?rest_route=\/wp\/v2\/posts\/1783\/revisions"}],"wp:attachment":[{"href":"https:\/\/akdenizolaygazetesi.com\/index.php?rest_route=%2Fwp%2Fv2%2Fmedia&parent=1783"}],"wp:term":[{"taxonomy":"category","embeddable":true,"href":"https:\/\/akdenizolaygazetesi.com\/index.php?rest_route=%2Fwp%2Fv2%2Fcategories&post=1783"},{"taxonomy":"post_tag","embeddable":true,"href":"https:\/\/akdenizolaygazetesi.com\/index.php?rest_route=%2Fwp%2Fv2%2Ftags&post=1783"}],"curies":[{"name":"wp","href":"https:\/\/api.w.org\/{rel}","templated":true}]}}