{"id":1787,"date":"2020-11-04T18:22:20","date_gmt":"2020-11-04T15:22:20","guid":{"rendered":"http:\/\/mersinekonomipolitikagazetesi.com\/?p=1787"},"modified":"2020-11-04T18:22:20","modified_gmt":"2020-11-04T15:22:20","slug":"melike-protez-bacakla-hayata-tutundu","status":"publish","type":"post","link":"https:\/\/akdenizolaygazetesi.com\/?p=1787","title":{"rendered":"Melike protez bacakla hayata tutundu"},"content":{"rendered":"<p>Mersin&#8217;de 11 ya\u015f\u0131ndayken kansere yakalanan ard\u0131ndan da babas\u0131 taraf\u0131ndan terk edilen Melike Ongur, tedavi ama\u00e7l\u0131 baca\u011f\u0131 da kesilince d\u00fcnyas\u0131 ba\u015f\u0131na y\u0131k\u0131ld\u0131. Zor g\u00fcnler ge\u00e7iren ve y\u0131llarca evden d\u0131\u015far\u0131 \u00e7\u0131kmayan Ongur, yap\u0131lan yard\u0131mlar sonucu al\u0131nan protez bacak sayesinde tekrar hayata ba\u011fland\u0131. Okul hayat\u0131na d\u0131\u015far\u0131dan devam eden Ongur, ileride otopsi doktoru olmak istedi\u011fini s\u00f6yledi.<\/p>\n<p><span style=\"font-size:16px;\"><span style=\"font-family: sans-serif; line-height: 20px; text-align: justify; background-color: rgb(242, 244, 245);\">Mersin&#8217;in merkez Toroslar il\u00e7esinde abisi ve annesiyle ya\u015fayan Melike Ongur (18), ya\u015fam hikayesiyle duyanlar\u0131 duyguland\u0131r\u0131yor. 11 ya\u015f\u0131ndayken &#8216;kemik kanserine&#8217; yakalanan ve k\u0131sa bir s\u00fcre kemoterapi tedavisi g\u00f6ren gen\u00e7 k\u0131z, bu s\u0131rada babas\u0131 taraf\u0131ndan terk edildi. Hastal\u0131\u011f\u0131 daha da k\u00f6t\u00fcye giden Melike, tedavi i\u00e7in bir baca\u011f\u0131ndan vazge\u00e7mek zorunda kald\u0131. Sol baca\u011f\u0131 kesilen Melike, hastal\u0131ktan kurtuldu fakat ya\u015fama k\u00fcst\u00fc. \u00d6nce kendi imkanlar\u0131yla ald\u0131klar\u0131 protezi bir s\u00fcre kullanan Melike, hi\u00e7 y\u00fcr\u00fcyemez hale geldi. Ard\u0131ndan kendisine gelen bir yard\u0131mla normal bir proteze kavu\u015fan Melike, hayata tekrar ba\u011fland\u0131.\u00a0<\/span><br style=\"box-sizing: border-box; font-family: sans-serif; font-size: 14px; line-height: 20px; text-align: justify; background-color: rgb(242, 244, 245);\" \/><br \/>\n<br style=\"box-sizing: border-box; font-family: sans-serif; font-size: 14px; line-height: 20px; text-align: justify; background-color: rgb(242, 244, 245);\" \/><br \/>\n<span style=\"font-family: sans-serif; line-height: 20px; text-align: justify; background-color: rgb(242, 244, 245);\">&#8220;Ya ameliyat olacakt\u0131m ya \u00f6lecektim&#8221;\u00a0<\/span><br style=\"box-sizing: border-box; font-family: sans-serif; font-size: 14px; line-height: 20px; text-align: justify; background-color: rgb(242, 244, 245);\" \/><br \/>\n<span style=\"font-family: sans-serif; line-height: 20px; text-align: justify; background-color: rgb(242, 244, 245);\">Kansere yakaland\u0131\u011f\u0131 ilk y\u0131lda babas\u0131n\u0131n kendisini istemedi\u011fi i\u00e7in aileyi terk etti\u011fini s\u00f6yleyen Melike, yakla\u015f\u0131k 3 ay kemoterapi tedavisi g\u00f6rd\u00fc\u011f\u00fcn\u00fc ancak tedavinin iyiye gitmedi\u011fini bu y\u00fczden de hastal\u0131\u011f\u0131n\u0131n \u00fc\u00e7\u00fcnc\u00fc evresine kadar ilerledi\u011fini anlatt\u0131. Ogur, \u201cDoktorlar bana \u00f6l\u00fcm tehlikesinin oldu\u011funu s\u00f6ylediler. \u0130yile\u015fmem i\u00e7in baca\u011f\u0131m\u0131n kesilmesi gerekti\u011fini ve buna da bir hafta i\u00e7inde karar vermem gerekti\u011fini ifade ettiler. Bende ya\u015famay\u0131 tercih ettim ve baca\u011f\u0131mdan vazge\u00e7tim. \u00c7\u00fcnk\u00fc, ya ameliyat olacakt\u0131m ya da \u00f6lecektim. Sonras\u0131nda sol dizimden yukar\u0131s\u0131 kesildi. Ameliyattan sonra daha a\u011f\u0131r bir tedaviyle kemoterapiye girdim ve yakla\u015f\u0131k 1,5 y\u0131l tedavi ald\u0131m. Ard\u0131ndan hastal\u0131ktan kurtuldum. 5 y\u0131ld\u0131r tedavi alm\u0131yorum, sadece kontrol yapt\u0131rmak i\u00e7in hastaneye gidiyorum&#8221; dedi.\u00a0<\/span><br style=\"box-sizing: border-box; font-family: sans-serif; font-size: 14px; line-height: 20px; text-align: justify; background-color: rgb(242, 244, 245);\" \/><br \/>\n<span style=\"font-family: sans-serif; line-height: 20px; text-align: justify; background-color: rgb(242, 244, 245);\">Yakla\u015f\u0131k 3 y\u0131ld\u0131r protez kulland\u0131\u011f\u0131n\u0131 ancak ilk protez baca\u011f\u0131nda yaralanma, iltihaplanma ve kanama gibi sorunlar\u0131n ortaya \u00e7\u0131kt\u0131\u011f\u0131n\u0131 kaydeden Ongur, bu s\u00fcre\u00e7te hi\u00e7bir \u015fekilde y\u00fcr\u00fcyemedi\u011fini, b\u00fct\u00fcn g\u00fcn\u00fcn\u00fcn evde ge\u00e7ti\u011fini ve bu sebeple bunal\u0131ma girdi\u011fini ifade etti. 18 ya\u015f\u0131na geldi\u011finde ise &#8216;normal protez&#8217; al\u0131nmas\u0131 gerekti\u011fini \u00f6\u011frenen Melike, &#8220;Fiyatlar 7 ile 13 bin aras\u0131nda de\u011fi\u015fiyordu. Fakat biz devletin verdi\u011fi bin liral\u0131k bak\u0131c\u0131 \u00fccretiyle ge\u00e7inen bir aileyiz. Bu fiyat\u0131 kar\u015f\u0131lama imkan\u0131m\u0131z yoktu. Sonra yine medikalimiz bana, Ailem Derne\u011fini \u00f6nerdi. Onlar da bana her konuda yard\u0131mc\u0131 oldular ve protez almam\u0131 sa\u011flad\u0131lar&#8221; ifadelerini kulland\u0131.\u00a0<\/span><br style=\"box-sizing: border-box; font-family: sans-serif; font-size: 14px; line-height: 20px; text-align: justify; background-color: rgb(242, 244, 245);\" \/><br \/>\n<br style=\"box-sizing: border-box; font-family: sans-serif; font-size: 14px; line-height: 20px; text-align: justify; background-color: rgb(242, 244, 245);\" \/><br \/>\n<span style=\"font-family: sans-serif; line-height: 20px; text-align: justify; background-color: rgb(242, 244, 245);\">&#8220;Protez beni hayata ba\u011flad\u0131&#8221;\u00a0<\/span><br style=\"box-sizing: border-box; font-family: sans-serif; font-size: 14px; line-height: 20px; text-align: justify; background-color: rgb(242, 244, 245);\" \/><br \/>\n<span style=\"font-family: sans-serif; line-height: 20px; text-align: justify; background-color: rgb(242, 244, 245);\">Protezi sayesinde tekrar hayata ba\u011fland\u0131\u011f\u0131n\u0131 vurgulayan Ongun, &#8220;Protezim yokken bir odadan di\u011fer odaya gitmek istemiyordum. Can\u0131m \u00e7ok yan\u0131yordu. Hi\u00e7bir i\u015fimi g\u00f6remiyordum. Ama \u015fimdi istedi\u011fim yere rahatl\u0131kla gidebiliyorum. Her i\u015fimi g\u00f6rebiliyorum. Can\u0131m\u0131n yanmas\u0131 kesildi. Lise hayat\u0131ma hastal\u0131\u011f\u0131mdan dolay\u0131 d\u0131\u015far\u0131dan devam ediyorum. Protezime al\u0131\u015ft\u0131ktan sonra tekrar okula d\u00f6nmeyi d\u00fc\u015f\u00fcn\u00fcyorum. Asl\u0131nda hem okuyup hem \u00e7al\u0131\u015fmay\u0131 da d\u00fc\u015f\u00fcn\u00fcyorum fakat \u00f6nceli\u011fim okul hayat\u0131m&#8221; \u015feklinde konu\u015ftu.\u00a0<\/span><br style=\"box-sizing: border-box; font-family: sans-serif; font-size: 14px; line-height: 20px; text-align: justify; background-color: rgb(242, 244, 245);\" \/><br \/>\n<span style=\"font-family: sans-serif; line-height: 20px; text-align: justify; background-color: rgb(242, 244, 245);\">\u0130leride otopsi doktoru olmak istedi\u011fini belirten Ongun, &#8220;Ben her zaman polis olmak isterdim. Fakat ba\u015f\u0131ma gelen olaylar, hastal\u0131klar falan derken, okul hayat\u0131m pek iyi gitmedi. Bu nedenle \u015fimdi de otopsi doktoru ya da yard\u0131mc\u0131s\u0131 olmak istiyorum. Annem ve a\u011fabeyimle birlikte ya\u015f\u0131yorum. Maddi durumumuz iyi de\u011fil. Evimiz kirada. Ben kalan ya\u015fam\u0131m\u0131 daha rahat s\u00fcrd\u00fcrmek istiyorum a\u00e7\u0131k\u00e7as\u0131. Hastal\u0131\u011f\u0131mdan dolay\u0131 masraflar\u0131m\u0131z da artt\u0131 zaten&#8221; diye konu\u015ftu.\u00a0<\/span><br style=\"box-sizing: border-box; font-family: sans-serif; font-size: 14px; line-height: 20px; text-align: justify; background-color: rgb(242, 244, 245);\" \/><br \/>\n<br style=\"box-sizing: border-box; font-family: sans-serif; font-size: 14px; line-height: 20px; text-align: justify; background-color: rgb(242, 244, 245);\" \/><br \/>\n<span style=\"font-family: sans-serif; line-height: 20px; text-align: justify; background-color: rgb(242, 244, 245);\">&#8220;Zor g\u00fcnler ge\u00e7irdik&#8221;\u00a0<\/span><br style=\"box-sizing: border-box; font-family: sans-serif; font-size: 14px; line-height: 20px; text-align: justify; background-color: rgb(242, 244, 245);\" \/><br \/>\n<span style=\"font-family: sans-serif; line-height: 20px; text-align: justify; background-color: rgb(242, 244, 245);\">Kom\u015fular\u0131 ve baz\u0131 vatanda\u015flar\u0131n yard\u0131mlar\u0131 sayesinde k\u0131z\u0131n\u0131n tedavisini ger\u00e7ekle\u015ftirebildi\u011fini s\u00f6yleyen Anne G\u00fcl Akdo\u011fan ise, &#8220;K\u0131z\u0131m\u0131n baca\u011f\u0131 kesildikten sonra zor g\u00fcnler ge\u00e7irdik. K\u0131z\u0131m koltuk de\u011fne\u011fiyle y\u00fcr\u00fcyordu. Sonra bizim protez almam\u0131z gerekti. Bizim g\u00fcc\u00fcm\u00fcz olmad\u0131\u011f\u0131 i\u00e7in &#8216;Ailemder&#8217; ba\u015fkan\u0131 Yasemin han\u0131m bize yard\u0131mc\u0131 oldu. Mersin Valili\u011fi, Aile Sosyal Politikalar \u0130l M\u00fcd\u00fcrl\u00fc\u011f\u00fc ve Toroslar Kaymakaml\u0131\u011f\u0131yla temaslara ge\u00e7ti. Yakla\u015f\u0131k 4 ay sonunda protez geldi ve k\u0131z\u0131m rahat y\u00fcr\u00fcmeye ba\u015flad\u0131. Arac\u0131 olan ve bize yard\u0131m eden herkese te\u015fekk\u00fcr ediyorum\u201d dedi.\u00a0<\/span><\/span><\/p>\n","protected":false},"excerpt":{"rendered":"<p>Mersin&#8217;de 11 ya\u015f\u0131ndayken kansere yakalanan ard\u0131ndan da babas\u0131 taraf\u0131ndan terk edilen Melike Ongur, tedavi ama\u00e7l\u0131 baca\u011f\u0131 da kesilince d\u00fcnyas\u0131 ba\u015f\u0131na y\u0131k\u0131ld\u0131. Zor g\u00fcnler ge\u00e7iren ve y\u0131llarca evden d\u0131\u015far\u0131 \u00e7\u0131kmayan Ongur, &hellip; <a href=\"https:\/\/akdenizolaygazetesi.com\/?p=1787\" class=\"more-link\">Devam\u0131n\u0131 Oku&#8230;<\/a><\/p>\n","protected":false},"author":1,"featured_media":0,"comment_status":"open","ping_status":"open","sticky":false,"template":"","format":"standard","meta":[],"categories":[],"tags":[],"_links":{"self":[{"href":"https:\/\/akdenizolaygazetesi.com\/index.php?rest_route=\/wp\/v2\/posts\/1787"}],"collection":[{"href":"https:\/\/akdenizolaygazetesi.com\/index.php?rest_route=\/wp\/v2\/posts"}],"about":[{"href":"https:\/\/akdenizolaygazetesi.com\/index.php?rest_route=\/wp\/v2\/types\/post"}],"author":[{"embeddable":true,"href":"https:\/\/akdenizolaygazetesi.com\/index.php?rest_route=\/wp\/v2\/users\/1"}],"replies":[{"embeddable":true,"href":"https:\/\/akdenizolaygazetesi.com\/index.php?rest_route=%2Fwp%2Fv2%2Fcomments&post=1787"}],"version-history":[{"count":0,"href":"https:\/\/akdenizolaygazetesi.com\/index.php?rest_route=\/wp\/v2\/posts\/1787\/revisions"}],"wp:attachment":[{"href":"https:\/\/akdenizolaygazetesi.com\/index.php?rest_route=%2Fwp%2Fv2%2Fmedia&parent=1787"}],"wp:term":[{"taxonomy":"category","embeddable":true,"href":"https:\/\/akdenizolaygazetesi.com\/index.php?rest_route=%2Fwp%2Fv2%2Fcategories&post=1787"},{"taxonomy":"post_tag","embeddable":true,"href":"https:\/\/akdenizolaygazetesi.com\/index.php?rest_route=%2Fwp%2Fv2%2Ftags&post=1787"}],"curies":[{"name":"wp","href":"https:\/\/api.w.org\/{rel}","templated":true}]}}