{"id":1788,"date":"2020-11-04T18:22:20","date_gmt":"2020-11-04T15:22:20","guid":{"rendered":"http:\/\/mersinekonomipolitikagazetesi.com\/?p=1788"},"modified":"2020-11-04T18:22:20","modified_gmt":"2020-11-04T15:22:20","slug":"mtso-olarak-amacimiz-birlik-beraberlik-ve-kaynasma","status":"publish","type":"post","link":"https:\/\/akdenizolaygazetesi.com\/?p=1788","title":{"rendered":"MTSO olarak amac\u0131m\u0131z: &#8220;Birlik, Beraberlik ve Kayna\u015fma&#8221;"},"content":{"rendered":"<p>Mersin Ticaret ve Sanayi Odas\u0131 (MTSO) Ba\u015fkan\u0131 Ayhan K\u0131z\u0131ltan, \u201cT\u00fcm meslek komite \u00fcyelerimiz ve 99 meclis \u00fcyemizle birlikte, MTSO olarak uyum i\u00e7inde \u00e7al\u0131\u015farak kentimize de\u011fer katmaya devam edece\u011fiz\u201d dedi.<\/p>\n<p><span style=\"font-size:16px;\"><span style=\"font-family: sans-serif; line-height: 20px; text-align: justify; background-color: rgb(242, 244, 245);\">Ge\u00e7ti\u011fimiz g\u00fcnlerde yap\u0131lan se\u00e7imlerle g\u00f6reve gelen MTSO Ba\u015fkan\u0131 Ayhan K\u0131z\u0131ltan ve Meclis Ba\u015fkan\u0131 Hamit \u0130zol, y\u00f6netim kurulu \u00fcyeleriyle birlikte bas\u0131nla tan\u0131\u015fma toplant\u0131s\u0131 d\u00fczenledi.\u00a0<\/span><br style=\"box-sizing: border-box; font-family: sans-serif; font-size: 14px; line-height: 20px; text-align: justify; background-color: rgb(242, 244, 245);\" \/><br \/>\n<span style=\"font-family: sans-serif; line-height: 20px; text-align: justify; background-color: rgb(242, 244, 245);\">Y\u00f6netim kurulu \u00fcyelerinin tan\u0131t\u0131ld\u0131\u011f\u0131 toplant\u0131da konu\u015fan K\u0131z\u0131ltan, oda se\u00e7imi ve sonras\u0131nda tarafs\u0131z, demokrat ve dengeli duru\u015fundan \u00f6t\u00fcr\u00fc bas\u0131n mensuplar\u0131na te\u015fekk\u00fcr etti.\u00a0<\/span><br style=\"box-sizing: border-box; font-family: sans-serif; font-size: 14px; line-height: 20px; text-align: justify; background-color: rgb(242, 244, 245);\" \/><br \/>\n<span style=\"font-family: sans-serif; line-height: 20px; text-align: justify; background-color: rgb(242, 244, 245);\">Birlik, beraberlik ve kucakla\u015fma d\u00fc\u015f\u00fcncesi ile yola \u00e7\u0131kt\u0131klar\u0131n\u0131 vurgulayan K\u0131z\u0131ltan, ilk projelerinin de kenti kucaklayarak, \u015fehrin ihtiyac\u0131 olan heyecan\u0131 ortaya \u00e7\u0131karmak oldu\u011funu s\u00f6yledi. \u00d6n\u00fcm\u00fczdeki s\u00fcre\u00e7te yap\u0131lacak toplant\u0131larda \u00fczerinde \u00e7al\u0131\u015f\u0131lacak konular\u0131n daha detayl\u0131 ele al\u0131naca\u011f\u0131n\u0131 bildiren K\u0131z\u0131ltan, &#8220;Bug\u00fcn asl\u0131nda, bizim i\u00e7in sizlerle bir tan\u0131\u015fma g\u00fcn\u00fc. Daha sonra yapaca\u011f\u0131m\u0131z bulu\u015fmalarda bir\u00e7ok konuyu konu\u015faca\u011f\u0131z. Ancak, \u015funlar\u0131 ifade etmeden ge\u00e7emeyece\u011fim. Odalar, kent ekonomisinin kalk\u0131nmas\u0131 i\u00e7in \u00fcyelerine hizmeti birinci planda tutan, \u00fcyelerine hizmet veren kurumlard\u0131r. Lobi olu\u015fturmak, icrac\u0131 kurumlar\u0131 harekete ge\u00e7irmek ve dahas\u0131 politika yap\u0131c\u0131lara taban\u0131n sesini duyurarak, do\u011fru ve etkin politikalar olu\u015fmas\u0131n\u0131 sa\u011flamak asli g\u00f6revimizdir. \u00dclkemizin birli\u011fi, dirli\u011fi, ekonomik ve sosyal refah\u0131 ad\u0131na bizden ne talep edilirse, Mersin i\u015f camias\u0131 olarak g\u00f6reve haz\u0131r\u0131z&#8221; diye konu\u015ftu.\u00a0<\/span><br style=\"box-sizing: border-box; font-family: sans-serif; font-size: 14px; line-height: 20px; text-align: justify; background-color: rgb(242, 244, 245);\" \/><br \/>\n<span style=\"font-family: sans-serif; line-height: 20px; text-align: justify; background-color: rgb(242, 244, 245);\">MTSO olarak, \u2018ben de\u011fil, biz diyerek\u2019, uyum i\u00e7inde \u00e7al\u0131\u015fmaya devam edeceklerini kaydeden K\u0131z\u0131ltan, kentin t\u00fcm kurumlar\u0131n\u0131 de\u011ferli g\u00f6rd\u00fcklerini belirterek, \u00f6nemli olan\u0131n en etkin veya en \u00f6nemli de\u011fil uyumlu \u00e7al\u0131\u015fan, \u00e7\u00f6z\u00fcm\u00fcn k\u00fc\u00e7\u00fck de olsa bir par\u00e7as\u0131 olan kurum olmak oldu\u011funu dile getirdi. K\u0131z\u0131ltan, \u201cT\u00fcm meslek komite \u00fcyelerimiz ve 99 meclis \u00fcyemizle birlikte, MTSO olarak uyum i\u00e7inde \u00e7al\u0131\u015farak kentimize de\u011fer katmaya devam edece\u011fiz\u201d ifadelerini kulland\u0131.\u00a0<\/span><br style=\"box-sizing: border-box; font-family: sans-serif; font-size: 14px; line-height: 20px; text-align: justify; background-color: rgb(242, 244, 245);\" \/><br \/>\n<span style=\"font-family: sans-serif; line-height: 20px; text-align: justify; background-color: rgb(242, 244, 245);\">Gazetecilerin sorular\u0131n\u0131 da yan\u0131tlayan K\u0131z\u0131ltan, \u201cKentimizin \u00c7ukurova B\u00f6lgesel Havaliman\u0131, 1\/5000\u2019lik imar plan\u0131, turizm b\u00f6lgesi yat\u0131r\u0131m\u0131 gibi bekleyen bir\u00e7ok \u00f6nemli \u00e7al\u0131\u015fmas\u0131 bulunmakta. \u00d6n\u00fcm\u00fczdeki birka\u00e7 hafta i\u00e7erisinde y\u00f6netim olarak bu konular\u0131\u00a0<\/span><br style=\"box-sizing: border-box; font-family: sans-serif; font-size: 14px; line-height: 20px; text-align: justify; background-color: rgb(242, 244, 245);\" \/><br \/>\n<span style=\"font-family: sans-serif; line-height: 20px; text-align: justify; background-color: rgb(242, 244, 245);\">de\u011ferlendirip, \u00f6nceliklerimizi belirleyip di\u011fer sivil toplum kurulu\u015flar\u0131 ve OSB\u2019mizin \u00f6ncelikleri ile birle\u015ftirip yol haritam\u0131z\u0131 belirleyece\u011fiz\u201d \u015feklinde konu\u015ftu.\u00a0<\/span><br style=\"box-sizing: border-box; font-family: sans-serif; font-size: 14px; line-height: 20px; text-align: justify; background-color: rgb(242, 244, 245);\" \/><br \/>\n<span style=\"font-family: sans-serif; line-height: 20px; text-align: justify; background-color: rgb(242, 244, 245);\">Meclis Ba\u015fkan\u0131 Hamit \u0130zol ise Mersin&#8217;in birli\u011fe, beraberli\u011fe ve birle\u015ftirici y\u00f6netime ihtiyac\u0131 oldu\u011funu ifade ederek, &#8220;MTSO olarak bunu ger\u00e7ekle\u015ftirdi\u011fimize inan\u0131yorum. \u015eehrimizin bundan sonra kavga ile g\u00fcr\u00fclt\u00fc ile ge\u00e7irecek zaman\u0131 olmad\u0131\u011f\u0131n\u0131 d\u00fc\u015f\u00fcn\u00fcyorum. Burada kazanan Mersin&#8217;dir. Se\u00e7imlerde kar\u015f\u0131m\u0131zdaki insanlar da bizim kadar Mersin&#8217;i seven insanlard\u0131. Bu bir yar\u0131\u015ft\u0131 ve yar\u0131\u015f sonunda Mersin kazand\u0131. Bizim ger\u00e7ekten y\u00f6netimimizi \u00e7ok rahat bir \u015fekilde \u00e7al\u0131\u015ft\u0131raca\u011f\u0131m\u0131za kimsenin \u015f\u00fcphesi olmas\u0131n. Y\u00f6netimin kafas\u0131n\u0131n rahat olmas\u0131 gerekir ki, Mersin&#8217;in sorunlar\u0131 ile u\u011fra\u015fs\u0131n ve g\u00fczel i\u015fler yaps\u0131n&#8221; dedi.\u00a0<\/span><\/span><\/p>\n","protected":false},"excerpt":{"rendered":"<p>Mersin Ticaret ve Sanayi Odas\u0131 (MTSO) Ba\u015fkan\u0131 Ayhan K\u0131z\u0131ltan, \u201cT\u00fcm meslek komite \u00fcyelerimiz ve 99 meclis \u00fcyemizle birlikte, MTSO olarak uyum i\u00e7inde \u00e7al\u0131\u015farak kentimize de\u011fer katmaya devam edece\u011fiz\u201d dedi. Ge\u00e7ti\u011fimiz &hellip; <a href=\"https:\/\/akdenizolaygazetesi.com\/?p=1788\" class=\"more-link\">Devam\u0131n\u0131 Oku&#8230;<\/a><\/p>\n","protected":false},"author":1,"featured_media":0,"comment_status":"open","ping_status":"open","sticky":false,"template":"","format":"standard","meta":[],"categories":[],"tags":[],"_links":{"self":[{"href":"https:\/\/akdenizolaygazetesi.com\/index.php?rest_route=\/wp\/v2\/posts\/1788"}],"collection":[{"href":"https:\/\/akdenizolaygazetesi.com\/index.php?rest_route=\/wp\/v2\/posts"}],"about":[{"href":"https:\/\/akdenizolaygazetesi.com\/index.php?rest_route=\/wp\/v2\/types\/post"}],"author":[{"embeddable":true,"href":"https:\/\/akdenizolaygazetesi.com\/index.php?rest_route=\/wp\/v2\/users\/1"}],"replies":[{"embeddable":true,"href":"https:\/\/akdenizolaygazetesi.com\/index.php?rest_route=%2Fwp%2Fv2%2Fcomments&post=1788"}],"version-history":[{"count":0,"href":"https:\/\/akdenizolaygazetesi.com\/index.php?rest_route=\/wp\/v2\/posts\/1788\/revisions"}],"wp:attachment":[{"href":"https:\/\/akdenizolaygazetesi.com\/index.php?rest_route=%2Fwp%2Fv2%2Fmedia&parent=1788"}],"wp:term":[{"taxonomy":"category","embeddable":true,"href":"https:\/\/akdenizolaygazetesi.com\/index.php?rest_route=%2Fwp%2Fv2%2Fcategories&post=1788"},{"taxonomy":"post_tag","embeddable":true,"href":"https:\/\/akdenizolaygazetesi.com\/index.php?rest_route=%2Fwp%2Fv2%2Ftags&post=1788"}],"curies":[{"name":"wp","href":"https:\/\/api.w.org\/{rel}","templated":true}]}}