{"id":1789,"date":"2020-11-04T18:22:20","date_gmt":"2020-11-04T15:22:20","guid":{"rendered":"http:\/\/mersinekonomipolitikagazetesi.com\/?p=1789"},"modified":"2020-11-04T18:22:20","modified_gmt":"2020-11-04T15:22:20","slug":"bu-kanunla-ulkenin-su-kaynaklari-satilir","status":"publish","type":"post","link":"https:\/\/akdenizolaygazetesi.com\/?p=1789","title":{"rendered":"\u2018BU KANUNLA \u00dcLKEN\u0130N SU KAYNAKLARI SATILIR\u2019"},"content":{"rendered":"<p>CHP Mersin Milletvekili Dr. H\u00fcseyin \u00c7amak,  sulama birliklerinin su y\u00f6netimi ve kurakl\u0131kla m\u00fccadele a\u00e7\u0131s\u0131ndan \u00f6nemli roller \u00fcstlendi\u011fini belirterek, \u201cD\u00fcnya, g\u00fcn ge\u00e7tik\u00e7e suyun \u00f6nemini kavramakta, her devlet gelece\u011fini planlarken su kaynaklar\u0131n\u0131n kullan\u0131m\u0131n\u0131 ve y\u00f6netimini bir mill\u00ee sorun olarak almaktad\u0131r. Sulama birliklerinin se\u00e7ilmi\u015f temsilciler yerine h\u00fck\u00fcmetin atad\u0131\u011f\u0131 memurlarca y\u00f6netilmesi bu anlamda kayg\u0131lar\u0131m\u0131z\u0131 art\u0131rmaktad\u0131r. Bu kanunla \u00fclkenin su kaynaklar\u0131 sat\u0131l\u0131r\u201d dedi.<\/p>\n<blockquote style=\"color: rgb(34, 34, 34); font-family: arial, sans-serif; font-size: 12.8px; font-style: normal; line-height: normal;\" type=\"cite\">\n<div dir=\"ltr\">\n<p class=\"m_1100015820823669946x_MsoNormal\" style=\"margin: 0cm 0cm 10pt; line-height: 16.8667px; font-size: 11pt; font-family: Calibri, sans-serif;\"><span style=\"font-size:16px;\">Cumhuriyet Halk Partisi (CHP) Mersin Milletvekili Dr. H\u00fcseyin \u00c7amak, Devlet Su \u0130\u015fleri\u2019nin te\u015fkilatlanmas\u0131nda de\u011fi\u015fikli\u011fe gidilmesini ve sulama birliklerinin ba\u015f\u0131na devlet memuru atanmas\u0131n\u0131 \u00f6ng\u00f6ren tasar\u0131 \u00fczerine meclis genel kurulunda s\u00f6z ald\u0131.<\/span><\/p>\n<p class=\"m_1100015820823669946x_MsoNormal\" style=\"margin: 0cm 0cm 10pt; line-height: 16.8667px; font-size: 11pt; font-family: Calibri, sans-serif;\">\u00a0<\/p>\n<p class=\"m_1100015820823669946x_MsoNormal\" style=\"margin: 0cm 0cm 10pt; line-height: 16.8667px; font-size: 11pt; font-family: Calibri, sans-serif;\"><span style=\"font-size:16px;\">\u00a0Bir\u00e7ok b\u00f6lgenin \u00f6nemli sulama problemleri ya\u015fad\u0131\u011f\u0131na de\u011finen \u00c7amak,\u00a0\u00a0\u201c\u00d6rne\u011fin Mersin&#8217;deki sulama birliklerimizin \u00f6nemli sorunlar\u0131 mevcut. Bunlar\u0131n ba\u015f\u0131nda sulama \u015febekesinin \u00e7ok eski olmas\u0131 gelmektedir. Sulama \u015febekesinin b\u00fcy\u00fck bir k\u0131sm\u0131n\u0131 te\u015fkil eden a\u00e7\u0131k trapez ana ta\u015f\u0131ma kanallar\u0131n\u0131n ilki 1965 y\u0131l\u0131nda, sonuncu ise 1983 y\u0131l\u0131nda i\u015fletmeye a\u00e7\u0131lm\u0131\u015ft\u0131r. Yani bunlar \u00f6mr\u00fcn\u00fc t\u00fcketmi\u015f yap\u0131lard\u0131r. Buras\u0131 y\u0131ll\u0131k 5 milyon T\u00fcrk liras\u0131 de\u011ferinde yakla\u015f\u0131k 12 milyon kilovatsaat enerji harcayan pahal\u0131 bir i\u015fletmedir. Ayr\u0131ca i\u015f\u00e7i giderleri \u00e7ok fazlad\u0131r. B\u00fct\u00fcn bunlara ra\u011fmen hi\u00e7bir borcu yoktur ve bug\u00fcne kadar yakla\u015f\u0131k 10 bin dekar alan\u0131 kapal\u0131 bas\u0131n\u00e7l\u0131 sisteme ge\u00e7irerek modernize etmi\u015ftir\u201d dedi.<\/span><\/p>\n<p class=\"m_1100015820823669946x_MsoNormal\" style=\"margin: 0cm 0cm 10pt; line-height: 16.8667px; font-size: 11pt; font-family: Calibri, sans-serif;\">\u00a0<\/p>\n<p class=\"m_1100015820823669946x_MsoNormal\" style=\"margin: 0cm 0cm 10pt; line-height: 16.8667px; font-size: 11pt; font-family: Calibri, sans-serif;\"><span style=\"font-size:16px;\">Kahramanmara\u015fl\u0131 \u00e7ift\u00e7ilerin de ciddi bir sulama s\u0131k\u0131nt\u0131s\u0131 \u00e7ekti\u011fine de\u011finen \u00c7amak, \u201c \u00d6zellikle Dulkadiro\u011flu, \u00c7a\u011flayancerit ve Pazarc\u0131k il\u00e7elerine ba\u011fl\u0131 k\u00f6ylerdeki \u00e7ift\u00e7iler tar\u0131ma elveri\u015flilik a\u00e7\u0131s\u0131ndan m\u00fcsait bir ortama sahip olmalar\u0131na ra\u011fmen, baraj sular\u0131n\u0131n yakla\u015f\u0131k y\u00fczde 70&#8217;inin \u00e7evre illere aktar\u0131lmas\u0131ndan \u00f6t\u00fcr\u00fc kendi su ihtiya\u00e7lar\u0131n\u0131 kar\u015f\u0131layam\u0131yorlar. Normalde protokol gere\u011fi 3 metrek\u00fcp su al\u0131nmas\u0131 gerekirken, Mara\u015f genelinden \u015fehir d\u0131\u015f\u0131na 4,4 metrek\u00fcp su aktar\u0131lmas\u0131yla tar\u0131msal sulama b\u00fcy\u00fck oranda zarar g\u00f6rmektedir. Bu nedenle de ikinci \u00fcr\u00fcnler ekilememektedir. Pazarc\u0131k&#8217;ta d\u00f6rt y\u0131l kurakl\u0131k ya\u015famas\u0131na ra\u011fmen buradaki Kartalkaya Sol Sahil Sulama Birli\u011finin \u00e7abas\u0131 sayesinde devletten hi\u00e7bir katk\u0131 al\u0131nmadan \u00e7ift\u00e7ilerimiz s\u0131k\u0131nt\u0131 ya\u015famad\u0131lar. Bu anlamda burada kurakl\u0131\u011fa \u00f6nlem almak i\u00e7in takviye ama\u00e7l\u0131 a\u00e7\u0131lan 24 yeralt\u0131 kuyusunun \u00e7ok \u00f6nemli katk\u0131s\u0131 olmu\u015ftur\u201d diye konu\u015ftu.<\/span><\/p>\n<p class=\"m_1100015820823669946x_MsoNormal\" style=\"margin: 0cm 0cm 10pt; line-height: 16.8667px; font-size: 11pt; font-family: Calibri, sans-serif;\">\u00a0<\/p>\n<p class=\"m_1100015820823669946x_MsoNormal\" style=\"margin: 0cm 0cm 10pt; line-height: 16.8667px; font-size: 11pt; font-family: Calibri, sans-serif;\"><span style=\"font-size:16px;\">\u00c7amak, \u201cG\u00f6r\u00fcld\u00fc\u011f\u00fc \u00fczere, sulama birlikleri su y\u00f6netimi ve kurakl\u0131kla m\u00fccadele a\u00e7\u0131s\u0131ndan \u00f6nemli roller \u00fcstenmektedir. D\u00fcnya, g\u00fcn ge\u00e7tik\u00e7e suyun \u00f6nemini kavramakta, her devlet gelece\u011fini planlarken su kaynaklar\u0131n\u0131n kullan\u0131m\u0131n\u0131 ve y\u00f6netimini bir mill\u00ee sorun olarak almaktad\u0131r. Geldi\u011fimiz noktada ise iktidar, devletin b\u00fct\u00fcn stratejik kurulu\u015flar\u0131na yapt\u0131\u011f\u0131 gibi hayati varl\u0131klar\u0131m\u0131z\u0131n dahi sat\u0131lmas\u0131n\u0131n \u00f6n\u00fcn\u00fc a\u00e7an d\u00fczenlemeler yapmaktad\u0131r. Sulama birliklerinin se\u00e7ilmi\u015f temsilciler yerine h\u00fck\u00fcmetin atad\u0131\u011f\u0131 memurlarca y\u00f6netilmesi bu anlamda kayg\u0131lar\u0131m\u0131z\u0131 art\u0131rmaktad\u0131r\u201d dedi.<\/span><\/p>\n<p class=\"m_1100015820823669946x_MsoNormal\" style=\"margin: 0cm 0cm 10pt; line-height: 16.8667px; font-size: 11pt; font-family: Calibri, sans-serif;\">\u00a0<\/p>\n<p class=\"m_1100015820823669946x_MsoNormal\" style=\"margin: 0cm 0cm 10pt; line-height: 16.8667px; font-size: 11pt; font-family: Calibri, sans-serif;\"><span style=\"font-size:16px;\">DS\u0130 raporuna g\u00f6re sulama birliklerinde i kurumsalla\u015fma ve d\u00fczelmelerin oldu\u011funu, tahsilatlarda art\u0131\u015f oldu\u011funu ve s\u00fcrd\u00fcr\u00fclebilir sulama y\u00f6ntemi i\u00e7in gayret sarf edildi\u011fini kaydeden \u00c7amak, \u201cYine bu rapora g\u00f6re T\u00fcrkiye&#8217;deki birliklerin y\u00fczde 74&#8217;\u00fc ba\u015far\u0131l\u0131, y\u00fczde 22&#8217;si orta durumda, sadece y\u00fczde 4&#8217;\u00fc s\u0131k\u0131nt\u0131l\u0131 g\u00f6r\u00fclmektedir. Yani, buralarda herhangi bir zarar s\u00f6z konusu de\u011fil.\u00a0\u00a0Y\u00f6renin do\u011fas\u0131na, topra\u011fa v\u00e2k\u0131f olan ve o b\u00f6lgenin \u00e7ift\u00e7ilerinin ortak karar\u0131yla se\u00e7ilen birliklere \u00e2deta kayyum atayarak \u00e7\u00f6z\u00fcm bulunamaz. Sulama birliklerinin ba\u015f\u0131nda bulunan insanlar delegeler arac\u0131l\u0131\u011f\u0131yla d\u00f6rt y\u0131ll\u0131\u011f\u0131na se\u00e7ilip, bizler gibi se\u00e7im kurullar\u0131nca mazbatalar\u0131n\u0131 alan ki\u015filerdir. Daha g\u00f6revlerinin dolmas\u0131na iki bu\u00e7uk y\u0131l varken bu se\u00e7ilmi\u015f insanlar\u0131, herhangi bir gerek\u00e7e olmaks\u0131z\u0131n, g\u00f6revlerinden azledip kurumlar\u0131n\u0131n ba\u015f\u0131na kayyum atamak ne hukuk devletine ne de vicdana s\u0131\u011far. Bu kanunla t\u00fcm \u00fclkenin su kaynaklar\u0131 sat\u0131lacakt\u0131r, bu de\u011fi\u015fikli\u011fin temelinde b\u00f6yle bir mant\u0131\u011f\u0131n yatt\u0131\u011f\u0131ndan \u015f\u00fcphemiz yok.\u00a0\u00a0Buradan yetkililere cidden \u015funu sormak isterim: Ekonomimiz dedi\u011finiz gibi s\u00fcperse son zamanlarda devlet kaynaklar\u0131n\u0131 \u00e7\u0131lg\u0131nca satma sevdan\u0131z\u0131n nedeni nedir? Tarih ileride bu vatan\u0131n kaynaklar\u0131n\u0131n b\u00f6yle hoyrat\u00e7a sat\u0131ld\u0131\u011f\u0131 g\u00fcnleri yazd\u0131\u011f\u0131nda insanlar\u0131n y\u00fcz\u00fcne bakabilmeniz i\u00e7in gelin, yol yak\u0131nken bu hatadan d\u00f6n\u00fcn, her yere el atma sevdas\u0131ndan vazge\u00e7in. B\u0131rak\u0131n, \u00e7ift\u00e7iler kendi ekip bi\u00e7tikleri yerlerin su kaynaklar\u0131n\u0131 kendileri y\u00f6netsinler. Tekrarl\u0131yorum: B\u0131rak\u0131n, \u00e7ift\u00e7iler kendi ekip bi\u00e7tikleri yerlerin su kaynaklar\u0131n\u0131 kendileri y\u00f6netsinler\u201d ifadelerini kulland\u0131.<\/span><\/p>\n<\/div>\n<\/blockquote>\n","protected":false},"excerpt":{"rendered":"<p>CHP Mersin Milletvekili Dr. H\u00fcseyin \u00c7amak, sulama birliklerinin su y\u00f6netimi ve kurakl\u0131kla m\u00fccadele a\u00e7\u0131s\u0131ndan \u00f6nemli roller \u00fcstlendi\u011fini belirterek, \u201cD\u00fcnya, g\u00fcn ge\u00e7tik\u00e7e suyun \u00f6nemini kavramakta, her devlet gelece\u011fini planlarken su kaynaklar\u0131n\u0131n &hellip; <a href=\"https:\/\/akdenizolaygazetesi.com\/?p=1789\" class=\"more-link\">Devam\u0131n\u0131 Oku&#8230;<\/a><\/p>\n","protected":false},"author":1,"featured_media":0,"comment_status":"open","ping_status":"open","sticky":false,"template":"","format":"standard","meta":[],"categories":[],"tags":[],"_links":{"self":[{"href":"https:\/\/akdenizolaygazetesi.com\/index.php?rest_route=\/wp\/v2\/posts\/1789"}],"collection":[{"href":"https:\/\/akdenizolaygazetesi.com\/index.php?rest_route=\/wp\/v2\/posts"}],"about":[{"href":"https:\/\/akdenizolaygazetesi.com\/index.php?rest_route=\/wp\/v2\/types\/post"}],"author":[{"embeddable":true,"href":"https:\/\/akdenizolaygazetesi.com\/index.php?rest_route=\/wp\/v2\/users\/1"}],"replies":[{"embeddable":true,"href":"https:\/\/akdenizolaygazetesi.com\/index.php?rest_route=%2Fwp%2Fv2%2Fcomments&post=1789"}],"version-history":[{"count":0,"href":"https:\/\/akdenizolaygazetesi.com\/index.php?rest_route=\/wp\/v2\/posts\/1789\/revisions"}],"wp:attachment":[{"href":"https:\/\/akdenizolaygazetesi.com\/index.php?rest_route=%2Fwp%2Fv2%2Fmedia&parent=1789"}],"wp:term":[{"taxonomy":"category","embeddable":true,"href":"https:\/\/akdenizolaygazetesi.com\/index.php?rest_route=%2Fwp%2Fv2%2Fcategories&post=1789"},{"taxonomy":"post_tag","embeddable":true,"href":"https:\/\/akdenizolaygazetesi.com\/index.php?rest_route=%2Fwp%2Fv2%2Ftags&post=1789"}],"curies":[{"name":"wp","href":"https:\/\/api.w.org\/{rel}","templated":true}]}}