{"id":1790,"date":"2020-11-04T18:22:20","date_gmt":"2020-11-04T15:22:20","guid":{"rendered":"http:\/\/mersinekonomipolitikagazetesi.com\/?p=1790"},"modified":"2020-11-04T18:22:20","modified_gmt":"2020-11-04T15:22:20","slug":"8-beste-yarismasinda-oduller-sahiplerini-buldu","status":"publish","type":"post","link":"https:\/\/akdenizolaygazetesi.com\/?p=1790","title":{"rendered":"8. Beste Yar\u0131\u015fmas\u0131\u2019nda \u00d6d\u00fcller Sahiplerini Buldu"},"content":{"rendered":"<p>17. Mersin Uluslararas\u0131 M\u00fczik Festivali kapsam\u0131nda ger\u00e7ekle\u015ftirilen 8. Beste Yar\u0131\u015fmas\u0131 sona erdi.<\/p>\n<blockquote style=\"color: rgb(34, 34, 34); font-family: arial, sans-serif; font-size: 12.8px; font-style: normal; line-height: normal;\" type=\"cite\">\n<div dir=\"ltr\">\n<p class=\"m_-2440955824484243253x_MsoNormal\" style=\"text-align: justify; margin: 0cm 0cm 0.0001pt; font-size: 12pt; font-family: 'Times New Roman', serif;\">17. Mersin Uluslararas\u0131 M\u00fczik Festivali kapsam\u0131nda \u201cMersin Kelebeklerine Ezgi Ar\u0131yor\u201d temas\u0131yla d\u00f6rt klarnet formunda d\u00fczenlenen 8. Beste Yar\u0131\u015fmas\u0131 Final Konseri, 17 Nisan 2018 Sal\u0131 g\u00fcn\u00fc saat: 20.00\u2019de Mersin Latin Katolik Kilisesi\u2019nde sanatseverlerle bulu\u015ftu. Finale kalan 5 eser, klarinet sanat\u00e7\u0131lar\u0131; Beste \u00d6zgen, Mehmet Girici, M\u00fcjdat \u015eenormanl\u0131lar, George Kovziridze ve Eren \u00c7am, taraf\u0131ndan seslendirildi.<\/p>\n<\/div>\n<\/blockquote>\n<div>\n<div dir=\"ltr\">\n<p class=\"m_-2440955824484243253x_MsoNormal\" style=\"text-align: justify; margin: 0cm 0cm 0.0001pt; font-size: 12pt; font-family: 'Times New Roman', serif;\">\u00a0<\/p>\n<\/div>\n<\/div>\n","protected":false},"excerpt":{"rendered":"<p>17. Mersin Uluslararas\u0131 M\u00fczik Festivali kapsam\u0131nda ger\u00e7ekle\u015ftirilen 8. Beste Yar\u0131\u015fmas\u0131 sona erdi. 17. Mersin Uluslararas\u0131 M\u00fczik Festivali kapsam\u0131nda \u201cMersin Kelebeklerine Ezgi Ar\u0131yor\u201d temas\u0131yla d\u00f6rt klarnet formunda d\u00fczenlenen 8. Beste Yar\u0131\u015fmas\u0131 &hellip; <a href=\"https:\/\/akdenizolaygazetesi.com\/?p=1790\" class=\"more-link\">Devam\u0131n\u0131 Oku&#8230;<\/a><\/p>\n","protected":false},"author":1,"featured_media":0,"comment_status":"open","ping_status":"open","sticky":false,"template":"","format":"standard","meta":[],"categories":[],"tags":[],"_links":{"self":[{"href":"https:\/\/akdenizolaygazetesi.com\/index.php?rest_route=\/wp\/v2\/posts\/1790"}],"collection":[{"href":"https:\/\/akdenizolaygazetesi.com\/index.php?rest_route=\/wp\/v2\/posts"}],"about":[{"href":"https:\/\/akdenizolaygazetesi.com\/index.php?rest_route=\/wp\/v2\/types\/post"}],"author":[{"embeddable":true,"href":"https:\/\/akdenizolaygazetesi.com\/index.php?rest_route=\/wp\/v2\/users\/1"}],"replies":[{"embeddable":true,"href":"https:\/\/akdenizolaygazetesi.com\/index.php?rest_route=%2Fwp%2Fv2%2Fcomments&post=1790"}],"version-history":[{"count":0,"href":"https:\/\/akdenizolaygazetesi.com\/index.php?rest_route=\/wp\/v2\/posts\/1790\/revisions"}],"wp:attachment":[{"href":"https:\/\/akdenizolaygazetesi.com\/index.php?rest_route=%2Fwp%2Fv2%2Fmedia&parent=1790"}],"wp:term":[{"taxonomy":"category","embeddable":true,"href":"https:\/\/akdenizolaygazetesi.com\/index.php?rest_route=%2Fwp%2Fv2%2Fcategories&post=1790"},{"taxonomy":"post_tag","embeddable":true,"href":"https:\/\/akdenizolaygazetesi.com\/index.php?rest_route=%2Fwp%2Fv2%2Ftags&post=1790"}],"curies":[{"name":"wp","href":"https:\/\/api.w.org\/{rel}","templated":true}]}}