{"id":1792,"date":"2020-11-04T18:22:20","date_gmt":"2020-11-04T15:22:20","guid":{"rendered":"http:\/\/mersinekonomipolitikagazetesi.com\/?p=1792"},"modified":"2020-11-04T18:22:20","modified_gmt":"2020-11-04T15:22:20","slug":"vodafone-yarini-kodlayanlar-projesiyle-mersinde-300-cocuga-kodlama-egitimi-verecek","status":"publish","type":"post","link":"https:\/\/akdenizolaygazetesi.com\/?p=1792","title":{"rendered":"VODAFONE \u2018YARINI KODLAYANLAR\u2019 PROJES\u0130YLE  MERS\u0130N\u2019DE 300 \u00c7OCU\u011eA KODLAMA E\u011e\u0130T\u0130M\u0130 VERECEK"},"content":{"rendered":"<p>T\u00fcrkiye Vodafone Vakf\u0131 ve Habitat Derne\u011fi taraf\u0131ndan dijital gelece\u011fe haz\u0131r nesillerin yeti\u015ftirilmesi hedefiyle hayata ge\u00e7irilen \u201cYar\u0131n\u0131 Kodlayanlar\u201d projesi kapsam\u0131nda Mersin\u2019de Ekim 2017\u2019de ba\u015flat\u0131lan ve bug\u00fcne kadar 120 \u00e7ocu\u011fa ula\u015fan kodlama e\u011fitimlerine yeni e\u011fitimlerle devam edildi.<\/p>\n<blockquote style=\"color: rgb(34, 34, 34); font-family: arial, sans-serif; font-size: 12.8px; font-style: normal; line-height: normal;\" type=\"cite\">\n<div class=\"m_3799776372034838899x_WordSection1\">\n<p align=\"center\" class=\"m_3799776372034838899x_MsoNormal\" style=\"text-align: center;\"><span class=\"m_3799776372034838899x_apple-converted-space\"><b><span style=\"border: 1pt none windowtext; padding: 0cm;\">E<\/span><\/b><\/span><b>\u011fitimlerde,\u00a07-14 ya\u015f aras\u0131\u00a0120\u00a0Mersinli \u00e7ocuk, programlama hakk\u0131nda fikir sahibi olurken, yarat\u0131c\u0131l\u0131klar\u0131n\u0131 ortaya \u00e7\u0131karacak \u00e7al\u0131\u015fmalar yapt\u0131.\u00a0Mersin\u2019le birlikte Akdeniz B\u00f6lgesi\u2019nde toplam 750 \u00e7ocu\u011fa \u00a0ula\u015f\u0131lacak.<\/b><\/p>\n<p class=\"m_3799776372034838899x_MsoNormal\"><b>\u00a0<\/b><\/p>\n<p class=\"m_3799776372034838899x_MsoNormal\" style=\"text-align: justify;\"><b><span style=\"font-size: 11.5pt;\">18 Nisan<span class=\"m_3799776372034838899x_apple-converted-space\"><span style=\"border: 1pt none windowtext; padding: 0cm;\">\u00a0<\/span><\/span>2018\u00a0<\/span><\/b><span style=\"font-size: 11.5pt;\">\u2013<\/span><span style=\"font-size: 11.5pt;\">\u00a0Toplumsal de\u011fi\u015fim ve geli\u015fimin \u00f6nc\u00fcs\u00fc olma hedefiyle faaliyet g\u00f6steren\u00a0<b>T\u00fcrkiye Vodafone Vakf\u0131,<\/b>\u00a0dijital gelece\u011fe haz\u0131r nesiller yeti\u015ftirilmesi hedefiyle Habitat Derne\u011fi i\u015fbirli\u011finde hayata ge\u00e7irdi\u011fi\u00a0<b>\u201cYar\u0131n\u0131 Kodlayanlar\u201d<\/b>\u00a0projesi kapsam\u0131nda Mersin\u2019de Ekim ay\u0131nda ba\u015flatt\u0131\u011f\u0131 kodlama e\u011fitimlerine devam ediyor. E\u011fitimlerde, ya\u015flar\u0131 7-14 aras\u0131nda de\u011fi\u015fen toplam 120 \u00e7ocu\u011fa kodlama e\u011fitimi verildi. Mersinli \u00e7ocuklar, programlama hakk\u0131nda fikir sahibi olurken, yarat\u0131c\u0131l\u0131klar\u0131n\u0131 ortaya \u00e7\u0131karacak \u00e7al\u0131\u015fmalar yapt\u0131.<\/span><\/p>\n<p class=\"m_3799776372034838899x_MsoNormal\" style=\"text-align: justify;\"><span style=\"font-size: 11.5pt;\">\u00a0<\/span><\/p>\n<p class=\"m_3799776372034838899x_MsoNormal\" style=\"text-align: justify;\"><span style=\"font-size: 11.5pt; letter-spacing: -0.2pt;\">Yar\u0131n\u0131 Kodlayanlar projesiyle bug\u00fcne kadar 120 \u00e7ocu\u011fa ula\u015f\u0131lan Mersin\u2019de 6 ayda 4 e\u011fitmenle toplam 180 \u00e7ocu\u011fa kodlama e\u011fitimi verilmesi hedefleniyor. B\u00f6ylece Mersin\u2019le birlikte Akdeniz B\u00f6lgesi\u2019nde toplam 750 \u00e7ocu\u011fa ula\u015f\u0131lacak.<\/span><\/p>\n<p class=\"m_3799776372034838899x_MsoNormal\" style=\"text-align: justify;\"><b><span style=\"font-size: 11.5pt;\">\u00a0<\/span><\/b><\/p>\n<p class=\"m_3799776372034838899x_MsoNormal\" style=\"text-align: justify;\"><span style=\"font-size: 11.5pt;\">Bas\u0131n toplant\u0131s\u0131nda konu\u015fan<b>\u00a0Vodafone T\u00fcrkiye CEO\u2019su Colman Deegan,<\/b>\u00a0\u015funlar\u0131 s\u00f6yledi:<\/span><\/p>\n<p class=\"m_3799776372034838899x_MsoNormal\" style=\"text-align: justify;\"><span style=\"font-size: 11.5pt;\">\u201cDijital d\u00fcnyan\u0131n dili kodlama. Gelece\u011fin meslekleri kodlamaya dayanacak. Her bir \u00e7ocu\u011fumuz kod yazmaya ba\u015flad\u0131\u011f\u0131nda, T\u00fcrkiye dijitalle\u015fmi\u015f olacak. Kodlaman\u0131n yayg\u0131nla\u015fmas\u0131, yerli yaz\u0131l\u0131m \u00fcretimini de te\u015fvik edecek. B\u00f6ylece T\u00fcrkiye teknoloji t\u00fcketen de\u011fil, teknoloji \u00fcreten bir nesle sahip olacak. Kodlama e\u011fitimi verdi\u011fimiz \u00e7ocuklarla ba\u011flant\u0131m\u0131z fiziksel e\u011fitimlerle s\u0131n\u0131rl\u0131 kalmayacak. Bu \u00e7ocuklar\u0131m\u0131za uzun vadede farkl\u0131 dijital platformlardan da ula\u015farak dijital alandaki e\u011fitim ve geli\u015fimlerini s\u00fcrd\u00fcrmelerine destek olaca\u011f\u0131z. \u00c7ocuklar\u0131m\u0131z\u0131 gelece\u011fin heyecan verici d\u00fcnyas\u0131na haz\u0131rlamaya devam edece\u011fiz.\u201d<\/span><\/p>\n<p class=\"m_3799776372034838899x_MsoNormal\" style=\"text-align: justify;\"><b><span style=\"font-size: 11.5pt;\">\u00a0<\/span><\/b><\/p>\n<p class=\"m_3799776372034838899x_MsoNormal\" style=\"text-align: justify;\"><b><span style=\"font-size: 11.5pt;\">Scratch program\u0131 kullan\u0131l\u0131yor<\/span><\/b><\/p>\n<p class=\"m_3799776372034838899x_MsoNormal\" style=\"text-align: justify;\"><span style=\"font-size: 11.5pt;\">\u00a0<\/span><\/p>\n<p class=\"m_3799776372034838899x_MsoNormal\" style=\"text-align: justify;\"><span style=\"font-size: 11.5pt;\">\u201cYar\u0131n\u0131 Kodlayanlar\u201d projesi kapsam\u0131nda, \u00e7ocuklara g\u00f6n\u00fcll\u00fc e\u011fitmenlerin y\u00f6netiminde programlamaya giri\u015f, uygulama yapma, hik\u00e2ye olu\u015fturma ve oyun yapma gibi konularda teorik ve uygulamal\u0131 e\u011fitim veriliyor. Kodlama e\u011fitimlerinde d\u00fcnyan\u0131n en iyi teknik \u00fcniversitesi olarak tan\u0131nan MIT\u2019nin \u00e7ocuklara y\u00f6nelik geli\u015ftirdi\u011fi temel kodlama program\u0131 Scratch kullan\u0131l\u0131yor. Ayr\u0131ca Nesnelerin \u0130nterneti (IoT) uygulamalar\u0131n\u0131n kodlanmas\u0131na y\u00f6nelik Arduino e\u011fitimleri de verilecek. \u00c7ocuklar\u0131n hayalleri ile ger\u00e7eklik aras\u0131ndaki mesafeyi k\u0131saltan Arduino, bilinmez bir kara kutu olarak g\u00f6r\u00fclen elektronik cihazlar\u0131n i\u00e7 d\u00fcnyas\u0131n\u0131 ayd\u0131nlat\u0131yor. Teknik uzmanl\u0131\u011f\u0131 olmayan insanlar i\u00e7in tasarlanan, kullan\u0131m kolayl\u0131\u011f\u0131 sunan ve a\u00e7\u0131k donan\u0131m \u00f6zelli\u011fine sahip olan Arduino, \u00e7ocuklara kendi \u0131s\u0131 \u00f6l\u00e7erlerini ya da uzaktan kumandal\u0131 ara\u00e7lar\u0131n\u0131 yapma imk\u00e2n\u0131 veriyor. Arduino e\u011fitimlerinin ard\u0131ndan ulusal bir kamp d\u00fczenlenerek ba\u015far\u0131l\u0131 \u00f6\u011frenciler yurtd\u0131\u015f\u0131nda kodlama alan\u0131nda d\u00fcnyan\u0131n \u00f6nde gelen platformlar\u0131yla tan\u0131\u015ft\u0131r\u0131lacak.<\/span><\/p>\n<p class=\"m_3799776372034838899x_MsoNormal\" style=\"text-align: justify;\"><span style=\"font-size: 11.5pt;\">\u00a0<\/span><\/p>\n<p class=\"m_3799776372034838899x_MsoNormal\" style=\"text-align: justify;\"><span style=\"font-size: 11.5pt;\">\u00a0<\/span><\/p>\n<p class=\"m_3799776372034838899x_MsoNormal\" style=\"text-align: justify;\"><b><span style=\"font-size: 11.5pt;\">\u201cYar\u0131n\u0131 Kodlayanlar\u201d d\u00fcnyaya \u00f6rnek oldu<\/span><\/b><\/p>\n<p class=\"m_3799776372034838899x_MsoNormal\" style=\"text-align: justify;\"><span style=\"font-size: 11.5pt;\">\u00a0<\/span><\/p>\n<p class=\"m_3799776372034838899x_MsoNormal\" style=\"text-align: justify;\"><span style=\"font-size: 11.5pt;\">\u201cYar\u0131n\u0131 Kodlayanlar\u201d, Vodafone Grubu\u2019nun \u201cConnected Education\u201d raporunda ba\u015far\u0131 hik\u00e2yesi olarak yer alarak, s\u00fcrd\u00fcr\u00fclebilir e\u011fitim modeliyle dijital okuryazarl\u0131k e\u011fitimi alan\u0131nda d\u00fcnyaya \u00f6rnek oldu. D\u00fcnya genelinde e\u011fitimde dijitalle\u015fmeyi sa\u011flamak \u00fczere Vodafone\u2019un liderli\u011finde hayata ge\u00e7irilen inisiyatiflerin tan\u0131t\u0131ld\u0131\u011f\u0131 \u201cConnected Education\u201d raporunda \u201cOnline E\u011fitim Platformlar\u0131na\/Uygulamalara Eri\u015fim\u201d, \u201cDijital Okuryazarl\u0131k E\u011fitimi\u201d, \u201cE\u011fitmen E\u011fitimi\u201d ve \u201cM\u00fclteci Kamplar\u0131nda E\u011fitim\u201d olmak \u00fczere 4 ana tema alt\u0131nda 14 farkl\u0131 inisiyatif ele al\u0131n\u0131yor. Raporda anlat\u0131lan dijital e\u011fitim inisiyatiflerinin Vodafone\u2019un faaliyet g\u00f6sterdi\u011fi \u00fclke ve pazarlarda yayg\u0131nla\u015fmas\u0131 ile 2025 y\u0131l\u0131na kadar 85 milyonu a\u015fk\u0131n insana eri\u015fmek ve y\u0131lda 7,3 milyar dolarl\u0131k ekonomik fayda sa\u011flamak m\u00fcmk\u00fcn olacak.<\/span><\/p>\n<p class=\"m_3799776372034838899x_MsoNormal\" style=\"text-align: justify;\"><span style=\"font-size: 11.5pt;\">\u00a0<\/span><\/p>\n<p class=\"m_3799776372034838899x_MsoNormal\" style=\"text-align: justify;\"><b><span style=\"font-size: 11.5pt;\">Gelece\u011fin meslekleri kodlamaya dayanacak<\/span><\/b><\/p>\n<p class=\"m_3799776372034838899x_MsoNormal\" style=\"text-align: justify;\"><span style=\"font-size: 11.5pt;\">\u00a0<\/span><\/p>\n<p class=\"m_3799776372034838899x_MsoNormal\" style=\"text-align: justify;\"><span style=\"font-size: 11.5pt;\">Dijital d\u00fcnyan\u0131n &#8220;lisan&#8221;\u0131 olarak kabul edilen kodlama, \u00e7ocuklar\u0131n yarat\u0131c\u0131l\u0131klar\u0131n\u0131 geli\u015ftiriyor ve onlara yenilik\u00e7i d\u00fc\u015f\u00fcnmenin kap\u0131lar\u0131n\u0131 a\u00e7\u0131yor. OECD\u2019nin dijital ekonomi konulu son raporuna g\u00f6re 3 \u00e7ocuktan 2\u2019si bug\u00fcn bilinmeyen mesleklere sahip olacak. Gelecekte robot veterinerli\u011fi, holoportasyon uzmanl\u0131\u011f\u0131, etik hacker\u2019l\u0131k, duygu tasar\u0131mc\u0131l\u0131\u011f\u0131, bilgi madencili\u011fi, yapay organ imalat\u00e7\u0131s\u0131 ve r\u00fcya ger\u00e7ekle\u015ftiricili\u011fi gibi meslekler ortaya \u00e7\u0131kacak. Kula\u011fa \u00fctopik gelen bu meslekler 20 y\u0131l i\u00e7inde \u015firketlerdeki yerini alacak. Bu yeni mesleklerin temelinde ise kodlama olacak.<\/span><\/p>\n<\/div>\n<\/blockquote>\n","protected":false},"excerpt":{"rendered":"<p>T\u00fcrkiye Vodafone Vakf\u0131 ve Habitat Derne\u011fi taraf\u0131ndan dijital gelece\u011fe haz\u0131r nesillerin yeti\u015ftirilmesi hedefiyle hayata ge\u00e7irilen \u201cYar\u0131n\u0131 Kodlayanlar\u201d projesi kapsam\u0131nda Mersin\u2019de Ekim 2017\u2019de ba\u015flat\u0131lan ve bug\u00fcne kadar 120 \u00e7ocu\u011fa ula\u015fan kodlama &hellip; <a href=\"https:\/\/akdenizolaygazetesi.com\/?p=1792\" class=\"more-link\">Devam\u0131n\u0131 Oku&#8230;<\/a><\/p>\n","protected":false},"author":1,"featured_media":0,"comment_status":"open","ping_status":"open","sticky":false,"template":"","format":"standard","meta":[],"categories":[],"tags":[],"_links":{"self":[{"href":"https:\/\/akdenizolaygazetesi.com\/index.php?rest_route=\/wp\/v2\/posts\/1792"}],"collection":[{"href":"https:\/\/akdenizolaygazetesi.com\/index.php?rest_route=\/wp\/v2\/posts"}],"about":[{"href":"https:\/\/akdenizolaygazetesi.com\/index.php?rest_route=\/wp\/v2\/types\/post"}],"author":[{"embeddable":true,"href":"https:\/\/akdenizolaygazetesi.com\/index.php?rest_route=\/wp\/v2\/users\/1"}],"replies":[{"embeddable":true,"href":"https:\/\/akdenizolaygazetesi.com\/index.php?rest_route=%2Fwp%2Fv2%2Fcomments&post=1792"}],"version-history":[{"count":0,"href":"https:\/\/akdenizolaygazetesi.com\/index.php?rest_route=\/wp\/v2\/posts\/1792\/revisions"}],"wp:attachment":[{"href":"https:\/\/akdenizolaygazetesi.com\/index.php?rest_route=%2Fwp%2Fv2%2Fmedia&parent=1792"}],"wp:term":[{"taxonomy":"category","embeddable":true,"href":"https:\/\/akdenizolaygazetesi.com\/index.php?rest_route=%2Fwp%2Fv2%2Fcategories&post=1792"},{"taxonomy":"post_tag","embeddable":true,"href":"https:\/\/akdenizolaygazetesi.com\/index.php?rest_route=%2Fwp%2Fv2%2Ftags&post=1792"}],"curies":[{"name":"wp","href":"https:\/\/api.w.org\/{rel}","templated":true}]}}