{"id":1793,"date":"2020-11-04T18:22:20","date_gmt":"2020-11-04T15:22:20","guid":{"rendered":"http:\/\/mersinekonomipolitikagazetesi.com\/?p=1793"},"modified":"2020-11-04T18:22:20","modified_gmt":"2020-11-04T15:22:20","slug":"turizm-ogrencileri-is-hayatina-ugurlandi","status":"publish","type":"post","link":"https:\/\/akdenizolaygazetesi.com\/?p=1793","title":{"rendered":"Turizm \u00f6\u011frencileri i\u015f hayat\u0131na u\u011furland\u0131"},"content":{"rendered":"<p>Mersin \u00dcniversitesi\u2019nde mezuniyet heyecan\u0131 ya\u015fanmaya ba\u015flad\u0131. Turizm Fak\u00fcltesi 2017-2018 E\u011fitim-\u00d6\u011fretim y\u0131l\u0131 mezunlar\u0131 mezuniyetlerini co\u015fkuyla kutlad\u0131.<\/p>\n<p><span style=\"font-size:16px;\">Mersin \u00dcniversitesi U\u011fur Oral K\u00fclt\u00fcr Merkezi\u2019nde ger\u00e7ekle\u015ftirilen t\u00f6renle, Turizm Fak\u00fcltesi 35\u2019inci d\u00f6nem mezunlar\u0131 mezuniyetlerini co\u015fkulu bir \u015fekilde kutlad\u0131.<\/span><\/p>\n<p><span style=\"font-size:16px;\">T\u00f6rene, Rekt\u00f6r Yard\u0131mc\u0131s\u0131 Prof. Dr. Erol Ya\u015far, Turizm Fak\u00fcltesi Dekan\u0131 Prof. Dr. Kemal Birdir, Turizm Fak\u00fcltesi Kurucu M\u00fcd\u00fcr\u00fc Prof. Dr. M\u00fckremin Alt\u0131nta\u015f, Mersin Turizm Mezunlar\u0131 Derne\u011fi (MET\u0130OD) Ba\u015fkan\u0131 \u00d6\u011fr. G\u00f6r. Erdem Da\u015f\u00e7\u0131\u2019n\u0131n yan\u0131 s\u0131ra \u00f6\u011frenci ve \u00f6\u011frencilerin aileleri de kat\u0131ld\u0131.<\/span><\/p>\n<p>\u00a0<\/p>\n<p><span style=\"font-size:16px;\">Rekt\u00f6r Yard\u0131mc\u0131s\u0131 Prof. Dr. Erol Ya\u015far, \u201cTurizm Fak\u00fcltemiz kuruldu\u011fu ilk y\u0131llardan bu g\u00fcne kadar \u00fclkemizin en \u00f6nemli Turizm Fak\u00fcltelerinden biri olmay\u0131, ad\u0131ndan s\u0131k\u00e7a bahsettirmeyi ba\u015faran, y\u0131l i\u00e7inde ulusal ve uluslararas\u0131 bir\u00e7ok etkinli\u011fe imza atan fak\u00fcltelerden birisi olmu\u015ftur.\u201d diyerek, \u201cD\u00fcn oldu\u011fu gibi bug\u00fcnde Turizm Fak\u00fcltesi g\u00f6\u011fs\u00fcm\u00fcz\u00fc kabartmay\u0131 ba\u015farm\u0131\u015f ve bizleri gururland\u0131rm\u0131\u015ft\u0131r. Bu gurur \u00f6\u011frencilerimizin, de\u011ferli velilerimizin ve hocalar\u0131m\u0131z\u0131nd\u0131r. De\u011ferli veliler bug\u00fcn ya\u015fad\u0131\u011f\u0131n\u0131z duygular herkesin ya\u015fad\u0131\u011f\u0131 duygulardan elbette ki daha farkl\u0131 olacakt\u0131r. Do\u011fdu\u011fu andan itibaren \u00f6zenle sab\u0131rla ve b\u00fcy\u00fck bir emekle b\u00fcy\u00fctt\u00fc\u011f\u00fcn\u00fcz \u00e7ocuklar\u0131n\u0131z mezun oluyor ve bundan sonra kendi ayaklar\u0131 \u00fczerinde duracak ve kendi hayatlar\u0131na y\u00f6n verecekler. Onlarla ne kadar gurur duysan\u0131z azd\u0131r. Yapt\u0131klar\u0131 ve yapacaklar\u0131 bizler gibi sizleri de onurland\u0131racakt\u0131r.\u201d dedi.<\/span><\/p>\n<p>\u00a0<\/p>\n<p><span style=\"font-size:16px;\">Turizm Fak\u00fcltesi Dekan\u0131 Prof. Dr. Kemal Birdir, ise; \u201cBu \u00e7ocuklar\u0131 vatan\u0131na, milletine, ailesine hay\u0131rl\u0131 birer birey olarak yeti\u015ftirmeye \u00e7al\u0131\u015fan, T\u00fcrkiye\u2019nin en k\u00f6kl\u00fc Turizm Okullar\u0131ndan birinden mezun oluyorlar, hepsini can\u0131 g\u00f6n\u00fclden tebrik ediyorum. Bug\u00fcn T\u00fcrkiye\u2019nin en prestijli y\u00f6neticilerini yeti\u015ftiren, bir\u00e7ok noktada ba\u015far\u0131l\u0131 bir fak\u00fclte olmay\u0131 ba\u015fard\u0131k. Benim inanc\u0131m bug\u00fcn kar\u015f\u0131m\u0131zda olan 125 p\u0131r\u0131l p\u0131r\u0131l gen\u00e7 \u00f6n\u00fcm\u00fczdeki y\u0131llarda okulumuzu ve siz ailelerini gururland\u0131rmaya devam edecek.\u201d ifadelerini kulland\u0131.<\/span><\/p>\n<p>\u00a0<\/p>\n<p><span style=\"font-size:16px;\">MET\u0130OD Ba\u015fkan\u0131 \u00d6\u011fr. G\u00f6r. Erdem Da\u015f\u00e7\u0131 da; \u201cMET\u0130OD\u2019lu olmak; etik de\u011ferlere sayg\u0131 g\u00f6stermek, i\u015f ahlak\u0131, kamu ahlak\u0131 ile birlikte hareket edebilmektir, ba\u015farmak demektir. Son olarak bizim Anadolu terbiyemiz de analar\u0131m\u0131z\u0131n, bac\u0131lar\u0131m\u0131z\u0131n bize bir sevgi dili var onunla kapatmak istiyorum, ben bu canlara kurban olurum.\u201d dedi.<\/span><\/p>\n<p>\u00a0<\/p>\n<p><span style=\"font-size:16px;\">Fak\u00fclte 1\u2019incisi Emirhan \u00dcst\u00fcn, \u201cBug\u00fcn alaca\u011f\u0131m\u0131z belge hi\u00e7 ku\u015fkusuz ailelerimizin, hocalar\u0131m\u0131z\u0131n ve bizlerin emek ve \u00f6zverisinin gurur verici bir sonucunu temsil ediyor. Ya\u015fad\u0131\u011f\u0131m\u0131z g\u00fczel dostluk ve arkada\u015fl\u0131klar\u0131n bir \u00f6m\u00fcr devam etmesini diliyorum. Bir g\u00fcn turizmci olma hayalinin \u015fimdi ger\u00e7ekle\u015fiyor olmas\u0131n\u0131n gururunu ya\u015f\u0131yoruz\u201d \u015feklinde konu\u015ftu.<\/span><\/p>\n<p>\u00a0<\/p>\n<p><span style=\"font-size:16px;\">\u00d6\u011frencilerden \u00c7i\u011fdem Fi\u015fne ise \u015funlar\u0131 kaydetti: \u201c2014 y\u0131l\u0131nda tam tam\u0131na 14 ki\u015fi olarak ba\u015flad\u0131k. Soranlara gastronomi okuyoruz dedi\u011fimizde kimileri gastroloji sanarak mide a\u011fr\u0131lar\u0131na \u00e7are olmamam\u0131z\u0131, kimileri de astronomi san\u0131p uzaya \u00e7\u0131kmam\u0131z\u0131 bekledi. Bizler a\u015f\u00e7\u0131y\u0131z. Kurulu\u015funda b\u00f6l\u00fcm\u00fcm\u00fcz\u00fcn e\u015fyalar\u0131n\u0131 tek tek kendimiz a\u00e7t\u0131k. Fedakar ailelerimiz gurbette ne yer ne i\u00e7er diye d\u00fc\u015f\u00fcn\u00fcrken bizler lezzetli s\u0131nav ka\u011f\u0131tlar\u0131m\u0131z yiyorduk.\u201d<\/span><\/p>\n<p>\u00a0<\/p>\n<p><span style=\"font-size:16px;\">Konu\u015fmalar\u0131n ard\u0131ndan, mezun olan di\u011fer \u00f6\u011frencilere Turizm Fak\u00fcltesi Dekan\u0131 Prof. Dr. Kemal Birdir ve \u00f6\u011fretim elemanlar\u0131 taraf\u0131ndan mezuniyet belgeleri verildi.<\/span><\/p>\n<div>\u00a0<\/div>\n<div>\u00a0<\/div>\n","protected":false},"excerpt":{"rendered":"<p>Mersin \u00dcniversitesi\u2019nde mezuniyet heyecan\u0131 ya\u015fanmaya ba\u015flad\u0131. Turizm Fak\u00fcltesi 2017-2018 E\u011fitim-\u00d6\u011fretim y\u0131l\u0131 mezunlar\u0131 mezuniyetlerini co\u015fkuyla kutlad\u0131. Mersin \u00dcniversitesi U\u011fur Oral K\u00fclt\u00fcr Merkezi\u2019nde ger\u00e7ekle\u015ftirilen t\u00f6renle, Turizm Fak\u00fcltesi 35\u2019inci d\u00f6nem mezunlar\u0131 mezuniyetlerini co\u015fkulu &hellip; <a href=\"https:\/\/akdenizolaygazetesi.com\/?p=1793\" class=\"more-link\">Devam\u0131n\u0131 Oku&#8230;<\/a><\/p>\n","protected":false},"author":1,"featured_media":0,"comment_status":"open","ping_status":"open","sticky":false,"template":"","format":"standard","meta":[],"categories":[],"tags":[],"_links":{"self":[{"href":"https:\/\/akdenizolaygazetesi.com\/index.php?rest_route=\/wp\/v2\/posts\/1793"}],"collection":[{"href":"https:\/\/akdenizolaygazetesi.com\/index.php?rest_route=\/wp\/v2\/posts"}],"about":[{"href":"https:\/\/akdenizolaygazetesi.com\/index.php?rest_route=\/wp\/v2\/types\/post"}],"author":[{"embeddable":true,"href":"https:\/\/akdenizolaygazetesi.com\/index.php?rest_route=\/wp\/v2\/users\/1"}],"replies":[{"embeddable":true,"href":"https:\/\/akdenizolaygazetesi.com\/index.php?rest_route=%2Fwp%2Fv2%2Fcomments&post=1793"}],"version-history":[{"count":0,"href":"https:\/\/akdenizolaygazetesi.com\/index.php?rest_route=\/wp\/v2\/posts\/1793\/revisions"}],"wp:attachment":[{"href":"https:\/\/akdenizolaygazetesi.com\/index.php?rest_route=%2Fwp%2Fv2%2Fmedia&parent=1793"}],"wp:term":[{"taxonomy":"category","embeddable":true,"href":"https:\/\/akdenizolaygazetesi.com\/index.php?rest_route=%2Fwp%2Fv2%2Fcategories&post=1793"},{"taxonomy":"post_tag","embeddable":true,"href":"https:\/\/akdenizolaygazetesi.com\/index.php?rest_route=%2Fwp%2Fv2%2Ftags&post=1793"}],"curies":[{"name":"wp","href":"https:\/\/api.w.org\/{rel}","templated":true}]}}