{"id":1794,"date":"2020-11-04T18:22:20","date_gmt":"2020-11-04T15:22:20","guid":{"rendered":"http:\/\/mersinekonomipolitikagazetesi.com\/?p=1794"},"modified":"2020-11-04T18:22:20","modified_gmt":"2020-11-04T15:22:20","slug":"yeni-nesile-anadolu-oba-yasantisini-tanitma","status":"publish","type":"post","link":"https:\/\/akdenizolaygazetesi.com\/?p=1794","title":{"rendered":"YEN\u0130 NES\u0130LE ANADOLU OBA YA\u015eANTISINI TANITMA"},"content":{"rendered":"<p>Mersin Akdeniz \u00c7ankaya Mahallesi&#8217;nde 20 Nisan 2018 Cuma g\u00fcn\u00fc saat 16.00\u2019da \u2018Anadolu Sel\u00e7ukluda Oba Ya\u015fant\u0131s\u0131\u2019  etkinli\u011fi ve \u2018Denizinden Yaylas\u0131na Toroslar\u2019 adl\u0131 i\u011fne oyas\u0131 bitkiler sergisi d\u00fczenlenecek.<\/p>\n<div id=\":4\">\n<div id=\":2\">\n<div role=\"main\">\n<table cellpadding=\"0\" role=\"presentation\" style=\"width:1675px;\">\n<tbody>\n<tr>\n<td>\n<div role=\"list\">\n<div role=\"listitem\" style=\"clear:both;\" tabindex=\"-1\">\n<div id=\":4j7\">\n<div data-legacy-message-id=\"162d87d96d2fb1d8\" data-message-id=\"162d87d96d2fb1d8\">\n<div style=\"margin-left:44px;\">\n<div id=\":3na\">\n<div id=\":45u\">\n<div dir=\"auto\">\n<blockquote type=\"cite\">\n<div dir=\"ltr\">\n<p><span style=\"font-size:16px;\">D\u00fczenlenecek olan tiyatral etkinli\u011fi ve sergi hakk\u0131nda Enstit\u00fc M\u00fcd\u00fcr\u00fc \u015e\u00fckriye Y\u0131lmaz \u00a0a\u00e7\u0131klama yapt\u0131.<\/span><\/p>\n<p><span style=\"font-size:16px;\">Yap\u0131lan a\u00e7\u0131klamada ya\u015fant\u0131s\u0131n\u0131 canland\u0131rd\u0131klar\u0131 etkinlik i\u00e7in iki y\u0131ld\u0131r derlenen ara\u015ft\u0131rmalar ve bulgulardan yola \u00e7\u0131k\u0131lm\u0131\u015f temalara sad\u0131k kal\u0131narak, gelenek ve g\u00f6renekleri yad ettikleri tiyatral bir sunum haz\u0131rlad\u0131klar\u0131 kaydedildi.<\/span><\/p>\n<p><span style=\"font-size: 16px; font-family: sans-serif, Arial, Verdana, 'Trebuchet MS'; line-height: 1.6em;\">20 Nisan\u2019da tiyatral g\u00f6steri yap\u0131ld\u0131ktan sonra Mersin y\u00f6resine iklim ve co\u011frafik \u00f6zelliklerine g\u00f6re yeti\u015fen endemik bitkilerin, i\u011fne oyas\u0131 ile yap\u0131lm\u0131\u015f sunum \u00e7al\u0131\u015fmalar\u0131n\u0131nda sergilenece\u011fi belirtildi.<\/span><\/p>\n<p>\u00a0<\/p>\n<p><span style=\"font-size:16px;\">\u201cB\u00d6LGEM\u0130ZDE HALA YA\u015eAMAKTA OLAN Y\u00d6R\u00dcK K\u00dcLT\u00dcR\u00dcN\u00dc SENTEZLEMEKTED\u0130R.\u201d<\/span><\/p>\n<p>\u00a0<\/p>\n<p><span style=\"font-size:16px;\">Etkinlik ve sergi hakk\u0131nda konu\u015fmas\u0131n\u0131 ger\u00e7ekle\u015ftiren Enstit\u00fc M\u00fcd\u00fcr\u00fc \u015e\u00fckriye Y\u0131lmaz: \u201cMersin Olgunla\u015fma Enstit\u00fcs\u00fcn\u00fcn Sanat Tasar\u0131m b\u00f6l\u00fcm\u00fcnde, iki y\u0131l s\u00fcren titiz \u00e7al\u0131\u015fmalar sonucunda haz\u0131rlanan \u2018Anadolu Sel\u00e7ukluda Oba Ya\u015fant\u0131s\u0131\u2019 temal\u0131 ve d\u00f6nemin \u00f6zelliklerini i\u00e7eren, T\u00fcrkl\u00fc\u011f\u00fcm\u00fcz\u00fcn \u00f6z\u00fcn\u00fc peki\u015ftiren, O\u011fuzlar\u0131n \u00fc\u00e7-ok kolundan, \u00fc\u00e7-oklar\u0131n K\u0131n\u0131k boyundan gelen ve Sel\u00e7uklu Devletinin temelini olu\u015fturan, B\u00f6lgemizde hala ya\u015famakta olan y\u00f6r\u00fck k\u00fclt\u00fcr\u00fcn\u00fc sentezlemektedir.\u201d ifadelerini kulland\u0131.<\/span><\/p>\n<p>\u00a0<\/p>\n<p><span style=\"font-size:16px;\">\u201cOBANIN OLU\u015eUMUNA KATKI SA\u011eLAMI\u015eTIR\u201d<\/span><\/p>\n<p>\u00a0<\/p>\n<p><span style=\"font-size:16px;\">Y\u0131lmaz, Sanat Tasar\u0131m At\u00f6lyesinin, ara\u015ft\u0131rmalar\u0131 sonucunda elde edilen kaynaklardan yola \u00e7\u0131karak olu\u015fturulan tasar\u0131mlar, yo\u011fun ara\u015ft\u0131rmalardan ge\u00e7ip, gezi-g\u00f6zlem yoluyla birebir takip edildi\u011fini yerinde ve zaman\u0131nda g\u00f6zlemlenerek kaynaklar tarand\u0131\u011f\u0131n\u0131 uygun olanlar ar\u015fivlendi\u011fini uygulama a\u015famas\u0131nda Giyim, Nak\u0131\u015f ve El sanatlar\u0131 At\u00f6lyelerinde hayat buldu\u011funu belirtti.<\/span><\/p>\n<p><span style=\"font-size: 16px; font-family: sans-serif, Arial, Verdana, 'Trebuchet MS'; line-height: 1.6em;\">Y\u0131lmaz: \u201cTasar\u0131mlar olu\u015fturulurken, Milli de\u011ferlerimiz g\u00f6z \u00f6n\u00fcnde bulundurularak , Milli k\u00fclt\u00fcr\u00fcm\u00fcz\u00fcn \u00f6z\u00fcn\u00fc olu\u015fturan, b\u00f6lgemizde bulunan Sel\u00e7uklu yap\u0131lar\u0131, Karaman Hatuniye Medresesi ve H\u00fcdavent Hatunun motifleri, Sel\u00e7uklu hal\u0131lar\u0131nda ve kilimlerinde bulunan motifler, Sel\u00e7uklu d\u00f6nemine ait Seramikler ve minyat\u00fcrler derlenerek at\u00f6lyelerde yap\u0131lan \u00e7al\u0131\u015fmalar i\u00e7in bize \u0131\u015f\u0131k tutmu\u015f ve tasvirleriyle oban\u0131n olu\u015fumuna katk\u0131 sa\u011flam\u0131\u015ft\u0131r.\u201d dedi.<\/span><\/p>\n<p><span style=\"font-family: sans-serif, Arial, Verdana, 'Trebuchet MS'; font-size: 16px; line-height: 1.6em;\">S\u00f6zlerine devam Y\u0131lmaz: \u201cSanat Tasar\u0131m at\u00f6lyesinde hayat bulan kalem i\u015fi, \u00c7ift Ba\u015fl\u0131 Kartal, Dokuma At\u00f6lyesinde Sel\u00e7uklu d\u00f6nemine ait fig\u00fcrler kullan\u0131larak pano i\u015flemesi, Nak\u0131\u015f at\u00f6lyesinde Sim sarma tekni\u011fi ile Mara\u015f i\u015fi \u00c7ift Ba\u015fl\u0131 Kartal pano i\u015fleme, El sanatlar\u0131 at\u00f6lyesinde deri d\u00f6vme tekni\u011fi ile Sel\u00e7uklu fig\u00fcrl\u00fc kemer, kalkan, ba\u015fl\u0131k, \u00e7izme, kolluk, \u00e7ar\u0131k i\u015flemesi, Giyim \u00dcretim at\u00f6lyesinde Sel\u00e7uklu k\u0131yafetleri d\u00fc\u015f\u00fcn\u00fclerek obada kullan\u0131lan giyim ve aksesuarlar yap\u0131lan baz\u0131 \u00e7al\u0131\u015fmalar aras\u0131ndad\u0131r.\u201d \u015feklinde belirtti.<\/span><\/p>\n<\/p><\/div>\n<\/blockquote>\n<blockquote type=\"cite\">\n<div dir=\"ltr\">\n<p>\u00a0<\/p>\n<p><span style=\"font-size:16px;\">\u201cGELENEK VE G\u00d6RENEKLER\u0130M\u0130Z\u0130 YAD EDECE\u011e\u0130M\u0130Z T\u0130YATRAL B\u0130R SUNUM HAZIRLANMI\u015eTIR\u201d<\/span><\/p>\n<p>\u00a0<\/p>\n<p><span style=\"font-size:16px;\">Milli K\u00fclt\u00fcr ve de\u011ferlerini asl\u0131na sad\u0131k kalarak derledikleri Anadolu Sel\u00e7uklu Devletinin Oba ya\u015fant\u0131s\u0131n\u0131 ele ald\u0131klar\u0131 bu s\u00fcrece Enstit\u00fc M\u00fcd\u00fcr\u00fc, \u00d6\u011fretmenlerinin, Usta \u00d6\u011freticilerinin ve Enstit\u00fc \u00f6\u011frencilerinin i\u015f birli\u011fi sa\u011flad\u0131\u011f\u0131n\u0131 ve \u00fcst\u00fcn gayretleriyle ortak olduklar\u0131n\u0131 belirten Y\u0131lmaz: \u201cMilli K\u00fclt\u00fcr ve Geleneklerimizi yans\u0131tt\u0131\u011f\u0131m\u0131z, Geleneksel T\u00fcrk el Sanatlar\u0131n\u0131 giyim ve ya\u015fam k\u00fclt\u00fcr\u00fcn\u00fc ara\u015ft\u0131r\u0131p, geli\u015ftirerek tan\u0131t\u0131m y\u00fcz\u00fc olaca\u011f\u0131m\u0131z bu de\u011ferleri, g\u00fcn\u00fcm\u00fczde ya\u015fatacak ve gelecek nesillere aktarabilecek olman\u0131n misyonuyla Anadolu Sel\u00e7uklu Devletinin Oba ya\u015fant\u0131s\u0131n\u0131 canland\u0131raca\u011f\u0131m\u0131z etkinlik i\u00e7in iki y\u0131l derlenen ara\u015ft\u0131rmalar ve bulgulardan yola \u00e7\u0131k\u0131lm\u0131\u015f temam\u0131za sad\u0131k kal\u0131narak , gelenek ve g\u00f6reneklerimizi yad edece\u011fimiz tiyatral bir sunum haz\u0131rlanm\u0131\u015ft\u0131r.\u201d \u015feklinde konu\u015ftu.<\/span><\/p>\n<\/p><\/div>\n<\/blockquote><\/div>\n<\/p><\/div>\n<\/p><\/div>\n<\/p><\/div>\n<\/p><\/div>\n<\/p><\/div>\n<\/p><\/div>\n<\/p><\/div>\n<\/td>\n<\/tr>\n<\/tbody>\n<\/table>\n<div style=\"clear:both;\">\u00a0<\/div>\n<\/div>\n<\/div>\n<\/div>\n","protected":false},"excerpt":{"rendered":"<p>Mersin Akdeniz \u00c7ankaya Mahallesi&#8217;nde 20 Nisan 2018 Cuma g\u00fcn\u00fc saat 16.00\u2019da \u2018Anadolu Sel\u00e7ukluda Oba Ya\u015fant\u0131s\u0131\u2019 etkinli\u011fi ve \u2018Denizinden Yaylas\u0131na Toroslar\u2019 adl\u0131 i\u011fne oyas\u0131 bitkiler sergisi d\u00fczenlenecek. D\u00fczenlenecek olan tiyatral etkinli\u011fi &hellip; <a href=\"https:\/\/akdenizolaygazetesi.com\/?p=1794\" class=\"more-link\">Devam\u0131n\u0131 Oku&#8230;<\/a><\/p>\n","protected":false},"author":1,"featured_media":0,"comment_status":"open","ping_status":"open","sticky":false,"template":"","format":"standard","meta":[],"categories":[],"tags":[],"_links":{"self":[{"href":"https:\/\/akdenizolaygazetesi.com\/index.php?rest_route=\/wp\/v2\/posts\/1794"}],"collection":[{"href":"https:\/\/akdenizolaygazetesi.com\/index.php?rest_route=\/wp\/v2\/posts"}],"about":[{"href":"https:\/\/akdenizolaygazetesi.com\/index.php?rest_route=\/wp\/v2\/types\/post"}],"author":[{"embeddable":true,"href":"https:\/\/akdenizolaygazetesi.com\/index.php?rest_route=\/wp\/v2\/users\/1"}],"replies":[{"embeddable":true,"href":"https:\/\/akdenizolaygazetesi.com\/index.php?rest_route=%2Fwp%2Fv2%2Fcomments&post=1794"}],"version-history":[{"count":0,"href":"https:\/\/akdenizolaygazetesi.com\/index.php?rest_route=\/wp\/v2\/posts\/1794\/revisions"}],"wp:attachment":[{"href":"https:\/\/akdenizolaygazetesi.com\/index.php?rest_route=%2Fwp%2Fv2%2Fmedia&parent=1794"}],"wp:term":[{"taxonomy":"category","embeddable":true,"href":"https:\/\/akdenizolaygazetesi.com\/index.php?rest_route=%2Fwp%2Fv2%2Fcategories&post=1794"},{"taxonomy":"post_tag","embeddable":true,"href":"https:\/\/akdenizolaygazetesi.com\/index.php?rest_route=%2Fwp%2Fv2%2Ftags&post=1794"}],"curies":[{"name":"wp","href":"https:\/\/api.w.org\/{rel}","templated":true}]}}