{"id":1795,"date":"2020-11-04T18:22:20","date_gmt":"2020-11-04T15:22:20","guid":{"rendered":"http:\/\/mersinekonomipolitikagazetesi.com\/?p=1795"},"modified":"2020-11-04T18:22:20","modified_gmt":"2020-11-04T15:22:20","slug":"cumhurbaskani-erdogan-secimlerin-24-haziran-2018-tarihinde-pazar-gunu-yapilmasina-karar-verdik","status":"publish","type":"post","link":"https:\/\/akdenizolaygazetesi.com\/?p=1795","title":{"rendered":"Cumhurba\u015fkan\u0131 Erdo\u011fan: \u201cSe\u00e7imlerin 24 Haziran 2018 tarihinde Pazar g\u00fcn\u00fc yap\u0131lmas\u0131na karar verdik\u201d"},"content":{"rendered":"<p>Cumhurba\u015fkan\u0131 Recep Tayyip Erdo\u011fan, \u201c\u00d6n\u00fcm\u00fczdeki se\u00e7imlere ittifak i\u00e7inde girme konusunda mutab\u0131k bulundu\u011fumuz Say\u0131n Bah\u00e7eli ile yapt\u0131\u011f\u0131m\u0131z isti\u015fareler neticesinde se\u00e7imlerin 24 Haziran 2018 tarihinde Pazar g\u00fcn\u00fc yap\u0131lmas\u0131na karar verdik\u201d dedi.<\/p>\n<p><span style=\"font-size:16px;\"><span style=\"font-family: sans-serif; line-height: 20px; text-align: justify; background-color: rgb(242, 244, 245);\">Cumhurba\u015fkan\u0131 Recep Tayyip Erdo\u011fan, d\u00fcn TBMM\u2019de erken se\u00e7im \u00e7a\u011fr\u0131s\u0131nda bulunan MHP Genel Ba\u015fkan\u0131 Devlet Bah\u00e7eli\u2019yi bug\u00fcn Cumhurba\u015fkanl\u0131\u011f\u0131 K\u00fclliyesinde kabul etti. 30 dakika s\u00fcren kabul\u00fcn ard\u0131ndan bas\u0131n toplant\u0131s\u0131 d\u00fczenleyen Erdo\u011fan, MHP Genel Ba\u015fkan\u0131 Devlet Bah\u00e7eli ile olduk\u00e7a verimli bir g\u00f6r\u00fc\u015fme ger\u00e7ekle\u015ftirdiklerini belirterek, \u201cBah\u00e7eli ile daha \u00f6nce de \u00e7e\u015fitli defalar bir araya gelerek i\u00e7 ve d\u0131\u015f geli\u015fmeler \u00fczerinde g\u00f6r\u00fc\u015f al\u0131\u015fveri\u015finde bulunmu\u015ftuk. Bug\u00fcnk\u00fc g\u00f6r\u00fc\u015fmemizde kendisiyle olduk\u00e7a geni\u015f bir yelpazede isti\u015fare ettik. Bah\u00e7eli\u2019nin d\u00fcn TBMM\u2019deki grup konu\u015fmas\u0131nda ifade etti\u011fi milletvekili ve cumhurba\u015fkanl\u0131\u011f\u0131 se\u00e7imlerinin erkene al\u0131nmas\u0131yla ilgili teklifini de de\u011ferlendirme f\u0131rsat\u0131 bulduk\u201d ifadelerini kulland\u0131.\u00a0<\/span><br style=\"box-sizing: border-box; font-family: sans-serif; font-size: 14px; line-height: 20px; text-align: justify; background-color: rgb(242, 244, 245);\" \/><br \/>\n<span style=\"font-family: sans-serif; line-height: 20px; text-align: justify; background-color: rgb(242, 244, 245);\">15 Temmuz darbe giri\u015fiminin ba\u015far\u0131s\u0131zl\u0131\u011fa u\u011frat\u0131lmas\u0131n\u0131n bir\u00e7ok alanda oldu\u011fu gibi siyasette de yeni bir d\u00f6nemin milad\u0131 oldu\u011funu vurgulayan Erdo\u011fan, \u201cMilletimizin darbe gecesi g\u00f6sterdi\u011fi kahramanl\u0131k asla unutulmayacakt\u0131r. Ard\u0131ndan 29 gece boyunca tutulan demokrasi n\u00f6betleri milletimizin istiklaline ve istikbaline sahip \u00e7\u0131kma iradesinin bir sembol\u00fc olmu\u015ftur. 7 A\u011fustos 2016 tarihinde Yeni Kap\u0131\u2019da yapt\u0131\u011f\u0131m\u0131z ve milyonlarca vatanda\u015f\u0131m\u0131z\u0131n kat\u0131ld\u0131\u011f\u0131 o b\u00fcy\u00fck miting ise milletimizin biz siyaset\u00e7ilere verdi\u011fi mesaj\u0131 \u00e7ok a\u00e7\u0131k ve net bir \u015fekilde ortaya koymu\u015ftur. Nitekim 16 Nisan halk oylamas\u0131na giden s\u00fcre\u00e7te milletimizin \u00f6n\u00fcm\u00fczde a\u00e7t\u0131\u011f\u0131 i\u015fte bu yolda ortaya \u00e7\u0131km\u0131\u015ft\u0131r. Cumhurba\u015fkan\u0131 olarak hem \u015fahs\u0131m\u0131n hem de partimin uzun zamand\u0131r dile getirdi\u011fi y\u00f6netim sistemi de\u011fi\u015fikli\u011fini Bah\u00e7eli\u2019nin \u00f6n a\u00e7mas\u0131 ve deste\u011fiyle 16 Nisan\u2019da hayata ge\u00e7irme imkan\u0131 bulduk. Buna g\u00f6re anayasa de\u011fi\u015fikli\u011finin Cumhurba\u015fkanl\u0131\u011f\u0131 h\u00fck\u00fcmet sistemiyle ilgili h\u00fck\u00fcmleri yap\u0131lacak ilk se\u00e7imlerden sonra y\u00fcr\u00fcrl\u00fc\u011fe girecektir\u201d \u015feklinde konu\u015ftu.\u00a0<\/span><br style=\"box-sizing: border-box; font-family: sans-serif; font-size: 14px; line-height: 20px; text-align: justify; background-color: rgb(242, 244, 245);\" \/><br \/>\n<span style=\"font-family: sans-serif; line-height: 20px; text-align: justify; background-color: rgb(242, 244, 245);\">Erdo\u011fan, konu\u015fmas\u0131na \u015f\u00f6yle devam etti:\u00a0<\/span><br style=\"box-sizing: border-box; font-family: sans-serif; font-size: 14px; line-height: 20px; text-align: justify; background-color: rgb(242, 244, 245);\" \/><br \/>\n<span style=\"font-family: sans-serif; line-height: 20px; text-align: justify; background-color: rgb(242, 244, 245);\">&#8220;T\u00fcrkiye hala 16 Nisan\u2019dan sonra art\u0131k eski diye ifade edebilece\u011fimiz sistemle y\u00f6netilmektedir. Cumhurba\u015fkan\u0131 ile h\u00fck\u00fcmetin uyumlu \u00e7al\u0131\u015fmas\u0131 sayesinde ciddi bir sorun ya\u015fanm\u0131yor gibi g\u00f6z\u00fckse de eski sistemin hastal\u0131klar\u0131 att\u0131\u011f\u0131m\u0131z her ad\u0131mda kar\u015f\u0131m\u0131za \u00e7\u0131kabiliyor. Buna ra\u011fmen bizim tercihimiz hep milletimize verdi\u011fimiz taahh\u00fcde uygun \u015fekilde 2019 Kas\u0131m\u0131ndaki se\u00e7imlere kadar di\u015fimizi s\u0131kmaktan yana olmu\u015ftur. Ancak gerek Suriye\u2019de y\u00fcr\u00fctt\u00fc\u011f\u00fcm\u00fcz s\u0131n\u0131r \u00f6tesi operasyonlar, gerek Suriye ve Irak merkezli olarak b\u00f6lgemizde ya\u015fanan tarihi \u00f6nemdeki hadiseler T\u00fcrkiye\u2019nin bir an \u00f6nce belirsizlikleri a\u015fmas\u0131n\u0131 zorunlu hale getirmi\u015ftir. \u00dclkemizin gelece\u011fine y\u00f6nelik kararlar\u0131n daha g\u00fc\u00e7l\u00fc \u015fekilde al\u0131nabilmesi ve uygulanabilmesi i\u00e7in yeni y\u00f6netim sistemine ge\u00e7i\u015f aciliyet kesbetmeye ba\u015flam\u0131\u015ft\u0131r. Bah\u00e7eli\u2019nin d\u00fcn yapt\u0131\u011f\u0131 \u00e7a\u011fr\u0131y\u0131 bu ger\u00e7ekleri de g\u00f6z \u00f6n\u00fcnde bulundurarak yetkili kurullar\u0131m\u0131zda enine boyuna m\u00fczakere ettik. Sonu\u00e7ta \u00fclkemizin kar\u015f\u0131 kar\u015f\u0131ya bulundu\u011fu foto\u011fraftan hareketle bu erken se\u00e7im teklifine olumlu yakla\u015fmam\u0131z konusunda arkada\u015flar\u0131m\u0131zla g\u00f6r\u00fc\u015f birli\u011fine vard\u0131k.\u201d\u00a0<\/span><br style=\"box-sizing: border-box; font-family: sans-serif; font-size: 14px; line-height: 20px; text-align: justify; background-color: rgb(242, 244, 245);\" \/><br \/>\n<span style=\"font-family: sans-serif; line-height: 20px; text-align: justify; background-color: rgb(242, 244, 245);\">Erdo\u011fan, \u201cT\u00fcrkiye\u2019nin \u00f6n\u00fcndeki i\u00e7 ve d\u0131\u015f g\u00fcndemin yo\u011funlu\u011fu, erken se\u00e7im karar\u0131n\u0131n a\u00e7\u0131klanmas\u0131yla ortaya \u00e7\u0131kacak belirsizli\u011fin bir an \u00f6nce ortadan kald\u0131r\u0131lmas\u0131n\u0131 zorunlu k\u0131l\u0131yor. Suriye\u2019deki geli\u015fmelerin h\u0131zland\u0131\u011f\u0131, makro ekonomik dengelerden b\u00fcy\u00fck yat\u0131r\u0131mlara kadar her konuda \u00e7ok \u00f6nemli kararlar vermemiz gereken bir d\u00f6nemde se\u00e7im konusunu \u00fclkemizin g\u00fcndeminden bir an \u00f6nce \u00e7\u0131kartmam\u0131z \u015fartt\u0131r. Bunun i\u00e7in \u00f6n\u00fcm\u00fczdeki se\u00e7imlere ittifak i\u00e7inde girme konusunda mutab\u0131k bulundu\u011fumuz Say\u0131n Bah\u00e7eli ile yapt\u0131\u011f\u0131m\u0131z isti\u015fareler neticesinde se\u00e7imlerin 24 Haziran 2018 tarihinde Pazar g\u00fcn\u00fc yap\u0131lmas\u0131na karar verdik. AK Parti ve MHP meclis gruplar\u0131 olarak konuyla ilgili yasal s\u00fcreci hemen ba\u015flat\u0131yoruz. Ayn\u0131 \u015fekilde Y\u00fcksek Se\u00e7im Kurulu da (YSK) se\u00e7im haz\u0131rl\u0131klar\u0131na derhal ba\u015flayacakt\u0131r. Bu karar\u0131n \u00fclkemiz, milletimiz, partilerimiz i\u00e7in hay\u0131rlara vesile olmas\u0131n\u0131 diliyorum\u201d dedi.\u00a0<\/span><\/span><\/p>\n","protected":false},"excerpt":{"rendered":"<p>Cumhurba\u015fkan\u0131 Recep Tayyip Erdo\u011fan, \u201c\u00d6n\u00fcm\u00fczdeki se\u00e7imlere ittifak i\u00e7inde girme konusunda mutab\u0131k bulundu\u011fumuz Say\u0131n Bah\u00e7eli ile yapt\u0131\u011f\u0131m\u0131z isti\u015fareler neticesinde se\u00e7imlerin 24 Haziran 2018 tarihinde Pazar g\u00fcn\u00fc yap\u0131lmas\u0131na karar verdik\u201d dedi. Cumhurba\u015fkan\u0131 &hellip; <a href=\"https:\/\/akdenizolaygazetesi.com\/?p=1795\" class=\"more-link\">Devam\u0131n\u0131 Oku&#8230;<\/a><\/p>\n","protected":false},"author":1,"featured_media":0,"comment_status":"open","ping_status":"open","sticky":false,"template":"","format":"standard","meta":[],"categories":[],"tags":[],"_links":{"self":[{"href":"https:\/\/akdenizolaygazetesi.com\/index.php?rest_route=\/wp\/v2\/posts\/1795"}],"collection":[{"href":"https:\/\/akdenizolaygazetesi.com\/index.php?rest_route=\/wp\/v2\/posts"}],"about":[{"href":"https:\/\/akdenizolaygazetesi.com\/index.php?rest_route=\/wp\/v2\/types\/post"}],"author":[{"embeddable":true,"href":"https:\/\/akdenizolaygazetesi.com\/index.php?rest_route=\/wp\/v2\/users\/1"}],"replies":[{"embeddable":true,"href":"https:\/\/akdenizolaygazetesi.com\/index.php?rest_route=%2Fwp%2Fv2%2Fcomments&post=1795"}],"version-history":[{"count":0,"href":"https:\/\/akdenizolaygazetesi.com\/index.php?rest_route=\/wp\/v2\/posts\/1795\/revisions"}],"wp:attachment":[{"href":"https:\/\/akdenizolaygazetesi.com\/index.php?rest_route=%2Fwp%2Fv2%2Fmedia&parent=1795"}],"wp:term":[{"taxonomy":"category","embeddable":true,"href":"https:\/\/akdenizolaygazetesi.com\/index.php?rest_route=%2Fwp%2Fv2%2Fcategories&post=1795"},{"taxonomy":"post_tag","embeddable":true,"href":"https:\/\/akdenizolaygazetesi.com\/index.php?rest_route=%2Fwp%2Fv2%2Ftags&post=1795"}],"curies":[{"name":"wp","href":"https:\/\/api.w.org\/{rel}","templated":true}]}}