{"id":1796,"date":"2020-11-04T18:22:20","date_gmt":"2020-11-04T15:22:20","guid":{"rendered":"http:\/\/mersinekonomipolitikagazetesi.com\/?p=1796"},"modified":"2020-11-04T18:22:20","modified_gmt":"2020-11-04T15:22:20","slug":"alzheimer-dernegine-destek-amacli-sergi","status":"publish","type":"post","link":"https:\/\/akdenizolaygazetesi.com\/?p=1796","title":{"rendered":"ALZHE\u0130MER DERNE\u011e\u0130NE DESTEK AMA\u00c7LI SERG\u0130"},"content":{"rendered":"<p>Teknik Bilimler Meslek Y\u00fcksekokulu ile Mersin Sanayicileri ve \u0130\u015f \u0130nsanlar\u0131 Derne\u011fi (MES\u0130AD) i\u015fbirli\u011finde \u201cProje Pazar\u0131 ve Sergi\u201d etkinli\u011fi d\u00fczenledi.<\/p>\n<blockquote type=\"cite\">\n<div dir=\"ltr\">\n<p><span style=\"font-size:16px;\">Teknik Bilimler Meslek Y\u00fcksekokulu ile Mersin Sanayicileri ve \u0130\u015f \u0130nsanlar\u0131 Derne\u011fi (MES\u0130AD) i\u015fbirli\u011finde d\u00fczenlenen \u201cProje Pazar\u0131 ve Sergi\u201d etkinli\u011fine Rekt\u00f6r Yard\u0131mc\u0131s\u0131 Prof. Dr. Erol Ya\u015far, Teknik Bilimler Meslek Y\u00fcksekokulu M\u00fcd\u00fcr\u00fc Prof. Dr. P\u00fcrhan Barbaros Tuncer, \u00f6\u011fretim elemanlar\u0131 ve \u00f6\u011frenciler yer ald\u0131.<\/span><\/p>\n<p><span style=\"font-size:16px;\">Sergide; El Sanatlar\u0131, Elektronik ve Otomasyon, Elektrik ve Enerji, G\u0131da \u0130\u015fleme, Makine ve Metal Teknolojileri, Malzeme ve Malzeme \u0130\u015fleme Teknolojileri ve Sa\u00e7 ve G\u00fczellik Hizmetleri b\u00f6l\u00fcmleri yapt\u0131klar\u0131 projelerle sergide dikkatleri \u00fczerine \u00e7ektiler.<\/span><\/p>\n<p>\u00a0<\/p>\n<p><span style=\"font-size:16px;\">\u201cDESTE\u011e\u0130 SA\u011eLAMAK \u0130\u00c7\u0130N EL\u0130M\u0130ZDEN GELEN\u0130 YAPIYORUZ\u201d<\/span><\/p>\n<p>\u00a0<\/p>\n<p><span style=\"font-size:16px;\">Konu\u015fmas\u0131n\u0131 ger\u00e7ekle\u015ftiren Teknik Bilimler Meslek Y\u00fcksekokulu M\u00fcd\u00fcr\u00fc Prof. Dr. P\u00fcrhan Barbaros Tuncer, proje fikirlerini anlatarak yap\u0131lan \u00e7al\u0131\u015fmalara destek verdiklerini kaydetti. Her y\u0131l bu etkinli\u011fi d\u00fczenlediklerini dile getiren Barbaros Tuncer: \u201cBu etkinli\u011fi her y\u0131l d\u00fczenliyoruz, \u00f6\u011frencilerimiz b\u00f6l\u00fcmleriyle ilgili projeler yap\u0131yorlar. Yapt\u0131klar\u0131 \u00e7al\u0131\u015fmalara her t\u00fcrl\u00fc deste\u011fi sa\u011flamak i\u00e7in elimizden geleni yap\u0131yoruz. Bu ba\u015far\u0131lar\u0131n\u0131 i\u015f ya\u015famlar\u0131nda da s\u00fcrd\u00fcreceklerine inan\u0131yorum.\u201d ifadelerini kulland\u0131.<\/span><\/p>\n<p>\u00a0<\/p>\n<p>\u00a0<\/p>\n<p><span style=\"font-size:16px;\">\u201cD\u0130KKAT \u00c7EKMEK \u0130\u00c7\u0130N BU KONUYA E\u011e\u0130LMEK \u0130STED\u0130K\u201d<\/span><\/p>\n<p>\u00a0<\/p>\n<p><span style=\"font-size:16px;\">El Sanatlar\u0131 B\u00f6l\u00fcm\u00fc Kuyumculuk ve Tak\u0131 Tasar\u0131m\u0131 Program\u0131 \u00f6\u011frencileri ise Alzheimer Derne\u011fine ba\u011f\u0131\u015f yapmak i\u00e7in projelerini ger\u00e7ekle\u015ftirdiklerini ve herkesin bu konuda duyarl\u0131 olmas\u0131 belirtildi.<\/span><\/p>\n<p><span style=\"font-size:16px;\">Kuyumculuk ve Tak\u0131 Tasar\u0131m\u0131 B\u00f6l\u00fcm\u00fc \u00d6\u011fretim G\u00f6revlisi G\u00fclnur \u00d6nder Balam sosyal sorumluluk projesi hakk\u0131nda, \u201cSon d\u00f6nemlerde \u00e7ok g\u00fcndem de olan ve gittik\u00e7e ya\u015f\u0131 a\u015fa\u011f\u0131 d\u00fc\u015fen bir hastal\u0131k. \u00d6\u011frencilerimiz de bu konuya dikkat \u00e7ekmek i\u00e7in tak\u0131lar tasarlad\u0131lar. Tasarlanan tak\u0131lar haricinde de Alzheimer Derne\u011fine destek olmak ama\u00e7l\u0131 6\u2019\u015far tane tak\u0131 dizayn ettiler. \u00d6\u011frencilerimle bu fark\u0131ndal\u0131\u011f\u0131 desteklemek ve dikkat \u00e7ekmek i\u00e7in bu konuya e\u011filmek istedik.\u201d \u015feklinde belirtti.<\/span><\/p>\n<p>\u00a0<\/p>\n<p><span style=\"font-size:16px;\">Etkinlik, \u00f6\u011frencilerin projelerini kat\u0131l\u0131mc\u0131lara sergilemelerinin ard\u0131ndan, Sa\u00e7 ve G\u00fczellik Hizmetleri b\u00f6l\u00fcm\u00fc \u00f6\u011frencilerinin yapt\u0131klar\u0131 sa\u00e7 tasar\u0131mlar\u0131 g\u00f6sterimi ile son buldu.<\/span><\/p>\n<\/div>\n<\/blockquote>\n","protected":false},"excerpt":{"rendered":"<p>Teknik Bilimler Meslek Y\u00fcksekokulu ile Mersin Sanayicileri ve \u0130\u015f \u0130nsanlar\u0131 Derne\u011fi (MES\u0130AD) i\u015fbirli\u011finde \u201cProje Pazar\u0131 ve Sergi\u201d etkinli\u011fi d\u00fczenledi. Teknik Bilimler Meslek Y\u00fcksekokulu ile Mersin Sanayicileri ve \u0130\u015f \u0130nsanlar\u0131 Derne\u011fi &hellip; <a href=\"https:\/\/akdenizolaygazetesi.com\/?p=1796\" class=\"more-link\">Devam\u0131n\u0131 Oku&#8230;<\/a><\/p>\n","protected":false},"author":1,"featured_media":0,"comment_status":"open","ping_status":"open","sticky":false,"template":"","format":"standard","meta":[],"categories":[],"tags":[],"_links":{"self":[{"href":"https:\/\/akdenizolaygazetesi.com\/index.php?rest_route=\/wp\/v2\/posts\/1796"}],"collection":[{"href":"https:\/\/akdenizolaygazetesi.com\/index.php?rest_route=\/wp\/v2\/posts"}],"about":[{"href":"https:\/\/akdenizolaygazetesi.com\/index.php?rest_route=\/wp\/v2\/types\/post"}],"author":[{"embeddable":true,"href":"https:\/\/akdenizolaygazetesi.com\/index.php?rest_route=\/wp\/v2\/users\/1"}],"replies":[{"embeddable":true,"href":"https:\/\/akdenizolaygazetesi.com\/index.php?rest_route=%2Fwp%2Fv2%2Fcomments&post=1796"}],"version-history":[{"count":0,"href":"https:\/\/akdenizolaygazetesi.com\/index.php?rest_route=\/wp\/v2\/posts\/1796\/revisions"}],"wp:attachment":[{"href":"https:\/\/akdenizolaygazetesi.com\/index.php?rest_route=%2Fwp%2Fv2%2Fmedia&parent=1796"}],"wp:term":[{"taxonomy":"category","embeddable":true,"href":"https:\/\/akdenizolaygazetesi.com\/index.php?rest_route=%2Fwp%2Fv2%2Fcategories&post=1796"},{"taxonomy":"post_tag","embeddable":true,"href":"https:\/\/akdenizolaygazetesi.com\/index.php?rest_route=%2Fwp%2Fv2%2Ftags&post=1796"}],"curies":[{"name":"wp","href":"https:\/\/api.w.org\/{rel}","templated":true}]}}