{"id":1797,"date":"2020-11-04T18:22:20","date_gmt":"2020-11-04T15:22:20","guid":{"rendered":"http:\/\/mersinekonomipolitikagazetesi.com\/?p=1797"},"modified":"2020-11-04T18:22:20","modified_gmt":"2020-11-04T15:22:20","slug":"genclik-merkezi-yapimi-basladi","status":"publish","type":"post","link":"https:\/\/akdenizolaygazetesi.com\/?p=1797","title":{"rendered":"GEN\u00c7L\u0130K MERKEZ\u0130 YAPIMI BA\u015eLADI"},"content":{"rendered":"<p>Mersin B\u00fcy\u00fck\u015fehir Belediyesi taraf\u0131ndan y\u0131k\u0131lan K\u00fc\u00e7\u00fck \u00c7ar\u015f\u0131 yerine Gen\u00e7lik Merkezi yap\u0131m\u0131 \u00e7al\u0131\u015fmalar\u0131 ba\u015flad\u0131.<\/p>\n<blockquote type=\"cite\">\n<div dir=\"ltr\">\n<p><span style=\"font-size:16px;\">\u00c7al\u0131\u015fmalar\u0131n sonunda tamamlanacak olan Gen\u00e7lik Merkezi vatanda\u015fa\u00a02019 y\u0131l\u0131n\u0131n ocak ay\u0131nda\u00a0hizmet verece\u011fi belirtildi.<\/span><\/p>\n<p><span style=\"font-size:16px;\">Gen\u00e7ler i\u00e7in de kendilerini geli\u015ftirebilecekleri pek \u00e7ok at\u00f6lye bulunduraca\u011f\u0131 kaydedildi.<\/span><\/p>\n<\/div>\n<\/blockquote>\n","protected":false},"excerpt":{"rendered":"<p>Mersin B\u00fcy\u00fck\u015fehir Belediyesi taraf\u0131ndan y\u0131k\u0131lan K\u00fc\u00e7\u00fck \u00c7ar\u015f\u0131 yerine Gen\u00e7lik Merkezi yap\u0131m\u0131 \u00e7al\u0131\u015fmalar\u0131 ba\u015flad\u0131. \u00c7al\u0131\u015fmalar\u0131n sonunda tamamlanacak olan Gen\u00e7lik Merkezi vatanda\u015fa\u00a02019 y\u0131l\u0131n\u0131n ocak ay\u0131nda\u00a0hizmet verece\u011fi belirtildi. Gen\u00e7ler i\u00e7in de kendilerini geli\u015ftirebilecekleri &hellip; <a href=\"https:\/\/akdenizolaygazetesi.com\/?p=1797\" class=\"more-link\">Devam\u0131n\u0131 Oku&#8230;<\/a><\/p>\n","protected":false},"author":1,"featured_media":0,"comment_status":"open","ping_status":"open","sticky":false,"template":"","format":"standard","meta":[],"categories":[],"tags":[],"_links":{"self":[{"href":"https:\/\/akdenizolaygazetesi.com\/index.php?rest_route=\/wp\/v2\/posts\/1797"}],"collection":[{"href":"https:\/\/akdenizolaygazetesi.com\/index.php?rest_route=\/wp\/v2\/posts"}],"about":[{"href":"https:\/\/akdenizolaygazetesi.com\/index.php?rest_route=\/wp\/v2\/types\/post"}],"author":[{"embeddable":true,"href":"https:\/\/akdenizolaygazetesi.com\/index.php?rest_route=\/wp\/v2\/users\/1"}],"replies":[{"embeddable":true,"href":"https:\/\/akdenizolaygazetesi.com\/index.php?rest_route=%2Fwp%2Fv2%2Fcomments&post=1797"}],"version-history":[{"count":0,"href":"https:\/\/akdenizolaygazetesi.com\/index.php?rest_route=\/wp\/v2\/posts\/1797\/revisions"}],"wp:attachment":[{"href":"https:\/\/akdenizolaygazetesi.com\/index.php?rest_route=%2Fwp%2Fv2%2Fmedia&parent=1797"}],"wp:term":[{"taxonomy":"category","embeddable":true,"href":"https:\/\/akdenizolaygazetesi.com\/index.php?rest_route=%2Fwp%2Fv2%2Fcategories&post=1797"},{"taxonomy":"post_tag","embeddable":true,"href":"https:\/\/akdenizolaygazetesi.com\/index.php?rest_route=%2Fwp%2Fv2%2Ftags&post=1797"}],"curies":[{"name":"wp","href":"https:\/\/api.w.org\/{rel}","templated":true}]}}