{"id":1798,"date":"2020-11-04T18:22:20","date_gmt":"2020-11-04T15:22:20","guid":{"rendered":"http:\/\/mersinekonomipolitikagazetesi.com\/?p=1798"},"modified":"2020-11-04T18:22:20","modified_gmt":"2020-11-04T15:22:20","slug":"turkiyeye-her-ay-ithal-edilen-atik-miktari-da-gittikce-artiyor","status":"publish","type":"post","link":"https:\/\/akdenizolaygazetesi.com\/?p=1798","title":{"rendered":"T\u00fcrkiye\u2019ye her ay ithal edilen at\u0131k miktar\u0131 da gittik\u00e7e art\u0131yor..!"},"content":{"rendered":"<p>\u00c7EVDOSAN Y\u00f6netim Kurulu Ba\u015fkan\u0131 Adnan Akba\u015f, at\u0131k sekt\u00f6r\u00fcnde ciddi sorunlar\u0131n ortaya \u00e7\u0131kt\u0131\u011f\u0131n\u0131 ve bunun i\u00e7inde acil \u00f6nlem al\u0131nmas\u0131 gerekti\u011fini belirtti.<\/p>\n<blockquote style=\"color: rgb(34, 34, 34); font-family: arial, sans-serif; font-size: 12.8px; font-style: normal; line-height: normal;\" type=\"cite\">\n<div dir=\"ltr\">\n<p class=\"m_3582533888892725658x_MsoNormal\" style=\"margin: 0cm 0cm 10pt; line-height: 16.8667px; font-size: 11pt; font-family: Calibri, sans-serif;\"><span style=\"font-size:16px;\">T\u00fcrkiye&#8217;de yeni yeni g\u00fcndeme gelen geri d\u00f6n\u00fc\u015f\u00fcm sekt\u00f6r\u00fcnde \u00f6nemli sorunlar\u0131n ya\u015fand\u0131\u011f\u0131n\u0131 belirten Akba\u015f, &#8216;\u00a0\u00a0D\u00fcnyada sekt\u00f6r\u00fcn \u00f6nemli bir k\u0131sm\u0131n\u0131 elinde bulunduran \u00c7in, \u00fclkeye ithal etti\u011fi at\u0131klardan dolay\u0131 elde edilen geri d\u00f6n\u00fc\u015f\u00fcml\u00fc \u00fcr\u00fcnlerin, \u00e7evre kirlili\u011fine yol a\u00e7t\u0131\u011f\u0131n\u0131 fark etmesiyle belirli bir oran\u0131n \u00fczerinde kirlili\u011fe sahip olan at\u0131k ithalat\u0131n\u0131 yasaklad\u0131. Buna ba\u011fl\u0131 olarak \u00c7in ba\u015fta olmak \u00fczere, AB, Amerika Birle\u015fik Devletleri gibi bir \u00e7ok \u00fclke ortaya \u00e7\u0131kan at\u0131klarla ba\u015f edebilmek i\u00e7in form\u00fcl ararken, 6 milyon ton gibi at\u0131\u011f\u0131n aralar\u0131nda T\u00fcrkiye\u2019nin de bulundu\u011fu \u00fclkeler olan Hindistan, Pakistan, Vietnam, Kambo\u00e7ya ve Malezya\u2019ya g\u00f6nderildi\u011fi ortaya \u00e7\u0131kt\u0131. T\u00fcrkiye\u2019ye her ay ithal edilen at\u0131k miktar\u0131 da gittik\u00e7e art\u0131yor. Bu konu T\u00fcrkiye&#8217;ye ciddi hasarlar b\u0131rakacakt\u0131r, T\u00fcrkiye&#8217;nin \u00e7\u00f6pl\u00fc\u011fe d\u00f6n\u00fc\u015fmemesi ad\u0131na bu konu hususunda ciddi \u00f6nlemler al\u0131nmas\u0131 gerekiyor&#8217; dedi.<\/span><\/p>\n<p class=\"m_3582533888892725658x_MsoNormal\" style=\"margin: 0cm 0cm 10pt; line-height: 16.8667px; font-size: 11pt; font-family: Calibri, sans-serif;\">\u00a0<\/p>\n<p class=\"m_3582533888892725658x_MsoNormal\" style=\"margin: 0cm 0cm 10pt; line-height: 16.8667px; font-size: 11pt; font-family: Calibri, sans-serif;\"><span style=\"font-size:16px;\">\u00c7evre ve hava kirlili\u011finin had safhaya ula\u015ft\u0131\u011f\u0131 \u00c7in, art\u0131k frene bast\u0131 ve yeni y\u0131lla birlikte \u00e7\u00f6p ithalat\u0131n\u0131 b\u00fcy\u00fck \u00f6l\u00e7\u00fcde yasaklad\u0131. 1 Ocak 2018 itibariyle plastik at\u0131k ve 20 ayr\u0131 geri d\u00f6n\u00fc\u015f\u00fcm malzemesinin \u00fclkeye giri\u015fine izin verilmiyor. \u00c7\u00f6p ticaretinin bu g\u00fcne kadar iki taraf\u0131n da i\u015fine geldi\u011fini belirten Akba\u015f, &#8216;At\u0131klar\u0131n\u0131 gemilere y\u00fckleyip \u00c7in\u2019e g\u00f6ndermeye al\u0131\u015fm\u0131\u015f olan sanayi \u00fclkeleri i\u00e7in, y\u0131llard\u0131r s\u00fcren rahatl\u0131k devri art\u0131k sona erdi. Asl\u0131nda \u201c\u00e7\u00f6p ticareti\u201d bug\u00fcne kadar iki taraf\u0131n da i\u015fine geliyordu. Bat\u0131l\u0131 \u00fclkeler at\u0131klar\u0131ndan kurtulurken, \u00c7in de gelen \u00e7\u00f6plerin i\u00e7inden de\u011ferleri madde ve malzemeleri ayr\u0131\u015ft\u0131rarak bunlar\u0131 \u00fcretimde kullan\u0131yordu ve kar elde ediyordu. \u00c7\u00f6p ayr\u0131\u015ft\u0131rma halen\u00a0\u00a0\u00c7in\u2019in pek \u00e7ok b\u00f6lgesindeki milyonlarca i\u015f\u00e7inin ana ge\u00e7im kayna\u011f\u0131n\u0131 olu\u015fturuyor&#8217; dedi.<\/span><\/p>\n<p class=\"m_3582533888892725658x_MsoNormal\" style=\"margin: 0cm 0cm 10pt; line-height: 16.8667px; font-size: 11pt; font-family: Calibri, sans-serif;\">\u00a0<\/p>\n<p class=\"m_3582533888892725658x_MsoNormal\" style=\"margin: 0cm 0cm 10pt; line-height: 16.8667px; font-size: 11pt; font-family: Calibri, sans-serif;\"><span style=\"font-size:16px;\">&#8216;Yurt d\u0131\u015f\u0131na at\u0131k ihracat\u0131 daha \u00f6nceden al\u0131nan kararlar ile engellenmi\u015ftir&#8217; diyen \u00c7EVDOSAN Y\u00f6netim Kurulu Ba\u015fkan\u0131 Adnan Akba\u015f, &#8216;\u0130\u00e7 piyasada d\u00fc\u015fen fiyatlardan dolay\u0131 olu\u015fan maliyetler, art\u0131k at\u0131\u011f\u0131n toplanmas\u0131na izin vermeyecek boyuta gelmi\u015ftir. Kaynakta toplama \u00e7al\u0131\u015fmalar\u0131 \u00f6nlem al\u0131nmaz ise yap\u0131lamayacakt\u0131r. Bu da on binlerce ki\u015finin i\u015fsiz kalmas\u0131na sebep olacakt\u0131r&#8217; dedi.<\/span><\/p>\n<\/div>\n<\/blockquote>\n<div>\n<div dir=\"ltr\">\n<p class=\"m_3582533888892725658x_MsoNormal\" style=\"margin: 0cm 0cm 10pt; line-height: 16.8667px; font-size: 11pt; font-family: Calibri, sans-serif;\">\u00a0<\/p>\n<\/div>\n<\/div>\n","protected":false},"excerpt":{"rendered":"<p>\u00c7EVDOSAN Y\u00f6netim Kurulu Ba\u015fkan\u0131 Adnan Akba\u015f, at\u0131k sekt\u00f6r\u00fcnde ciddi sorunlar\u0131n ortaya \u00e7\u0131kt\u0131\u011f\u0131n\u0131 ve bunun i\u00e7inde acil \u00f6nlem al\u0131nmas\u0131 gerekti\u011fini belirtti. T\u00fcrkiye&#8217;de yeni yeni g\u00fcndeme gelen geri d\u00f6n\u00fc\u015f\u00fcm sekt\u00f6r\u00fcnde \u00f6nemli sorunlar\u0131n &hellip; <a href=\"https:\/\/akdenizolaygazetesi.com\/?p=1798\" class=\"more-link\">Devam\u0131n\u0131 Oku&#8230;<\/a><\/p>\n","protected":false},"author":1,"featured_media":0,"comment_status":"open","ping_status":"open","sticky":false,"template":"","format":"standard","meta":[],"categories":[],"tags":[],"_links":{"self":[{"href":"https:\/\/akdenizolaygazetesi.com\/index.php?rest_route=\/wp\/v2\/posts\/1798"}],"collection":[{"href":"https:\/\/akdenizolaygazetesi.com\/index.php?rest_route=\/wp\/v2\/posts"}],"about":[{"href":"https:\/\/akdenizolaygazetesi.com\/index.php?rest_route=\/wp\/v2\/types\/post"}],"author":[{"embeddable":true,"href":"https:\/\/akdenizolaygazetesi.com\/index.php?rest_route=\/wp\/v2\/users\/1"}],"replies":[{"embeddable":true,"href":"https:\/\/akdenizolaygazetesi.com\/index.php?rest_route=%2Fwp%2Fv2%2Fcomments&post=1798"}],"version-history":[{"count":0,"href":"https:\/\/akdenizolaygazetesi.com\/index.php?rest_route=\/wp\/v2\/posts\/1798\/revisions"}],"wp:attachment":[{"href":"https:\/\/akdenizolaygazetesi.com\/index.php?rest_route=%2Fwp%2Fv2%2Fmedia&parent=1798"}],"wp:term":[{"taxonomy":"category","embeddable":true,"href":"https:\/\/akdenizolaygazetesi.com\/index.php?rest_route=%2Fwp%2Fv2%2Fcategories&post=1798"},{"taxonomy":"post_tag","embeddable":true,"href":"https:\/\/akdenizolaygazetesi.com\/index.php?rest_route=%2Fwp%2Fv2%2Ftags&post=1798"}],"curies":[{"name":"wp","href":"https:\/\/api.w.org\/{rel}","templated":true}]}}