{"id":17980,"date":"2022-04-14T17:32:08","date_gmt":"2022-04-14T14:32:08","guid":{"rendered":"http:\/\/akdenizolaygazetesi.com\/?p=17980"},"modified":"2022-04-14T17:32:08","modified_gmt":"2022-04-14T14:32:08","slug":"parklara-yeni-aydinlatma-sistemleri","status":"publish","type":"post","link":"https:\/\/akdenizolaygazetesi.com\/?p=17980","title":{"rendered":"&#8220;Parklara Yeni Ayd\u0131nlatma Sistemleri&#8221;"},"content":{"rendered":"<p>Toroslar Belediyesi, daha ye\u015fil ve daha ya\u015fan\u0131labilir bir kent i\u00e7in \u00e7al\u0131\u015fmalar\u0131n\u0131 aral\u0131ks\u0131z s\u00fcrd\u00fcr\u00fcyor.<\/p>\n<p>Belediye, il\u00e7ede bulunan park ve ye\u015fil alanlarda d\u00fczenli olarak yapt\u0131\u011f\u0131 bak\u0131m, onar\u0131m ve yenileme \u00e7al\u0131\u015fmalar\u0131n\u0131 yaz mevsiminin yakla\u015fmas\u0131yla daha da yo\u011funla\u015ft\u0131rd\u0131.<\/p>\n<p>Park ve Bah\u00e7eler M\u00fcd\u00fcrl\u00fc\u011f\u00fc ekipleri bu kapsamda; a\u011fa\u00e7lar\u0131 buduyor, \u00e7imleri bi\u00e7iyor, ye\u015fil alanlar\u0131 yabani otlardan ar\u0131nd\u0131r\u0131yor, oyun gruplar\u0131n\u0131 yeniliyor ve a\u011fa\u00e7land\u0131rma \u00e7al\u0131\u015fmalar\u0131na devam ediyor.<\/p>\n<p>T\u00fcm bu \u00e7al\u0131\u015fmalar\u0131n yan\u0131 s\u0131ra park ve ye\u015fil alanlar\u0131 ba\u015ftan a\u015fa\u011f\u0131 temizleyen belediye, yaz aylar\u0131nda \u00e7ocuklar\u0131n ve ailelerin rahatl\u0131kla kullanabilece\u011fi temiz ve ferah alanlar olu\u015fturuyor. Ye\u015fil alanlar\u0131 ile kentin g\u00f6zde bir il\u00e7esi olan Toroslar, bu ye\u015fil varl\u0131\u011f\u0131n\u0131 belediyenin y\u00fcr\u00fctt\u00fc\u011f\u00fc titiz \u00e7al\u0131\u015fmalarla koruyor.<\/p>\n<p>&#8220;Parklara Yeni Ayd\u0131nlatma Sistemleri&#8221;<\/p>\n<p>Park ve ye\u015fil alanlardaki ayd\u0131nlatma sistemlerinin bak\u0131m\u0131n\u0131 da periyodik olarak ger\u00e7ekle\u015ftiren Toroslar Belediyesi, yeni ayd\u0131nlatma ve peyzaj \u00e7al\u0131\u015fmalar\u0131yla parklar\u0131 gece \u0131\u015f\u0131l \u0131\u015f\u0131l yap\u0131yor.<\/p>\n<p>Toroslar Belediye Ba\u015fkan\u0131 Ats\u0131z Af\u015f\u0131n Y\u0131lmaz, vatanda\u015flar\u0131n huzurlu ve g\u00fcvenli ortamlarda ya\u015famalar\u0131 i\u00e7in \u00e7aba g\u00f6sterdiklerini belirterek; &#8220;\u0130l\u00e7emizdeki parklarda bulunan ayd\u0131nlatma sistemlerinin bak\u0131m ve onar\u0131m\u0131n\u0131 d\u00fczenli olarak yap\u0131yoruz. \u00c7\u00fcnk\u00fc hem\u015fehrilerimizin parklar\u0131m\u0131z\u0131 g\u00fcvenle kullanmas\u0131n\u0131 istiyoruz. Ayn\u0131 zamanda ye\u015fil alanlar\u0131m\u0131z\u0131n bak\u0131m\u0131na da \u00f6nem veriyoruz. Gelecek nesillere b\u0131rakabilece\u011fimiz en de\u011ferli miras ye\u015fil alanlar\u0131m\u0131zd\u0131r. Biz de Toroslar Belediyesi olarak vatanda\u015flar\u0131m\u0131z\u0131n huzur i\u00e7inde dinlenebilece\u011fi, vakit ge\u00e7irebilece\u011fi ye\u015filler i\u00e7inde bir Toroslar in\u015fa ediyoruz. Ye\u015fil alanlar\u0131m\u0131z, hepimize emanet. Hem\u015fehrilerimizden de iste\u011fimiz bu alanlar\u0131m\u0131za sahip \u00e7\u0131kmalar\u0131d\u0131r&#8221; ifadelerini kulland\u0131.<\/p>\n","protected":false},"excerpt":{"rendered":"<p>Toroslar Belediyesi, daha ye\u015fil ve daha ya\u015fan\u0131labilir bir kent i\u00e7in \u00e7al\u0131\u015fmalar\u0131n\u0131 aral\u0131ks\u0131z s\u00fcrd\u00fcr\u00fcyor. Belediye, il\u00e7ede bulunan park ve ye\u015fil alanlarda d\u00fczenli olarak yapt\u0131\u011f\u0131 bak\u0131m, onar\u0131m ve yenileme \u00e7al\u0131\u015fmalar\u0131n\u0131 yaz mevsiminin &hellip; <a href=\"https:\/\/akdenizolaygazetesi.com\/?p=17980\" class=\"more-link\">Devam\u0131n\u0131 Oku&#8230;<\/a><\/p>\n","protected":false},"author":2,"featured_media":17981,"comment_status":"open","ping_status":"open","sticky":false,"template":"","format":"standard","meta":[],"categories":[1,2,3,5],"tags":[],"_links":{"self":[{"href":"https:\/\/akdenizolaygazetesi.com\/index.php?rest_route=\/wp\/v2\/posts\/17980"}],"collection":[{"href":"https:\/\/akdenizolaygazetesi.com\/index.php?rest_route=\/wp\/v2\/posts"}],"about":[{"href":"https:\/\/akdenizolaygazetesi.com\/index.php?rest_route=\/wp\/v2\/types\/post"}],"author":[{"embeddable":true,"href":"https:\/\/akdenizolaygazetesi.com\/index.php?rest_route=\/wp\/v2\/users\/2"}],"replies":[{"embeddable":true,"href":"https:\/\/akdenizolaygazetesi.com\/index.php?rest_route=%2Fwp%2Fv2%2Fcomments&post=17980"}],"version-history":[{"count":1,"href":"https:\/\/akdenizolaygazetesi.com\/index.php?rest_route=\/wp\/v2\/posts\/17980\/revisions"}],"predecessor-version":[{"id":17982,"href":"https:\/\/akdenizolaygazetesi.com\/index.php?rest_route=\/wp\/v2\/posts\/17980\/revisions\/17982"}],"wp:featuredmedia":[{"embeddable":true,"href":"https:\/\/akdenizolaygazetesi.com\/index.php?rest_route=\/wp\/v2\/media\/17981"}],"wp:attachment":[{"href":"https:\/\/akdenizolaygazetesi.com\/index.php?rest_route=%2Fwp%2Fv2%2Fmedia&parent=17980"}],"wp:term":[{"taxonomy":"category","embeddable":true,"href":"https:\/\/akdenizolaygazetesi.com\/index.php?rest_route=%2Fwp%2Fv2%2Fcategories&post=17980"},{"taxonomy":"post_tag","embeddable":true,"href":"https:\/\/akdenizolaygazetesi.com\/index.php?rest_route=%2Fwp%2Fv2%2Ftags&post=17980"}],"curies":[{"name":"wp","href":"https:\/\/api.w.org\/{rel}","templated":true}]}}