{"id":17983,"date":"2022-04-14T17:34:24","date_gmt":"2022-04-14T14:34:24","guid":{"rendered":"http:\/\/akdenizolaygazetesi.com\/?p=17983"},"modified":"2022-04-14T17:34:24","modified_gmt":"2022-04-14T14:34:24","slug":"baskan-secer-tarim-ve-orman-bakani-kirisciyi-ziyaret-etti","status":"publish","type":"post","link":"https:\/\/akdenizolaygazetesi.com\/?p=17983","title":{"rendered":"BA\u015eKAN SE\u00c7ER, TARIM VE ORMAN BAKANI K\u0130R\u0130\u015eC\u0130&#8217;Y\u0130 Z\u0130YARET ETT\u0130"},"content":{"rendered":"<p>Mersin B\u00fcy\u00fck\u015fehir Belediye Ba\u015fkan\u0131 Vahap Se\u00e7er, Ankara&#8217;da bir dizi temaslarda bulundu ve Mersin&#8217;e yap\u0131lacak yat\u0131r\u0131m ve projelerle ilgili g\u00f6r\u00fc\u015fmeler ger\u00e7ekle\u015ftirdi.<br \/>\nBa\u015fkan Se\u00e7er, beraberindeki b\u00fcrokratlar\u0131n da oldu\u011fu bir heyetle Metro finansman\u0131 da d\u00e2hil olmak \u00fczere Mersin&#8217;e yap\u0131lan ve yap\u0131lacak olan projelerle ilgili Ba\u015fkent&#8217;te bir dizi g\u00f6r\u00fc\u015fmeler ger\u00e7ekle\u015ftirdi.<br \/>\nTar\u0131m ve Orman Bakanl\u0131\u011f\u0131 g\u00f6revine yeni atanan Vahit Kiri\u015fci&#8217;yi makam\u0131nda ziyaret eden Ba\u015fkan Se\u00e7er, Bakan Kiri\u015fci&#8217;ye ve \u00e7al\u0131\u015fma arkada\u015flar\u0131na ba\u015far\u0131lar diledi. Ziyarette; Mersin B\u00fcy\u00fck\u015fehir Belediyesi&#8217;nin yapt\u0131\u011f\u0131 ve yapaca\u011f\u0131 projeler ile uzun s\u00fcredir bekleyen tahsis talepleri ve i\u015f birli\u011fi projeleri konu\u015fuldu.<br \/>\nBozyaz\u0131 kat\u0131 at\u0131k tesisi i\u00e7in izin talebi<br \/>\nBa\u015fkan Se\u00e7er ve beraberindekiler, Orman Genel M\u00fcd\u00fcrl\u00fc\u011f\u00fc&#8217;n\u00fcn \u00f6nceki y\u0131llarda kamu yarar\u0131 oldu\u011funu belirtti\u011fi ve \u00f6n izin verdi\u011fi JICA Kredisi i\u00e7in onay da al\u0131nan, b\u00f6lgenin kat\u0131 at\u0131k sorununu k\u00f6kten \u00e7\u00f6zecek olan Bozyaz\u0131&#8217;ya yap\u0131lacak Entegre Kat\u0131 At\u0131k Y\u00f6netim Projesi ile ilgili bilgileri de aktard\u0131. Halen Silifke&#8217;ye ta\u015f\u0131nan ve yap\u0131m\u0131 halinde k\u0131\u015f n\u00fcfusu yakla\u015f\u0131k 120 bin olan ancak \u00f6zellikle yaz aylar\u0131nda n\u00fcfusu \u00e7ok artan Bozyaz\u0131, Anamur ve Ayd\u0131nc\u0131k&#8217;a hizmet edecek olan bu tesisin yap\u0131lmas\u0131n\u0131n \u00f6ng\u00f6r\u00fcld\u00fc\u011f\u00fc Bozyaz\u0131 G\u00f6zce Mahallesi Dereboyu mevkiinin, \u00c7evre ve \u015eehircilik Bakanl\u0131\u011f\u0131 taraf\u0131ndan yap\u0131lan ara\u015ft\u0131rmalarda AB normlar\u0131na uygun ve belirlenen kriterleri yerine getirebilen tek yer oldu\u011funa dikkat \u00e7ekilen g\u00f6r\u00fc\u015fmede, bu alan\u0131n kullan\u0131lmak \u00fczere Orman B\u00f6lge M\u00fcd\u00fcrl\u00fc\u011f\u00fc&#8217;nden B\u00fcy\u00fck\u015fehir Belediyesi ad\u0131na izni talep edildi.<br \/>\nPamukluk i\u00e7me suyu isale hatt\u0131<br \/>\nZiyarette Bakan Kiri\u015f\u00e7i&#8217;ye, su tutmaya ba\u015flayan Pamukluk Baraj\u0131&#8217;ndan Mersin&#8217;e i\u00e7me suyu temin edilece\u011fini hat\u0131rlatan Ba\u015fkan Se\u00e7er, proje bile\u015fenlerinden olan iletim t\u00fcnelinin in\u015faat\u0131n\u0131n tamamland\u0131\u011f\u0131n\u0131, ancak isale hatt\u0131, ar\u0131tma tesisi ve ana su deposu yap\u0131lar\u0131na ait ihale ve in\u015faata dair herhangi bir geli\u015fme olmad\u0131\u011f\u0131n\u0131 belirtti. Ba\u015fkan Se\u00e7er, Mersin&#8217;de h\u0131zla artan n\u00fcfusun da g\u00f6z \u00f6n\u00fcnde bulundurulmas\u0131 halinde; \u00f6n\u00fcm\u00fczdeki y\u0131llarda kentte su arz\u0131nda ya\u015fanabilecek yetersizli\u011fin \u00f6n\u00fcne ge\u00e7ilmesi i\u00e7in isale hatt\u0131 ve kamula\u015ft\u0131rma s\u00fcre\u00e7lerinin zaman yitirmeden ba\u015flat\u0131lmas\u0131 gerekti\u011fini de s\u00f6yledi.<br \/>\nAyd\u0131nc\u0131k Ar\u0131tma Tesisi de g\u00f6r\u00fc\u015f\u00fcld\u00fc<br \/>\nBa\u015fkan Se\u00e7er, Bakan Kiri\u015fci&#8217;ye Ayd\u0131nc\u0131k At\u0131ksu Ar\u0131tma Tesisi ile ilgili de bilgi verdi. Cumhuriyet Mahallesi&#8217;nde orman sahas\u0131 i\u00e7erisindeki alan i\u00e7in 49 y\u0131l s\u00fcreli orman kesin izni verildi\u011fini belirten Ba\u015fkan Se\u00e7er, ancak bu sahan\u0131n topografik yap\u0131s\u0131ndan kaynakl\u0131 olduk\u00e7a e\u011fimli oldu\u011funu ve bu sebeple de at\u0131ksu ar\u0131tma tesisi in\u015fas\u0131na uygun hale getirilebilmesi i\u00e7in telafisi g\u00fc\u00e7 ekonomik sorunlar olu\u015fabilece\u011fine dikkat \u00e7ekti. Bu sebeple, at\u0131ksu ar\u0131tma tesisine alternatif yer olarak Hac\u0131bahattin Mahallesi&#8217;nde orman parseli i\u00e7erisinde yeni bir alan bulundu\u011funu ve bu alanla ilgili de Mersin Orman B\u00f6lge M\u00fcd\u00fcrl\u00fc\u011f\u00fc&#8217;ne yaz\u0131 yaz\u0131larak ba\u015fvuruda bulunuldu\u011funu hat\u0131rlatan Ba\u015fkan Se\u00e7er, Ayd\u0131nc\u0131k Merkez Mahallelerinde yap\u0131lan kanalizasyon sisteminin at\u0131l kalmamas\u0131, \u00e7evrenin korunmas\u0131 i\u00e7in at\u0131ksu ar\u0131tma tesisinin bir an \u00f6nce hayata ge\u00e7irilmesi gerekti\u011fini vurgulad\u0131. Ba\u015fkan Se\u00e7er, Hac\u0131bahattin Mahallesi&#8217;nde at\u0131ksu ar\u0131tma tesisinin yeni yeri i\u00e7in proje ve orman izin \u00e7al\u0131\u015fmalar\u0131n\u0131n h\u0131zland\u0131r\u0131lmas\u0131n\u0131n uygun olaca\u011f\u0131n\u0131 dile getirdi.<\/p>\n","protected":false},"excerpt":{"rendered":"<p>Mersin B\u00fcy\u00fck\u015fehir Belediye Ba\u015fkan\u0131 Vahap Se\u00e7er, Ankara&#8217;da bir dizi temaslarda bulundu ve Mersin&#8217;e yap\u0131lacak yat\u0131r\u0131m ve projelerle ilgili g\u00f6r\u00fc\u015fmeler ger\u00e7ekle\u015ftirdi. Ba\u015fkan Se\u00e7er, beraberindeki b\u00fcrokratlar\u0131n da oldu\u011fu bir heyetle Metro finansman\u0131 &hellip; <a href=\"https:\/\/akdenizolaygazetesi.com\/?p=17983\" class=\"more-link\">Devam\u0131n\u0131 Oku&#8230;<\/a><\/p>\n","protected":false},"author":2,"featured_media":17984,"comment_status":"open","ping_status":"open","sticky":false,"template":"","format":"standard","meta":[],"categories":[8,2,3,6],"tags":[],"_links":{"self":[{"href":"https:\/\/akdenizolaygazetesi.com\/index.php?rest_route=\/wp\/v2\/posts\/17983"}],"collection":[{"href":"https:\/\/akdenizolaygazetesi.com\/index.php?rest_route=\/wp\/v2\/posts"}],"about":[{"href":"https:\/\/akdenizolaygazetesi.com\/index.php?rest_route=\/wp\/v2\/types\/post"}],"author":[{"embeddable":true,"href":"https:\/\/akdenizolaygazetesi.com\/index.php?rest_route=\/wp\/v2\/users\/2"}],"replies":[{"embeddable":true,"href":"https:\/\/akdenizolaygazetesi.com\/index.php?rest_route=%2Fwp%2Fv2%2Fcomments&post=17983"}],"version-history":[{"count":1,"href":"https:\/\/akdenizolaygazetesi.com\/index.php?rest_route=\/wp\/v2\/posts\/17983\/revisions"}],"predecessor-version":[{"id":17985,"href":"https:\/\/akdenizolaygazetesi.com\/index.php?rest_route=\/wp\/v2\/posts\/17983\/revisions\/17985"}],"wp:featuredmedia":[{"embeddable":true,"href":"https:\/\/akdenizolaygazetesi.com\/index.php?rest_route=\/wp\/v2\/media\/17984"}],"wp:attachment":[{"href":"https:\/\/akdenizolaygazetesi.com\/index.php?rest_route=%2Fwp%2Fv2%2Fmedia&parent=17983"}],"wp:term":[{"taxonomy":"category","embeddable":true,"href":"https:\/\/akdenizolaygazetesi.com\/index.php?rest_route=%2Fwp%2Fv2%2Fcategories&post=17983"},{"taxonomy":"post_tag","embeddable":true,"href":"https:\/\/akdenizolaygazetesi.com\/index.php?rest_route=%2Fwp%2Fv2%2Ftags&post=17983"}],"curies":[{"name":"wp","href":"https:\/\/api.w.org\/{rel}","templated":true}]}}