{"id":17986,"date":"2022-04-15T12:48:42","date_gmt":"2022-04-15T09:48:42","guid":{"rendered":"http:\/\/akdenizolaygazetesi.com\/?p=17986"},"modified":"2022-04-15T12:48:42","modified_gmt":"2022-04-15T09:48:42","slug":"secer-mersin-uluslararasi-lojistik-koy-icin-el-birligiyle-artik-harekete-gecme-zamani","status":"publish","type":"post","link":"https:\/\/akdenizolaygazetesi.com\/?p=17986","title":{"rendered":"SE\u00c7ER: &#8220;&#8216;MERS\u0130N ULUSLARARASI LOJ\u0130ST\u0130K K\u00d6Y&#8217; \u0130\u00c7\u0130N EL B\u0130RL\u0130\u011e\u0130YLE ARTIK HAREKETE GE\u00c7ME ZAMANI&#8221;"},"content":{"rendered":"<p>Mersin B\u00fcy\u00fck\u015fehir Belediye Ba\u015fkan\u0131 Vahap Se\u00e7er, &#8216;Mersin Uluslararas\u0131 Lojistik K\u00f6y&#8217; projesini g\u00f6r\u00fc\u015fmek \u00fczere Mersin Ticaret ve Sanayi Odas\u0131 (MTSO) Ba\u015fkan\u0131 Ayhan K\u0131z\u0131ltan ve Uluslararas\u0131 Nakliyeciler Derne\u011fi (UND) Mersin temsilcileri ile bir araya geldi. Projenin Mersin ve lojistik sekt\u00f6r\u00fc a\u00e7\u0131s\u0131ndan \u00f6nemine vurgu yapan Ba\u015fkan Se\u00e7er, &#8216;Lojistik K\u00f6y&#8217;\u00fcn bir an \u00f6nce hayata ge\u00e7irilmesi i\u00e7in B\u00fcy\u00fck\u015fehir Belediyesi, MTSO ve UND&#8217;nin i\u015f birli\u011fi yapmas\u0131 gerekti\u011fini s\u00f6yledi.<br \/>\nBa\u015fkan Se\u00e7er&#8217;in makam\u0131nda yap\u0131lan g\u00f6r\u00fc\u015fmeye; MTSO Y\u00f6netim Kurulu Ba\u015fkan\u0131 Ayhan K\u0131z\u0131ltan, UND Y\u00f6netim Kurulu Ba\u015fkan Yard\u0131mc\u0131lar\u0131 Muhittin Ocak ve R\u0131dvan Ar\u0131\u00e7, Y\u00f6netim Kurulu \u00dcyeleri Y\u0131lmaz \u00d6z\u00e7elik, Kerem \u0130mrak, Co\u015fkun Ayta\u015f, Mehmet Can Arslan, S\u00fcleyman Akta\u015f ile UND Y\u00fcksek \u0130sti\u015fare Kurulu \u00dcyeleri Muazzez Ara\u00e7 ve Sira\u00e7 D\u00fcndar kat\u0131ld\u0131.<br \/>\n&#8220;Mersin, lojistik ile do\u011fup b\u00fcy\u00fcyen bir kent&#8221;<br \/>\nBa\u015fkan Se\u00e7er&#8217;in, Mersin&#8217;de kurulmas\u0131 planlanan Lojistik K\u00f6y&#8217;\u00fcn, kentin gelece\u011fi a\u00e7\u0131s\u0131ndan \u00f6nemli ve de\u011ferli oldu\u011funu belirtti\u011fi g\u00f6r\u00fc\u015fmede; projenin detaylar\u0131 masaya yat\u0131r\u0131ld\u0131. &#8216;Lojistik K\u00f6y&#8217; i\u00e7in art\u0131k harekete ge\u00e7me zaman\u0131 oldu\u011funu vurgulayan Ba\u015fkan Se\u00e7er, devam eden imar \u00e7al\u0131\u015fmalar\u0131 hakk\u0131nda da bilgi verdi. Mersin&#8217;in \u0130stanbul&#8217;un ard\u0131ndan ara\u00e7 filosu a\u00e7\u0131s\u0131ndan en b\u00fcy\u00fck ikinci il oldu\u011funa dikkat \u00e7eken Ba\u015fkan Se\u00e7er, &#8220;Mersin, lojistik ile do\u011fup b\u00fcy\u00fcyen bir kent. B\u00f6yle bir projenin hayata ge\u00e7mesini en az ben de sizler kadar istiyorum&#8221; dedi.<br \/>\nNakliyeciler Sitesi Projesi&#8217;nin de h\u0131zla tamamlanarak ihale a\u015famas\u0131na gelindi\u011fini belirten Ba\u015fkan Se\u00e7er, B\u00fcy\u00fck\u015fehir Belediyesi, MTSO ve UND&#8217;nin birlikte hareket etmesiyle &#8216;Lojistik K\u00f6y&#8217; projesinde h\u0131zla yol al\u0131nabilece\u011fini aktard\u0131. Ba\u015fkan Se\u00e7er, \u00e7al\u0131\u015fmalara vakit kaybedilmeden ba\u015flanmas\u0131 gerekti\u011fini dile getirerek, proje i\u00e7erisindeki g\u00fcmr\u00fck, depolama alanlar\u0131, t\u0131r garajlar\u0131 gibi sekt\u00f6rel yat\u0131r\u0131mlar\u0131n yan\u0131 s\u0131ra fuar alan\u0131, otel gibi uluslararas\u0131 lojisti\u011fin gerektirdi\u011fi her t\u00fcrl\u00fc tesisin yer alaca\u011f\u0131 altyap\u0131n\u0131n olu\u015fturulmas\u0131n\u0131n \u00f6nemine de de\u011findi.<br \/>\nMTSO Y\u00f6netim Kurulu Ba\u015fkan\u0131 K\u0131z\u0131ltan ve UND temsilcileri de yurti\u00e7i ve yurtd\u0131\u015f\u0131ndan yat\u0131r\u0131mc\u0131lar\u0131n bu projeye haz\u0131r oldu\u011funu, yer tahsisi konusundaki sorunun \u00e7\u00f6z\u00fclmesi halinde vakit kaybedilmeden \u00e7al\u0131\u015fmaya ba\u015flanabilece\u011fini kaydetti.<\/p>\n","protected":false},"excerpt":{"rendered":"<p>Mersin B\u00fcy\u00fck\u015fehir Belediye Ba\u015fkan\u0131 Vahap Se\u00e7er, &#8216;Mersin Uluslararas\u0131 Lojistik K\u00f6y&#8217; projesini g\u00f6r\u00fc\u015fmek \u00fczere Mersin Ticaret ve Sanayi Odas\u0131 (MTSO) Ba\u015fkan\u0131 Ayhan K\u0131z\u0131ltan ve Uluslararas\u0131 Nakliyeciler Derne\u011fi (UND) Mersin temsilcileri ile &hellip; <a href=\"https:\/\/akdenizolaygazetesi.com\/?p=17986\" class=\"more-link\">Devam\u0131n\u0131 Oku&#8230;<\/a><\/p>\n","protected":false},"author":2,"featured_media":17987,"comment_status":"open","ping_status":"open","sticky":false,"template":"","format":"standard","meta":[],"categories":[1,2,3],"tags":[],"_links":{"self":[{"href":"https:\/\/akdenizolaygazetesi.com\/index.php?rest_route=\/wp\/v2\/posts\/17986"}],"collection":[{"href":"https:\/\/akdenizolaygazetesi.com\/index.php?rest_route=\/wp\/v2\/posts"}],"about":[{"href":"https:\/\/akdenizolaygazetesi.com\/index.php?rest_route=\/wp\/v2\/types\/post"}],"author":[{"embeddable":true,"href":"https:\/\/akdenizolaygazetesi.com\/index.php?rest_route=\/wp\/v2\/users\/2"}],"replies":[{"embeddable":true,"href":"https:\/\/akdenizolaygazetesi.com\/index.php?rest_route=%2Fwp%2Fv2%2Fcomments&post=17986"}],"version-history":[{"count":1,"href":"https:\/\/akdenizolaygazetesi.com\/index.php?rest_route=\/wp\/v2\/posts\/17986\/revisions"}],"predecessor-version":[{"id":17988,"href":"https:\/\/akdenizolaygazetesi.com\/index.php?rest_route=\/wp\/v2\/posts\/17986\/revisions\/17988"}],"wp:featuredmedia":[{"embeddable":true,"href":"https:\/\/akdenizolaygazetesi.com\/index.php?rest_route=\/wp\/v2\/media\/17987"}],"wp:attachment":[{"href":"https:\/\/akdenizolaygazetesi.com\/index.php?rest_route=%2Fwp%2Fv2%2Fmedia&parent=17986"}],"wp:term":[{"taxonomy":"category","embeddable":true,"href":"https:\/\/akdenizolaygazetesi.com\/index.php?rest_route=%2Fwp%2Fv2%2Fcategories&post=17986"},{"taxonomy":"post_tag","embeddable":true,"href":"https:\/\/akdenizolaygazetesi.com\/index.php?rest_route=%2Fwp%2Fv2%2Ftags&post=17986"}],"curies":[{"name":"wp","href":"https:\/\/api.w.org\/{rel}","templated":true}]}}