{"id":1799,"date":"2020-11-04T18:22:20","date_gmt":"2020-11-04T15:22:20","guid":{"rendered":"http:\/\/mersinekonomipolitikagazetesi.com\/?p=1799"},"modified":"2020-11-04T18:22:20","modified_gmt":"2020-11-04T15:22:20","slug":"anamur-meslek-yuksekokulunda-bahar-senligi","status":"publish","type":"post","link":"https:\/\/akdenizolaygazetesi.com\/?p=1799","title":{"rendered":"Anamur Meslek Y\u00fcksekokulu&#8217;nda bahar \u015fenli\u011fi"},"content":{"rendered":"<p>Mersin \u00dcniversitesi Anamur Meslek Y\u00fcksekokulu \u00f6\u011frencileri taraf\u0131ndan d\u00fczenlenen \u2018Bahar \u015eenlikleri\u2019 kortej y\u00fcr\u00fcy\u00fc\u015f\u00fcyle ba\u015flad\u0131.<\/p>\n<p><span style=\"font-size:16px;\"><span style=\"font-family: sans-serif; line-height: 20px; text-align: justify; background-color: rgb(242, 244, 245);\">Kredi Yurtlar Kurumu \u00f6n\u00fcnden ba\u015flayan kortejde \u00f6\u011frencilere, Y\u00fcksekokul M\u00fcd\u00fcr\u00fc G\u00fcrkan Temiz, Y\u00fcksekokul Yapt\u0131rma ve Ya\u015fatma Derne\u011fi Ba\u015fkan\u0131 Mehmet Ayhan, okul m\u00fcd\u00fcrleri, siyasi parti temsilcileri, \u00f6\u011fretim g\u00f6revlileri ve idari personel e\u015flik etti.\u00a0<\/span><br style=\"box-sizing: border-box; font-family: sans-serif; font-size: 14px; line-height: 20px; text-align: justify; background-color: rgb(242, 244, 245);\" \/><br \/>\n<span style=\"font-family: sans-serif; line-height: 20px; text-align: justify; background-color: rgb(242, 244, 245);\">Renkli g\u00f6r\u00fcnt\u00fclerin ortaya \u00e7\u0131kt\u0131\u011f\u0131 kortej y\u00fcr\u00fcy\u00fc\u015f\u00fc sonras\u0131nda kat\u0131l\u0131mc\u0131lara Anamur muzu da\u011f\u0131t\u0131ld\u0131.\u00a0<\/span><br style=\"box-sizing: border-box; font-family: sans-serif; font-size: 14px; line-height: 20px; text-align: justify; background-color: rgb(242, 244, 245);\" \/><br \/>\n<span style=\"font-family: sans-serif; line-height: 20px; text-align: justify; background-color: rgb(242, 244, 245);\">Bahar \u015fenliklerinin \u00f6\u011frencilerin motivasyonu i\u00e7in \u00e7ok \u00f6nemli oldu\u011funu belirten y\u00fcksekokul m\u00fcd\u00fcr\u00fc G\u00fcrkan Temiz, \u201cFinaller \u00f6ncesi \u00f6\u011frencilerin stres atmas\u0131 ad\u0131na bir dizi etkinlik d\u00fczenledik. K\u00fclt\u00fcrel, sanatsal ve sportif etkinliklerle gen\u00e7ler g\u00f6n\u00fcllerince e\u011flenecek. \u015eimdiden g\u00fczel bir \u015fenlik olmas\u0131n\u0131 ve t\u00fcm \u00f6\u011frencilerimizin bu g\u00fczel g\u00fcnlerin tad\u0131n\u0131 \u00e7\u0131karmas\u0131n\u0131 diliyorum\u201d dedi.\u00a0<\/span><br style=\"box-sizing: border-box; font-family: sans-serif; font-size: 14px; line-height: 20px; text-align: justify; background-color: rgb(242, 244, 245);\" \/><br \/>\n<span style=\"font-family: sans-serif; line-height: 20px; text-align: justify; background-color: rgb(242, 244, 245);\">3 g\u00fcn s\u00fcrecek Bahar \u015eenli\u011fi\u2019nde \u00f6\u011frenciler, konser, sinema, tiyatro, konferans, spor, dans, \u015fovlar ve daha pek \u00e7ok e\u011flenceli aktivite ile keyifli anlar ge\u00e7irecek.\u00a0<\/span><\/span><\/p>\n","protected":false},"excerpt":{"rendered":"<p>Mersin \u00dcniversitesi Anamur Meslek Y\u00fcksekokulu \u00f6\u011frencileri taraf\u0131ndan d\u00fczenlenen \u2018Bahar \u015eenlikleri\u2019 kortej y\u00fcr\u00fcy\u00fc\u015f\u00fcyle ba\u015flad\u0131. Kredi Yurtlar Kurumu \u00f6n\u00fcnden ba\u015flayan kortejde \u00f6\u011frencilere, Y\u00fcksekokul M\u00fcd\u00fcr\u00fc G\u00fcrkan Temiz, Y\u00fcksekokul Yapt\u0131rma ve Ya\u015fatma Derne\u011fi Ba\u015fkan\u0131 &hellip; <a href=\"https:\/\/akdenizolaygazetesi.com\/?p=1799\" class=\"more-link\">Devam\u0131n\u0131 Oku&#8230;<\/a><\/p>\n","protected":false},"author":1,"featured_media":0,"comment_status":"open","ping_status":"open","sticky":false,"template":"","format":"standard","meta":[],"categories":[],"tags":[],"_links":{"self":[{"href":"https:\/\/akdenizolaygazetesi.com\/index.php?rest_route=\/wp\/v2\/posts\/1799"}],"collection":[{"href":"https:\/\/akdenizolaygazetesi.com\/index.php?rest_route=\/wp\/v2\/posts"}],"about":[{"href":"https:\/\/akdenizolaygazetesi.com\/index.php?rest_route=\/wp\/v2\/types\/post"}],"author":[{"embeddable":true,"href":"https:\/\/akdenizolaygazetesi.com\/index.php?rest_route=\/wp\/v2\/users\/1"}],"replies":[{"embeddable":true,"href":"https:\/\/akdenizolaygazetesi.com\/index.php?rest_route=%2Fwp%2Fv2%2Fcomments&post=1799"}],"version-history":[{"count":0,"href":"https:\/\/akdenizolaygazetesi.com\/index.php?rest_route=\/wp\/v2\/posts\/1799\/revisions"}],"wp:attachment":[{"href":"https:\/\/akdenizolaygazetesi.com\/index.php?rest_route=%2Fwp%2Fv2%2Fmedia&parent=1799"}],"wp:term":[{"taxonomy":"category","embeddable":true,"href":"https:\/\/akdenizolaygazetesi.com\/index.php?rest_route=%2Fwp%2Fv2%2Fcategories&post=1799"},{"taxonomy":"post_tag","embeddable":true,"href":"https:\/\/akdenizolaygazetesi.com\/index.php?rest_route=%2Fwp%2Fv2%2Ftags&post=1799"}],"curies":[{"name":"wp","href":"https:\/\/api.w.org\/{rel}","templated":true}]}}