{"id":1800,"date":"2020-11-04T18:22:20","date_gmt":"2020-11-04T15:22:20","guid":{"rendered":"http:\/\/mersinekonomipolitikagazetesi.com\/?p=1800"},"modified":"2020-11-04T18:22:20","modified_gmt":"2020-11-04T15:22:20","slug":"mutta-hal-sezonu-dualarla-acildi","status":"publish","type":"post","link":"https:\/\/akdenizolaygazetesi.com\/?p=1800","title":{"rendered":"Mut&#8217;ta hal sezonu dualarla a\u00e7\u0131ld\u0131"},"content":{"rendered":"<p>Mersin&#8217;in Mut il\u00e7esinde sebze ve meyve toptanc\u0131 hali esnaf\u0131 sezonu dualarla a\u00e7t\u0131. Mevsimlik olarak faaliyet g\u00f6steren Mersin B\u00fcy\u00fck\u015fehir Mut Sebze ve Meyve Toptanc\u0131 Hali, T\u00fcrkiye\u2019nin turfanda erik ve kay\u0131s\u0131 sezonunda nisan ile temmuz aylar\u0131 aras\u0131nda hizmet veriyor.<\/p>\n<p><span style=\"font-size:16px;\"><span style=\"font-family: sans-serif; line-height: 20px; text-align: justify; background-color: rgb(242, 244, 245);\">Mersin B\u00fcy\u00fck\u015fehir Mut Ya\u015f Meyve ve Sebze Komisyoncular\u0131 Derne\u011fi Ba\u015fkan\u0131 Mehmet Ali Acar, a\u00e7\u0131l\u0131\u015f t\u00f6reninde yapt\u0131\u011f\u0131 konu\u015fmada, sezonun ba\u015flamas\u0131yla birlikte halde hareketlilik ya\u015fanaca\u011f\u0131n\u0131 belirterek, T\u00fcrkiye\u2019nin erkenci sofral\u0131k kay\u0131s\u0131 ihracat\u0131n\u0131n 50 milyon dolar\u0131 buldu\u011funu, bu rakam\u0131n y\u00fczde 85\u2019inin ise Mut\u2019tan ger\u00e7ekle\u015ftirildi\u011fini s\u00f6yledi.\u00a0<\/span><br style=\"box-sizing: border-box; font-family: sans-serif; font-size: 14px; line-height: 20px; text-align: justify; background-color: rgb(242, 244, 245);\" \/><br \/>\n<span style=\"font-family: sans-serif; line-height: 20px; text-align: justify; background-color: rgb(242, 244, 245);\">\u0130l\u00e7ede 56 bin dekar alanda kay\u0131s\u0131 \u00fcretimi yap\u0131ld\u0131\u011f\u0131n\u0131 kaydeden Acar, \u201cMut\u2019ta yeti\u015fen kay\u0131s\u0131n\u0131n kalitesi, kokusu, lezzeti ve hatta g\u00f6r\u00fcnt\u00fcs\u00fc \u00fclkemizin hi\u00e7bir yerinde olmamaktad\u0131r. \u00c7\u00fcnk\u00fc iklim olarak mikro klima denilen esinti, hem g\u00f6r\u00fcnt\u00fc, hem rengini, hem tad\u0131n\u0131, hem de kokusunu do\u011falla\u015ft\u0131r\u0131yor. Onun i\u00e7in diyoruz ki marka Mut\u2019tur, kay\u0131s\u0131 ve eri\u011fin ana memleketi Mut\u2019tur&#8221; dedi.\u00a0<\/span><br style=\"box-sizing: border-box; font-family: sans-serif; font-size: 14px; line-height: 20px; text-align: justify; background-color: rgb(242, 244, 245);\" \/><br \/>\n<span style=\"font-family: sans-serif; line-height: 20px; text-align: justify; background-color: rgb(242, 244, 245);\">2017 y\u0131l\u0131nda 100 bin ton sofral\u0131k kay\u0131s\u0131 \u00fcretildi\u011fini bunun 50 bin tonunun ihra\u00e7 edildi\u011funu vurgulayan Acar, &#8220;Yakla\u015f\u0131k para olarak kar\u015f\u0131l\u0131\u011f\u0131 ise 45 milyon dolar\u0131 a\u015ft\u0131. 2018 y\u0131l\u0131nda kay\u0131s\u0131da rekolte beklentimiz 150 bin tonun \u00fczerinde. Bunun yar\u0131s\u0131 kadar da ihracat beklentimiz var. Mut kay\u0131s\u0131s\u0131n\u0131 i\u00e7 piyasada sadece Ankara, \u0130stanbul, \u0130zmir\u2019e de\u011fil art\u0131k T\u00fcrkiye\u2019nin her b\u00f6lgesine, d\u0131\u015f piyasada ise genel a\u011f\u0131rl\u0131kl\u0131 Rusya, Irak, Ortado\u011fu \u00fclkeleri ve Avrupa \u00fclkelerine ihra\u00e7 ediyoruz\u201d diye konu\u015ftu.\u00a0<\/span><br style=\"box-sizing: border-box; font-family: sans-serif; font-size: 14px; line-height: 20px; text-align: justify; background-color: rgb(242, 244, 245);\" \/><br \/>\n<span style=\"font-family: sans-serif; line-height: 20px; text-align: justify; background-color: rgb(242, 244, 245);\">Mut Belediye Ba\u015fkan\u0131 Nebi Y\u0131lmaz ise Mut il\u00e7esinin ayakta kalmas\u0131n\u0131n tar\u0131ma ba\u011fl\u0131 oldu\u011funu ifade ederek, &#8220;Bu il\u00e7enin birinci \u00f6nceli\u011fi tar\u0131msa, tar\u0131m\u0131 birinci hizmet alan\u0131na koymam\u0131z laz\u0131m. Mut il\u00e7esinde yeti\u015fen \u00fcr\u00fcnlerin, Mersin \u00e7ap\u0131nda ilk \u00fc\u00e7e girdi\u011fini bilmeniz gerekli. Kay\u0131s\u0131 deyince Malatya akla geliyor ama bizim Malatya\u2019dan ayr\u0131cal\u0131\u011f\u0131m\u0131z var. Biz sofral\u0131k erkenci kay\u0131s\u0131 \u00fcretiyoruz Malatya ise kurutmal\u0131kta \u00f6nc\u00fc. \u00dcr\u00fcn\u00fcm\u00fcz\u00fcn kalite ve fark\u0131ndal\u0131\u011f\u0131n\u0131 d\u00fcnya markas\u0131na ta\u015f\u0131mam\u0131z laz\u0131m&#8221; diye konu\u015ftu.\u00a0<\/span><br style=\"box-sizing: border-box; font-family: sans-serif; font-size: 14px; line-height: 20px; text-align: justify; background-color: rgb(242, 244, 245);\" \/><br \/>\n<span style=\"font-family: sans-serif; line-height: 20px; text-align: justify; background-color: rgb(242, 244, 245);\">Kaymakam Mehmet Ali Aky\u00fcz ise t\u00fcm \u00fcretici ve komisyonculara sezonun hay\u0131rl\u0131 olmas\u0131n\u0131 ve bol kazan\u00e7 diledi.\u00a0<\/span><br style=\"box-sizing: border-box; font-family: sans-serif; font-size: 14px; line-height: 20px; text-align: justify; background-color: rgb(242, 244, 245);\" \/><br \/>\n<span style=\"font-family: sans-serif; line-height: 20px; text-align: justify; background-color: rgb(242, 244, 245);\">\u0130l\u00e7e m\u00fcft\u00fcs\u00fc Mustafa \u00d6zt\u00fcrk taraf\u0131ndan dua okunduktan sonra, komisyoncular tek tek gezilerek yeni sezonun hay\u0131rl\u0131 olmas\u0131 dileklerinde bulunuldu.\u00a0<\/span><br style=\"box-sizing: border-box; font-family: sans-serif; font-size: 14px; line-height: 20px; text-align: justify; background-color: rgb(242, 244, 245);\" \/><br \/>\n<span style=\"font-family: sans-serif; line-height: 20px; text-align: justify; background-color: rgb(242, 244, 245);\">A\u00e7\u0131l\u0131\u015f sonras\u0131 misafirlere kavurmal\u0131 pilav ikram edildi.\u00a0<\/span><\/span><\/p>\n","protected":false},"excerpt":{"rendered":"<p>Mersin&#8217;in Mut il\u00e7esinde sebze ve meyve toptanc\u0131 hali esnaf\u0131 sezonu dualarla a\u00e7t\u0131. Mevsimlik olarak faaliyet g\u00f6steren Mersin B\u00fcy\u00fck\u015fehir Mut Sebze ve Meyve Toptanc\u0131 Hali, T\u00fcrkiye\u2019nin turfanda erik ve kay\u0131s\u0131 sezonunda &hellip; <a href=\"https:\/\/akdenizolaygazetesi.com\/?p=1800\" class=\"more-link\">Devam\u0131n\u0131 Oku&#8230;<\/a><\/p>\n","protected":false},"author":1,"featured_media":0,"comment_status":"open","ping_status":"open","sticky":false,"template":"","format":"standard","meta":[],"categories":[],"tags":[],"_links":{"self":[{"href":"https:\/\/akdenizolaygazetesi.com\/index.php?rest_route=\/wp\/v2\/posts\/1800"}],"collection":[{"href":"https:\/\/akdenizolaygazetesi.com\/index.php?rest_route=\/wp\/v2\/posts"}],"about":[{"href":"https:\/\/akdenizolaygazetesi.com\/index.php?rest_route=\/wp\/v2\/types\/post"}],"author":[{"embeddable":true,"href":"https:\/\/akdenizolaygazetesi.com\/index.php?rest_route=\/wp\/v2\/users\/1"}],"replies":[{"embeddable":true,"href":"https:\/\/akdenizolaygazetesi.com\/index.php?rest_route=%2Fwp%2Fv2%2Fcomments&post=1800"}],"version-history":[{"count":0,"href":"https:\/\/akdenizolaygazetesi.com\/index.php?rest_route=\/wp\/v2\/posts\/1800\/revisions"}],"wp:attachment":[{"href":"https:\/\/akdenizolaygazetesi.com\/index.php?rest_route=%2Fwp%2Fv2%2Fmedia&parent=1800"}],"wp:term":[{"taxonomy":"category","embeddable":true,"href":"https:\/\/akdenizolaygazetesi.com\/index.php?rest_route=%2Fwp%2Fv2%2Fcategories&post=1800"},{"taxonomy":"post_tag","embeddable":true,"href":"https:\/\/akdenizolaygazetesi.com\/index.php?rest_route=%2Fwp%2Fv2%2Ftags&post=1800"}],"curies":[{"name":"wp","href":"https:\/\/api.w.org\/{rel}","templated":true}]}}