{"id":18001,"date":"2022-04-15T13:02:01","date_gmt":"2022-04-15T10:02:01","guid":{"rendered":"http:\/\/akdenizolaygazetesi.com\/?p=18001"},"modified":"2022-04-15T13:02:01","modified_gmt":"2022-04-15T10:02:01","slug":"mersin-dob-sanatseverler-ile-yeniden-don-giovanni-operasinda-bulusacak","status":"publish","type":"post","link":"https:\/\/akdenizolaygazetesi.com\/?p=18001","title":{"rendered":"\u201cMersin DOB sanatseverler ile yeniden \u201cDon G\u0131ovanni\u201d Operas\u0131nda bulu\u015facak.\u201d"},"content":{"rendered":"<p>\u201cMersin DOB sanatseverler ile yeniden \u201cDon G\u0131ovanni\u201d Operas\u0131nda bulu\u015facak.\u201d<br \/>\nRejis\u00f6rl\u00fc\u011f\u00fcn\u00fc Kenan Korbek, Orkestra \u015eefli\u011fini Naci \u00d6zg\u00fc\u00e7, Koro \u015eefli\u011fini An\u0131l Ayd\u0131n\u2019\u0131n \u00fcstlendi\u011fi eserin anlat\u0131c\u0131s\u0131 Nihan \u00c7etin Ayd\u0131n olacak.  Caner Akg\u00fcn, Rag\u0131p Ufuk Kasar, Av\u015fin Dilara Kaymak, Mehlika Karadeniz Bilgin, Erdem Erdo\u011fan, Ay\u015feg\u00fcl Devrim Din\u00e7er, Talat Tolga Erden, \u015eafak G\u00fc\u00e7\u2019\u00fcn solist olarak g\u00f6rev ald\u0131\u011f\u0131 eser 18. Y\u00fczy\u0131lda \u0130spanya\u2019n\u0131n Sevil Kentindeki ars\u0131z bir kad\u0131n budalas\u0131n\u0131n maceralar\u0131n\u0131 anlat\u0131yor.<br \/>\nGe\u00e7ti\u011fimiz aylarda rejili konser format\u0131 ile sahnelenen eser bu kez 2 perde ve yeni versiyonu ile  sahnelenecek.<br \/>\nMersin Devlet Opera ve Balesi Orkestras\u0131 ile korosunun kat\u0131l\u0131m\u0131yla sunulacak eser 19 Nisan Sal\u0131 saat 20:30\u2019da Opera sahnesinde ger\u00e7ekle\u015fecek. Temsilin biletleri opera gi\u015felerinden ve biletinial.com adresinden temin edilebilecek.<\/p>\n","protected":false},"excerpt":{"rendered":"<p>\u201cMersin DOB sanatseverler ile yeniden \u201cDon G\u0131ovanni\u201d Operas\u0131nda bulu\u015facak.\u201d Rejis\u00f6rl\u00fc\u011f\u00fcn\u00fc Kenan Korbek, Orkestra \u015eefli\u011fini Naci \u00d6zg\u00fc\u00e7, Koro \u015eefli\u011fini An\u0131l Ayd\u0131n\u2019\u0131n \u00fcstlendi\u011fi eserin anlat\u0131c\u0131s\u0131 Nihan \u00c7etin Ayd\u0131n olacak. Caner Akg\u00fcn, Rag\u0131p &hellip; <a href=\"https:\/\/akdenizolaygazetesi.com\/?p=18001\" class=\"more-link\">Devam\u0131n\u0131 Oku&#8230;<\/a><\/p>\n","protected":false},"author":2,"featured_media":18002,"comment_status":"open","ping_status":"open","sticky":false,"template":"","format":"standard","meta":[],"categories":[1,2,3],"tags":[],"_links":{"self":[{"href":"https:\/\/akdenizolaygazetesi.com\/index.php?rest_route=\/wp\/v2\/posts\/18001"}],"collection":[{"href":"https:\/\/akdenizolaygazetesi.com\/index.php?rest_route=\/wp\/v2\/posts"}],"about":[{"href":"https:\/\/akdenizolaygazetesi.com\/index.php?rest_route=\/wp\/v2\/types\/post"}],"author":[{"embeddable":true,"href":"https:\/\/akdenizolaygazetesi.com\/index.php?rest_route=\/wp\/v2\/users\/2"}],"replies":[{"embeddable":true,"href":"https:\/\/akdenizolaygazetesi.com\/index.php?rest_route=%2Fwp%2Fv2%2Fcomments&post=18001"}],"version-history":[{"count":1,"href":"https:\/\/akdenizolaygazetesi.com\/index.php?rest_route=\/wp\/v2\/posts\/18001\/revisions"}],"predecessor-version":[{"id":18003,"href":"https:\/\/akdenizolaygazetesi.com\/index.php?rest_route=\/wp\/v2\/posts\/18001\/revisions\/18003"}],"wp:featuredmedia":[{"embeddable":true,"href":"https:\/\/akdenizolaygazetesi.com\/index.php?rest_route=\/wp\/v2\/media\/18002"}],"wp:attachment":[{"href":"https:\/\/akdenizolaygazetesi.com\/index.php?rest_route=%2Fwp%2Fv2%2Fmedia&parent=18001"}],"wp:term":[{"taxonomy":"category","embeddable":true,"href":"https:\/\/akdenizolaygazetesi.com\/index.php?rest_route=%2Fwp%2Fv2%2Fcategories&post=18001"},{"taxonomy":"post_tag","embeddable":true,"href":"https:\/\/akdenizolaygazetesi.com\/index.php?rest_route=%2Fwp%2Fv2%2Ftags&post=18001"}],"curies":[{"name":"wp","href":"https:\/\/api.w.org\/{rel}","templated":true}]}}