{"id":1801,"date":"2020-11-04T18:22:20","date_gmt":"2020-11-04T15:22:20","guid":{"rendered":"http:\/\/mersinekonomipolitikagazetesi.com\/?p=1801"},"modified":"2020-11-04T18:22:20","modified_gmt":"2020-11-04T15:22:20","slug":"egemenlik-kavsagi-23-nisanda-aciliyor","status":"publish","type":"post","link":"https:\/\/akdenizolaygazetesi.com\/?p=1801","title":{"rendered":"Egemenlik Kav\u015fa\u011f\u0131 23 Nisan&#8217;da a\u00e7\u0131l\u0131yor"},"content":{"rendered":"<p>Mersin B\u00fcy\u00fck\u015fehir Belediyesi taraf\u0131ndan yap\u0131m\u0131 s\u00fcren Egemenlik Katl\u0131 Kav\u015fa\u011f\u0131n\u0131n, 23 Nisan Ulusal Egemenlik ve \u00c7ocuk Bayram\u0131nda hizmete girece\u011fi bildirildi.<\/p>\n<p><span style=\"font-size:16px;\"><span style=\"font-family: sans-serif; line-height: 20px; text-align: justify; background-color: rgb(242, 244, 245);\">Mersin B\u00fcy\u00fck\u015fehir Belediy\u015fesi&#8217;nden yap\u0131lan a\u00e7\u0131klamaya g\u00f6re, Mersin trafi\u011finde \u00f6nem arz eden konumlar\u0131n iyile\u015ftirilmesi ve geli\u015ftirilmesine y\u00f6nelik \u00e7al\u0131\u015fmalar\u0131 ile vatanda\u015flardan tam not alan B\u00fcy\u00fck\u015fehir Belediyesi, trafik yo\u011funlu\u011funa \u00e7\u00f6z\u00fcm ama\u00e7l\u0131 hayata ge\u00e7irdi\u011fi Egemenlik Katl\u0131 Kav\u015fa\u011f\u0131n\u0131n y\u00fczde 98\u2019ini tamamlad\u0131. Ekiplerin gece g\u00fcnd\u00fcz s\u00fcrd\u00fcrd\u00fc\u011f\u00fc \u00e7al\u0131\u015fmalar sonucunda tamamlanan kav\u015fak, Mersinlilerin hizmetine sunabilmek i\u00e7in g\u00fcn say\u0131yor.\u00a0<\/span><br style=\"box-sizing: border-box; font-family: sans-serif; font-size: 14px; line-height: 20px; text-align: justify; background-color: rgb(242, 244, 245);\" \/><br \/>\n<span style=\"font-family: sans-serif; line-height: 20px; text-align: justify; background-color: rgb(242, 244, 245);\">Proje maliyeti 20 milyon 500 bin TL\u00a0<\/span><br style=\"box-sizing: border-box; font-family: sans-serif; font-size: 14px; line-height: 20px; text-align: justify; background-color: rgb(242, 244, 245);\" \/><br \/>\n<span style=\"font-family: sans-serif; line-height: 20px; text-align: justify; background-color: rgb(242, 244, 245);\">Mersin i\u00e7in be\u015f ay gibi k\u0131sa bir s\u00fcrede rekor h\u0131zla tamamlanan ve yakla\u015f\u0131k 20 milyon 500 bin TL proje maliyeti ile hayata ge\u00e7irilen Egemenlik Katl\u0131 Kav\u015fa\u011f\u0131, Yeni\u015fehir ve Mezitli il\u00e7esinin s\u0131n\u0131r\u0131 olan Okan Merzeci ve \u00dcniversite caddesinin kesi\u015fti\u011fi b\u00f6lgede yer al\u0131yor. Ula\u015f\u0131m Master Plan\u0131 kapsam\u0131nda hayata ge\u00e7irilen ve Mersin\u2019in \u00fc\u00e7\u00fcnc\u00fc bat-\u00e7\u0131k projesi olan Egemenlik Kav\u015fa\u011f\u0131nda altyap\u0131, asfalt, bord\u00fcr ve kald\u0131r\u0131m \u00e7al\u0131\u015fmalar\u0131n\u0131n tamam\u0131 biterken, trafik levhalar\u0131, elektrik sistemleri, sinyalizasyon ve peyzaj \u00e7al\u0131\u015fmalar\u0131 da devam ediyor.\u00a0<\/span><br style=\"box-sizing: border-box; font-family: sans-serif; font-size: 14px; line-height: 20px; text-align: justify; background-color: rgb(242, 244, 245);\" \/><br \/>\n<span style=\"font-family: sans-serif; line-height: 20px; text-align: justify; background-color: rgb(242, 244, 245);\">Trafik yo\u011funlu\u011funa \u00e7\u00f6z\u00fcm ama\u00e7l\u0131 hayata ge\u00e7irilen Egemenlik Katl\u0131 Kav\u015fa\u011f\u0131 Projesi\u2019ni, 23 Nisan Ulusal Egemenlik ve \u00c7ocuk Bayram\u0131nda hizmete a\u00e7abilmek i\u00e7in son h\u0131zla \u00e7al\u0131\u015fmalar\u0131na devam eden B\u00fcy\u00fck\u015fehir Belediyesi, kav\u015fakta do\u011fu-bat\u0131 y\u00f6n\u00fcnde batt\u0131-\u00e7\u0131kt\u0131, 2 \u015ferit gidi\u015f, 2 \u015ferit d\u00f6n\u00fc\u015f, yan yollar ise iki tarafta da iki\u015fer \u015ferit olarak projelendirilirken, \u00dcniversite Caddesi ise 2&#215;3 \u015ferit olarak projelendirildi. Bat\u0131 y\u00f6n\u00fcnde \u00fcstte kav\u015fa\u011fa gelmeden \u2018u\u2019 d\u00f6n\u00fc\u015f\u00fcn\u00fcn verildi\u011fi projede, sinyalize kav\u015fak yo\u011funlu\u011funun gereksiz artmas\u0131 durumuna kar\u015f\u0131 \u00f6nlem al\u0131nd\u0131.\u00a0<\/span><br style=\"box-sizing: border-box; font-family: sans-serif; font-size: 14px; line-height: 20px; text-align: justify; background-color: rgb(242, 244, 245);\" \/><br \/>\n<span style=\"font-family: sans-serif; line-height: 20px; text-align: justify; background-color: rgb(242, 244, 245);\">Kav\u015fak projesi Mersin\u2019in ekonomisine katk\u0131 sunacak\u00a0<\/span><br style=\"box-sizing: border-box; font-family: sans-serif; font-size: 14px; line-height: 20px; text-align: justify; background-color: rgb(242, 244, 245);\" \/><br \/>\n<span style=\"font-family: sans-serif; line-height: 20px; text-align: justify; background-color: rgb(242, 244, 245);\">H\u00fcseyin Okan Merzeci-\u00dcniversite Kav\u015fa\u011f\u0131 ile vatanda\u015flar\u0131n trafikte bekleme s\u00fcresi azal\u0131rken, yak\u0131ttan tasarruf sa\u011flanacak ve emisyon kazanc\u0131 ile hem Mersin ekonomisine hem \u00fclke ekonomisine katk\u0131 sa\u011flanacak. Trafikteki bekleme s\u00fcresinin azalt\u0131lmas\u0131 ile de egzoz emisyonu azalt\u0131larak motorlu ta\u015f\u0131tlardan kaynaklanan hava kirlili\u011fi azalt\u0131lm\u0131\u015f olacak. Bu proje toplamda 21 milyon 616 bin 812 TL\u2019lik kazan\u00e7 ile milli ekonomiye sa\u011flad\u0131\u011f\u0131 kazanc\u0131n yan\u0131nda, zaman ve \u00e7evre a\u00e7\u0131s\u0131ndan da \u00e7ok b\u00fcy\u00fck kazan\u0131mlar sa\u011flayacak.\u00a0<\/span><br style=\"box-sizing: border-box; font-family: sans-serif; font-size: 14px; line-height: 20px; text-align: justify; background-color: rgb(242, 244, 245);\" \/><br \/>\n<span style=\"font-family: sans-serif; line-height: 20px; text-align: justify; background-color: rgb(242, 244, 245);\">&#8220;Mersin bat-\u00e7\u0131k \u00e7al\u0131\u015fmalar\u0131yla \u00f6rnek kent oldu&#8221;\u00a0<\/span><br style=\"box-sizing: border-box; font-family: sans-serif; font-size: 14px; line-height: 20px; text-align: justify; background-color: rgb(242, 244, 245);\" \/><br \/>\n<span style=\"font-family: sans-serif; line-height: 20px; text-align: justify; background-color: rgb(242, 244, 245);\">Mersin\u2019de bat-\u00e7\u0131k projesi gibi bir projenin ilk defa yap\u0131lmas\u0131n\u0131 ge\u00e7 kal\u0131nm\u0131\u015f bir hizmet olarak g\u00f6rd\u00fcklerini belirten B\u00fcy\u00fck\u015fehir Belediye Ba\u015fkan\u0131 Burhanettin Kocamaz, yap\u0131lacak yeni planlar ve uygulamalar ile kentte trafik sorununun \u00f6n\u00fcne ge\u00e7ilece\u011fini ifade etti. Kocamaz, \u201cMersin\u2019in en b\u00fcy\u00fck sorunlar\u0131ndan biri ne yaz\u0131k ki trafik sorunu. Bizler g\u00f6reve geldi\u011fimizde Mersin\u2019de yeterli ve bilin\u00e7li bir ula\u015f\u0131m \u00e7al\u0131\u015fmas\u0131 yap\u0131lmam\u0131\u015ft\u0131. Bizler de \u2018Mersin\u2019e ula\u015f\u0131mda \u00e7a\u011f atlataca\u011f\u0131z\u2019 dedik ve ilk olarak kentin ula\u015f\u0131m rotas\u0131 niteli\u011findeki ula\u015f\u0131m Master plan\u0131n\u0131 uygulamaya koyduk. Vakit kaybetmeden, Mersin\u2019de ge\u00e7 kal\u0131nm\u0131\u015f olan projelerden biri olan bat-\u00e7\u0131k projelerimize ba\u015flad\u0131k. G\u00f6reve geldi\u011fimiz g\u00fcnden bu yana Mersin trafi\u011finin kritik noktalar\u0131nda \u00fc\u00e7 bat-\u00e7\u0131k projesi hayata ge\u00e7irdik ve daha ula\u015f\u0131m alan\u0131nda bir\u00e7ok ba\u015far\u0131l\u0131 projeye imza ataca\u011f\u0131z. Mersin\u2019in trafik sorununu \u00e7\u00f6zmeye kararl\u0131y\u0131z\u201d dedi.\u00a0<\/span><\/span><\/p>\n","protected":false},"excerpt":{"rendered":"<p>Mersin B\u00fcy\u00fck\u015fehir Belediyesi taraf\u0131ndan yap\u0131m\u0131 s\u00fcren Egemenlik Katl\u0131 Kav\u015fa\u011f\u0131n\u0131n, 23 Nisan Ulusal Egemenlik ve \u00c7ocuk Bayram\u0131nda hizmete girece\u011fi bildirildi. Mersin B\u00fcy\u00fck\u015fehir Belediy\u015fesi&#8217;nden yap\u0131lan a\u00e7\u0131klamaya g\u00f6re, Mersin trafi\u011finde \u00f6nem arz eden &hellip; <a href=\"https:\/\/akdenizolaygazetesi.com\/?p=1801\" class=\"more-link\">Devam\u0131n\u0131 Oku&#8230;<\/a><\/p>\n","protected":false},"author":1,"featured_media":0,"comment_status":"open","ping_status":"open","sticky":false,"template":"","format":"standard","meta":[],"categories":[],"tags":[],"_links":{"self":[{"href":"https:\/\/akdenizolaygazetesi.com\/index.php?rest_route=\/wp\/v2\/posts\/1801"}],"collection":[{"href":"https:\/\/akdenizolaygazetesi.com\/index.php?rest_route=\/wp\/v2\/posts"}],"about":[{"href":"https:\/\/akdenizolaygazetesi.com\/index.php?rest_route=\/wp\/v2\/types\/post"}],"author":[{"embeddable":true,"href":"https:\/\/akdenizolaygazetesi.com\/index.php?rest_route=\/wp\/v2\/users\/1"}],"replies":[{"embeddable":true,"href":"https:\/\/akdenizolaygazetesi.com\/index.php?rest_route=%2Fwp%2Fv2%2Fcomments&post=1801"}],"version-history":[{"count":0,"href":"https:\/\/akdenizolaygazetesi.com\/index.php?rest_route=\/wp\/v2\/posts\/1801\/revisions"}],"wp:attachment":[{"href":"https:\/\/akdenizolaygazetesi.com\/index.php?rest_route=%2Fwp%2Fv2%2Fmedia&parent=1801"}],"wp:term":[{"taxonomy":"category","embeddable":true,"href":"https:\/\/akdenizolaygazetesi.com\/index.php?rest_route=%2Fwp%2Fv2%2Fcategories&post=1801"},{"taxonomy":"post_tag","embeddable":true,"href":"https:\/\/akdenizolaygazetesi.com\/index.php?rest_route=%2Fwp%2Fv2%2Ftags&post=1801"}],"curies":[{"name":"wp","href":"https:\/\/api.w.org\/{rel}","templated":true}]}}