{"id":1802,"date":"2020-11-04T18:22:20","date_gmt":"2020-11-04T15:22:20","guid":{"rendered":"http:\/\/mersinekonomipolitikagazetesi.com\/?p=1802"},"modified":"2020-11-04T18:22:20","modified_gmt":"2020-11-04T15:22:20","slug":"baskan-tunaya-altincag-odulu","status":"publish","type":"post","link":"https:\/\/akdenizolaygazetesi.com\/?p=1802","title":{"rendered":"Ba\u015fkan Tuna&#8217;ya &#8216;alt\u0131n\u00e7a\u011f&#8217; \u00f6d\u00fcl\u00fc"},"content":{"rendered":"<p>Toroslar Belediye Ba\u015fkan\u0131 Hamit Tuna, &#8216;alt\u0131n\u00e7a\u011f&#8217; \u00f6d\u00fcl\u00fcne lay\u0131k g\u00f6r\u00fcld\u00fc.<\/p>\n<p><span style=\"font-size:16px;\"><span style=\"font-family: sans-serif; line-height: 20px; text-align: justify; background-color: rgb(242, 244, 245);\">Toroslar Belediyesi&#8217;nden yap\u0131lan a\u00e7\u0131klamaya g\u00f6re, yapt\u0131\u011f\u0131 hizmetlerle 14 y\u0131lda 11 kez &#8216;y\u0131l\u0131n belediye ba\u015fkan\u0131&#8217; ve 7 kez de &#8216;y\u0131l\u0131n spor adam\u0131&#8217; se\u00e7ilen Ba\u015fkan Tuna, geli\u015fim ve de\u011fi\u015fim \u00e7a\u011f\u0131n\u0131 ya\u015fayan Toroslar\u2019a kazand\u0131rd\u0131\u011f\u0131 yat\u0131r\u0131m ve hizmetlerinden dolay\u0131 \u2018alt\u0131n\u00e7a\u011f\u2019 \u00f6d\u00fcl\u00fcne lay\u0131k g\u00f6r\u00fcld\u00fc. Tuna b\u00f6ylelikle, 14 y\u0131lda 19\u2019uncu \u00f6d\u00fcl\u00fcn\u00fc ald\u0131.\u00a0<\/span><br style=\"box-sizing: border-box; font-family: sans-serif; font-size: 14px; line-height: 20px; text-align: justify; background-color: rgb(242, 244, 245);\" \/><br \/>\n<span style=\"font-family: sans-serif; line-height: 20px; text-align: justify; background-color: rgb(242, 244, 245);\">Gamze G\u00f6rgen organizasyonuyla d\u00fczenlenen i\u015f, siyaset, sanat ve spor alan\u0131nda \u00f6nemli isimlerin kat\u0131ld\u0131\u011f\u0131 &#8216;alt\u0131n\u00e7a\u011f \u00f6d\u00fcl gecesi&#8217;nde \u00f6d\u00fcl\u00fcn\u00fc, G\u00f6rgen\u2019den alan Ba\u015fkan Tuna, \u201cToroslar\u0131m\u0131za kazand\u0131rd\u0131\u011f\u0131m\u0131z hizmetlerimizin \u00f6d\u00fclle ta\u00e7land\u0131r\u0131lmas\u0131 bizim i\u00e7in mutluluk vericidir. Biz, 300 bin n\u00fcfuslu bir aileyiz. Bu \u00f6d\u00fcller de Toroslar\u0131m\u0131z\u0131nd\u0131r\u201d dedi.\u00a0<\/span><br style=\"box-sizing: border-box; font-family: sans-serif; font-size: 14px; line-height: 20px; text-align: justify; background-color: rgb(242, 244, 245);\" \/><br \/>\n<span style=\"font-family: sans-serif; line-height: 20px; text-align: justify; background-color: rgb(242, 244, 245);\">Sosyal belediyecilik ve sosyal sorumluluk bilinciyle \u00e7al\u0131\u015fmaktan b\u00fcy\u00fck onur duyduklar\u0131n\u0131 belirten Tuna, \u201cG\u00f6reve geldi\u011fimiz 14 y\u0131l \u00f6nce bir \u00e7al\u0131\u015fma yol haritas\u0131 \u00e7izdik. Toroslar\u0131m\u0131z sa\u011fl\u0131\u011f\u0131n, e\u011fitimin ve gen\u00e7li\u011fin merkezi olacak dedik. Devletin b\u00fct\u00fcn sa\u011fl\u0131k yat\u0131r\u0131mlar\u0131n\u0131 arsa vermek \u00fczere b\u00f6lgemize getirdik. T\u00fcm olumsuz i\u015flerin e\u011fitimle d\u00fczelece\u011fi d\u00fc\u015f\u00fcncesiyle il\u00e7emizdeki e\u011fitim \u00e7\u0131tas\u0131n\u0131 y\u00fckseltmek amac\u0131yla Milli E\u011fitim M\u00fcd\u00fcrl\u00fc\u011f\u00fcne 25 okul yeri verdik. Bir milletin gelece\u011fe umutla bakabilmesinin tek yolu gen\u00e7lerini do\u011fru ve sa\u011fl\u0131kl\u0131 yeti\u015ftirmesiyle m\u00fcmk\u00fcnd\u00fcr. Bu ama\u00e7la bug\u00fcne kadar 10 spor kompleksi in\u015fa ettik ve 4 spor kompleksimizin de yap\u0131m \u00e7al\u0131\u015fmalar\u0131 devam etmektedir&#8221; diye konu\u015ftu.\u00a0<\/span><br style=\"box-sizing: border-box; font-family: sans-serif; font-size: 14px; line-height: 20px; text-align: justify; background-color: rgb(242, 244, 245);\" \/><br \/>\n<span style=\"font-family: sans-serif; line-height: 20px; text-align: justify; background-color: rgb(242, 244, 245);\">Toroslar\u0131m\u0131z\u0131n gelece\u011fini planlamak ve en iyi hizmeti sunmak i\u00e7in \u00e7al\u0131\u015f\u0131yoruz&#8221;\u00a0<\/span><br style=\"box-sizing: border-box; font-family: sans-serif; font-size: 14px; line-height: 20px; text-align: justify; background-color: rgb(242, 244, 245);\" \/><br \/>\n<span style=\"font-family: sans-serif; line-height: 20px; text-align: justify; background-color: rgb(242, 244, 245);\">Toroslar\u0131n daha \u00f6nce k\u00f6y g\u00f6r\u00fcnt\u00fcs\u00fc i\u00e7erisindeki bir yer iken bug\u00fcn yat\u0131r\u0131mlarla ve hizmetlerle kendi kendine yetebilen ve en h\u0131zl\u0131 geli\u015fen, do\u011fru yap\u0131la\u015fman\u0131n oldu\u011fu bir il\u00e7e konumuna geldi\u011fini kaydeden Tuna, &#8220;Denizimiz yok ama yaylalar\u0131m\u0131z\u0131n \u00f6ne \u00e7\u0131kart\u0131lmas\u0131 amac\u0131yla eko ve do\u011fa turizmini hayata ge\u00e7irdik. T\u00fcm projelerimiz, Toroslar\u0131m\u0131z\u0131n g\u00fc\u00e7l\u00fc gelece\u011fini planlamak ve halk\u0131m\u0131za en iyi hizmeti sunmak i\u00e7indir. Gelecek d\u00f6nemde Toroslar\u0131m\u0131z bug\u00fcn oldu\u011fu konumdan \u00e7ok daha u\u00e7lara gelecektir in\u015fallah. Biz her zaman \u015funu s\u00f6yl\u00fcyoruz. Geldi\u011fimiz yeri \u00e7iziyoruz ve i\u015faretliyoruz. Daha y\u00fcksek ufuk ve vizyonlara bakmak suretiyle geli\u015fmeyi daha da \u00f6ne \u00e7\u0131kartaca\u011f\u0131z. Ama bizi biz yapan de\u011ferlerimizden de asla taviz vermeyece\u011fiz. Biz Toroslar olarak 300 bin ki\u015filik bir aileyiz diyoruz. Birbirimizle olan dayan\u0131\u015fma ruhu bir aidiyet duygusu i\u00e7erisinde t\u00fcm Toroslar\u0131m\u0131z\u0131n insan\u0131na yans\u0131d\u0131. Allah bu birli\u011fimizi bozmas\u0131n. Yunus Emre\u2019nin dedi\u011fi gibi birle\u015firsek tok oluruz, ayr\u0131\u015f\u0131rsak yok oluruz. Toroslar\u0131m\u0131z, dimdik ve birlik i\u00e7erisinde Mersinimiz ile birlikte bir b\u00fct\u00fcn&#8221; ifadelerini kulland\u0131.\u00a0<\/span><\/span><\/p>\n","protected":false},"excerpt":{"rendered":"<p>Toroslar Belediye Ba\u015fkan\u0131 Hamit Tuna, &#8216;alt\u0131n\u00e7a\u011f&#8217; \u00f6d\u00fcl\u00fcne lay\u0131k g\u00f6r\u00fcld\u00fc. Toroslar Belediyesi&#8217;nden yap\u0131lan a\u00e7\u0131klamaya g\u00f6re, yapt\u0131\u011f\u0131 hizmetlerle 14 y\u0131lda 11 kez &#8216;y\u0131l\u0131n belediye ba\u015fkan\u0131&#8217; ve 7 kez de &#8216;y\u0131l\u0131n spor adam\u0131&#8217; &hellip; <a href=\"https:\/\/akdenizolaygazetesi.com\/?p=1802\" class=\"more-link\">Devam\u0131n\u0131 Oku&#8230;<\/a><\/p>\n","protected":false},"author":1,"featured_media":0,"comment_status":"open","ping_status":"open","sticky":false,"template":"","format":"standard","meta":[],"categories":[],"tags":[],"_links":{"self":[{"href":"https:\/\/akdenizolaygazetesi.com\/index.php?rest_route=\/wp\/v2\/posts\/1802"}],"collection":[{"href":"https:\/\/akdenizolaygazetesi.com\/index.php?rest_route=\/wp\/v2\/posts"}],"about":[{"href":"https:\/\/akdenizolaygazetesi.com\/index.php?rest_route=\/wp\/v2\/types\/post"}],"author":[{"embeddable":true,"href":"https:\/\/akdenizolaygazetesi.com\/index.php?rest_route=\/wp\/v2\/users\/1"}],"replies":[{"embeddable":true,"href":"https:\/\/akdenizolaygazetesi.com\/index.php?rest_route=%2Fwp%2Fv2%2Fcomments&post=1802"}],"version-history":[{"count":0,"href":"https:\/\/akdenizolaygazetesi.com\/index.php?rest_route=\/wp\/v2\/posts\/1802\/revisions"}],"wp:attachment":[{"href":"https:\/\/akdenizolaygazetesi.com\/index.php?rest_route=%2Fwp%2Fv2%2Fmedia&parent=1802"}],"wp:term":[{"taxonomy":"category","embeddable":true,"href":"https:\/\/akdenizolaygazetesi.com\/index.php?rest_route=%2Fwp%2Fv2%2Fcategories&post=1802"},{"taxonomy":"post_tag","embeddable":true,"href":"https:\/\/akdenizolaygazetesi.com\/index.php?rest_route=%2Fwp%2Fv2%2Ftags&post=1802"}],"curies":[{"name":"wp","href":"https:\/\/api.w.org\/{rel}","templated":true}]}}