{"id":1804,"date":"2020-11-04T18:22:20","date_gmt":"2020-11-04T15:22:20","guid":{"rendered":"http:\/\/mersinekonomipolitikagazetesi.com\/?p=1804"},"modified":"2020-11-04T18:22:20","modified_gmt":"2020-11-04T15:22:20","slug":"mersinde-vatandas-erken-secimi-dogru-bulmuyor","status":"publish","type":"post","link":"https:\/\/akdenizolaygazetesi.com\/?p=1804","title":{"rendered":"MERS\u0130N\u2019DE VATANDA\u015e ERKEN SE\u00c7\u0130M\u0130 DO\u011eRU BULMUYOR"},"content":{"rendered":"<p>2019 se\u00e7imlerinin erkene al\u0131nmas\u0131 sonucunda Mersin\u2019de vatanda\u015f erken se\u00e7im hakk\u0131nda d\u00fc\u015f\u00fcncelerini aktard\u0131.<\/p>\n<blockquote type=\"cite\">\n<div dir=\"ltr\">\n<p><span style=\"font-size:16px;\">Cumhurba\u015fkan\u0131 Recep Tayyip Erdo\u011fan\u2019\u0131n bir hafta \u00f6ncesinde erken se\u00e7imin yap\u0131lmayaca\u011f\u0131n\u0131 dile getirerek erken se\u00e7imin ekonomiye zarar verece\u011fini ifade etmesi ve hemen sonras\u0131nda \u00a0se\u00e7imin ani bir \u015fekilde erkene al\u0131nmas\u0131 konusu vatanda\u015f\u0131 d\u00fc\u015f\u00fcnd\u00fcrmeye itti.<\/span><\/p>\n<p><span style=\"font-size:16px;\">Mersinli vatanda\u015flar se\u00e7imlerin erkene al\u0131nmas\u0131 konusunda de\u011ferlendirme yaparak \u00fclke i\u00e7in erken se\u00e7imin \u00e7ok erken oldu\u011funu ve acil se\u00e7im karar\u0131 alanlar\u0131n se\u00e7imi kaybeden taraf olaca\u011f\u0131n\u0131 belirtildi.\u00a0<\/span><\/p>\n<p><span style=\"font-size:16px;\">Bir\u00e7ok vatanda\u015f; y\u00fckselen d\u00f6viz, gelen zamlar, OHAL\u2019in devam etmesi, Suriye\u2019deki Afrin Harekat\u0131 gibi sorunlar\u0131n olmas\u0131 halinde se\u00e7imlerin erkene al\u0131nmas\u0131 T\u00fcrkiye\u2019ye zarar verece\u011fine dikkat \u00e7ekti.<\/span><\/p>\n<p>\u00a0<\/p>\n<p>\u00a0<\/p>\n<p><span style=\"font-size:16px;\">MUSA\u00a0ARSLAN \u201cERKEN SE\u00c7\u0130M MANTIKLI DE\u011e\u0130L\u201d<\/span><\/p>\n<p>\u00a0<\/p>\n<p><span style=\"font-size:16px;\">Erken se\u00e7imle ilgili d\u00fc\u015f\u00fcncelerini dile getiren vatanda\u015f Musa Arslan, erken se\u00e7imin ekonomiye zarar verece\u011fini belirterek: \u201c\u00dclkede o kadar sorun varken erken se\u00e7imin d\u00fc\u015f\u00fcn\u00fclmesi mant\u0131kl\u0131 de\u011fil. Siyasi rekabetler bir \u015fekilde \u00fclkeye zarar verecek. Bu erken se\u00e7imin erkene al\u0131nmas\u0131 \u0130Y\u0130 partinin se\u00e7imde yer almamas\u0131 i\u00e7in olabilir. Yani ne gibi politikalar\u0131 var bilmiyorum ama do\u011fru bir yol de\u011fil.\u00a0 Bu erken se\u00e7imle kim daha karl\u0131 duruma d\u00fc\u015fer konusuna gelirsek AKP diyebiliriz. \u00c7\u00fcnk\u00fc AKP Afrin Harekat\u0131\u2019yla halk\u0131n g\u00f6z\u00fcnde biraz daha olumlu bir izlenim b\u0131rakt\u0131 ve buradan biraz daha fark atabilir. Fakat \u00fclkede yap\u0131lan zamlara bakarsak vatanda\u015f bu konuda \u00e7ok tepkili durumda. Buradan da kan kayb\u0131 ya\u015fayabilir.\u201d ifadelerini kulland\u0131.<\/span><\/p>\n<p>\u00a0<\/p>\n<p><span style=\"font-size:16px;\">SEDAT YILDIRIM,\u00a0\u201cERKEN SE\u00c7\u0130M FARKLI \u015eEYLER BARINDIRIYOR\u201d<\/span><\/p>\n<p>\u00a0<\/p>\n<p><span style=\"font-size:16px;\">Bir di\u011fer vatanda\u015f Sedat Y\u0131ld\u0131r\u0131m ise \u015funlar\u0131 kaydetti: \u201cDaha ortada hi\u00e7bir \u015fey yokken se\u00e7imler erkene al\u0131nd\u0131. \u00d6zellikle \u00d6SYM s\u0131nav\u0131na denk getirilmesi de d\u00fc\u015f\u00fcnd\u00fcr\u00fcc\u00fc bir durum. S\u0131nav\u0131 ertelediler. Demek istedi\u011fim erken se\u00e7im farkl\u0131 \u015feyler bar\u0131nd\u0131r\u0131yor. \u0130Y\u0130 Parti\u2019nin se\u00e7ime girememesine neden olabilir.\u00a0 Di\u011fer yandan \u2018Cumhurba\u015fkan\u0131 \u00f6nceki g\u00fcnlerde erken se\u00e7im s\u00f6z konusu bile olamaz. \u00c7\u00fcnk\u00fc ekonomiye zarar verir\u2019 demi\u015fti, \u015fimdi ise birden bunlar\u0131n olmas\u0131 vatanda\u015f\u0131 d\u00fc\u015f\u00fcnmeye davet ediyor.\u201d<\/span><\/p>\n<p>\u00a0<\/p>\n<p><span style=\"font-size:16px;\">RIDVAN\u00a0 KURU, \u201cP\u0130YASADAK\u0130 KR\u0130Z YETERL\u0130 KAYBETT\u0130RMES\u0130 \u0130\u00c7\u0130N\u201d<\/span><\/p>\n<p>\u00a0<\/p>\n<p><span style=\"font-size:16px;\">Se\u00e7imlerin erkene al\u0131nmas\u0131 karar\u0131 nedeniyle AKP\u2019nin oy kaybedece\u011fini dile getiren vatanda\u015f R\u0131dvan Kuru: \u201c\u0130lk olarak se\u00e7imlerin erkene al\u0131naca\u011f\u0131n\u0131 daha \u00f6nceden tahmin etmi\u015ftim. \u00c7\u00fcnk\u00fc AKP tek ba\u015f\u0131na 15 y\u0131ld\u0131r \u00fclkeye getirdi\u011fi olumsuzluklar\u0131n alt\u0131ndan kalkamazd\u0131. Ondan dolay\u0131 e\u011fer \u0130Y\u0130 Parti se\u00e7imde yer alsayd\u0131, kadrosunu tam bir \u015fekilde oturtacakt\u0131. Ve bu \u00fclkede oy da\u011f\u0131l\u0131mlar\u0131n\u0131 baya\u011f\u0131 etkileyecekti. MHP\u2019nin oylar\u0131n\u0131n yar\u0131s\u0131 giderdi. AKP\u2019de buradan oy kaybedecekti. \u015eimdi erken se\u00e7ime girmesi \u0130Y\u0130 Partiyi zor durumda b\u0131rak\u0131yor. Bu erken se\u00e7im ise AKP ve MHP aras\u0131nda al\u0131nan bir karar. Onlar\u0131n d\u00fc\u015f\u00fcncesi erken se\u00e7im sa\u011fl\u0131kl\u0131 olaca\u011f\u0131n\u0131 d\u00fc\u015f\u00fcnmektedirler. Oysa vatanda\u015f e\u011fer mant\u0131kl\u0131 d\u00fc\u015f\u00fcn\u00fcrse, 15 y\u0131ld\u0131r \u00fclke ne durumda oldu\u011funu d\u00fc\u015f\u00fcnerek oy kaybedecekleri kesindir. Bu erken se\u00e7im AKP\u2019ye kaybettirecek. \u00c7\u00fcnk\u00fc piyasadaki kriz yeterli kaybettirmesi i\u00e7in.\u201d<\/span><\/p>\n<p>\u00a0<\/p>\n<p><span style=\"font-size:16px;\">AYDIN ERDEM, \u201cSA\u011eLIKLI B\u0130R KARAR VERD\u0130KLER\u0130 D\u00dc\u015e\u00dcNCES\u0130NDEY\u0130M\u201d<\/span><\/p>\n<p>\u00a0<\/p>\n<p><span style=\"font-size:16px;\">Erken se\u00e7imle ilgili d\u00fc\u015f\u00fcncelerini aktaran vatanda\u015f Ayd\u0131n Erdem ise \u015fu \u015fekilde konu\u015ftu: \u201c Se\u00e7imlerin erkene al\u0131nmas\u0131nda sa\u011fl\u0131kl\u0131 bir karar verdikleri d\u00fc\u015f\u00fcncesindeyim. \u00dclkenin gelece\u011fini d\u00fc\u015f\u00fcnen Cumhurba\u015fkan\u0131m\u0131z ondan dolay\u0131 se\u00e7imleri erkene alma karar\u0131 alm\u0131\u015f. \u00c7\u00fcnk\u00fc ba\u015fka bir parti ba\u015fa gelirse h\u00fck\u00fcmeti elinde bulundurursa bu d\u00f6nemler i\u00e7in do\u011fru olmaz. Bir \u00f6nceki y\u0131llarda darbe yap\u0131lacakt\u0131. Bu darbe konusunda daha yeterli g\u00fcvenlikler al\u0131n\u0131yor. E\u011fer ba\u015fka bir parti h\u00fck\u00fcmeti devir al\u0131rsa, her \u015feyi ba\u015ftan de\u011fi\u015ftirme karar\u0131 alacak bu da \u00fclke i\u00e7in do\u011fru bir olmayacak. Yan\u0131 \u015f\u00f6yle ifade edeyim se\u00e7imin erken olmas\u0131 h\u00fck\u00fcmetin tekrar ayn\u0131 h\u00fck\u00fcmette kalmas\u0131n\u0131 mant\u0131kl\u0131 buluyorum.\u201d<\/span><\/p>\n<\/div>\n<\/blockquote>\n","protected":false},"excerpt":{"rendered":"<p>2019 se\u00e7imlerinin erkene al\u0131nmas\u0131 sonucunda Mersin\u2019de vatanda\u015f erken se\u00e7im hakk\u0131nda d\u00fc\u015f\u00fcncelerini aktard\u0131. Cumhurba\u015fkan\u0131 Recep Tayyip Erdo\u011fan\u2019\u0131n bir hafta \u00f6ncesinde erken se\u00e7imin yap\u0131lmayaca\u011f\u0131n\u0131 dile getirerek erken se\u00e7imin ekonomiye zarar verece\u011fini ifade &hellip; <a href=\"https:\/\/akdenizolaygazetesi.com\/?p=1804\" class=\"more-link\">Devam\u0131n\u0131 Oku&#8230;<\/a><\/p>\n","protected":false},"author":1,"featured_media":0,"comment_status":"open","ping_status":"open","sticky":false,"template":"","format":"standard","meta":[],"categories":[],"tags":[],"_links":{"self":[{"href":"https:\/\/akdenizolaygazetesi.com\/index.php?rest_route=\/wp\/v2\/posts\/1804"}],"collection":[{"href":"https:\/\/akdenizolaygazetesi.com\/index.php?rest_route=\/wp\/v2\/posts"}],"about":[{"href":"https:\/\/akdenizolaygazetesi.com\/index.php?rest_route=\/wp\/v2\/types\/post"}],"author":[{"embeddable":true,"href":"https:\/\/akdenizolaygazetesi.com\/index.php?rest_route=\/wp\/v2\/users\/1"}],"replies":[{"embeddable":true,"href":"https:\/\/akdenizolaygazetesi.com\/index.php?rest_route=%2Fwp%2Fv2%2Fcomments&post=1804"}],"version-history":[{"count":0,"href":"https:\/\/akdenizolaygazetesi.com\/index.php?rest_route=\/wp\/v2\/posts\/1804\/revisions"}],"wp:attachment":[{"href":"https:\/\/akdenizolaygazetesi.com\/index.php?rest_route=%2Fwp%2Fv2%2Fmedia&parent=1804"}],"wp:term":[{"taxonomy":"category","embeddable":true,"href":"https:\/\/akdenizolaygazetesi.com\/index.php?rest_route=%2Fwp%2Fv2%2Fcategories&post=1804"},{"taxonomy":"post_tag","embeddable":true,"href":"https:\/\/akdenizolaygazetesi.com\/index.php?rest_route=%2Fwp%2Fv2%2Ftags&post=1804"}],"curies":[{"name":"wp","href":"https:\/\/api.w.org\/{rel}","templated":true}]}}