{"id":1805,"date":"2020-11-04T18:22:21","date_gmt":"2020-11-04T15:22:21","guid":{"rendered":"http:\/\/mersinekonomipolitikagazetesi.com\/?p=1805"},"modified":"2020-11-04T18:22:21","modified_gmt":"2020-11-04T15:22:21","slug":"mersin-tabip-odasinda-yeni-donem","status":"publish","type":"post","link":"https:\/\/akdenizolaygazetesi.com\/?p=1805","title":{"rendered":"MERS\u0130N TAB\u0130P ODASI\u2019NDA YEN\u0130 D\u00d6NEM"},"content":{"rendered":"<p>14-15 Nisan 2018 tarihinde yap\u0131lan Mersin Tabip Odas\u0131 Genel Kurul\u2019da kazanan taraf \u00c7a\u011fda\u015f Hekimler grubu oldu.<\/p>\n<blockquote type=\"cite\">\n<div dir=\"ltr\">\n<p><span style=\"font-size:16px;\">\u00c7ok uzun s\u00fcredir tek liste ile gidilen ve hekimlerin fazlaca kat\u0131l\u0131m ihtiyac\u0131 hissetmedi\u011fi se\u00e7imlerde bu d\u00f6nem iki liste yar\u0131\u015ft\u0131 ve tarihi bir rekor k\u0131r\u0131larak 865 hekim meslekta\u015flar\u0131n kat\u0131l\u0131m\u0131yla sonu\u00e7land\u0131.<\/span><\/p>\n<p><span style=\"font-size:16px;\">Sonu\u00e7lanan se\u00e7imde \u00c7a\u011fda\u015f Hekimler oylar\u0131n y\u00fczde 75&#8217;ini alarak 646&#8217;ya 216 gibi bir sonu\u00e7la \u00f6nemli bir ba\u015far\u0131ya daha imza att\u0131.<\/span><\/p>\n<p>\u00a0<\/p>\n<p><span style=\"font-size:16px;\">Mersin Tabip Odas\u0131 yapt\u0131\u011f\u0131 a\u00e7\u0131klamaya g\u00f6re bu ba\u015far\u0131 sadece Mersin&#8217;de ya\u015fanmad\u0131\u011f\u0131n\u0131, bug\u00fcne dek yap\u0131lan \u0130stanbul, Ankara ve \u0130zmir gibi b\u00fcy\u00fck kentlerde ve genel kurulu yap\u0131lan odalar\u0131n \u00e7o\u011funlu\u011funda \u00c7a\u011fda\u015f Hekimler y\u00f6netimlere geldi\u011fi belirtildi.<\/span><\/p>\n<p><span style=\"font-size:16px;\">A\u00e7\u0131klamada \u201cBu sonu\u00e7lar asl\u0131nda kimin marjinal oldu\u011funu da \u00e7ok a\u00e7\u0131k bir \u015fekilde ortaya koymu\u015ftur. Ve yine bu sonu\u00e7lar hekimlerin TTB fikriyat\u0131na, TTB m\u00fccadelesine ve TTB&#8217;nin kendisine sahip \u00e7\u0131kt\u0131klar\u0131n\u0131 da \u00e7ok a\u00e7\u0131k bir \u015fekilde ortaya koymu\u015ftur.\u201d \u015feklinde kaydedildi.<\/span><\/p>\n<p>\u00a0<\/p>\n<p><span style=\"font-size:16px;\">\u201c\u0130HRA\u00c7LARIN YANINDA OLMAYA DEVAM EDECE\u011e\u0130Z\u201d<\/span><\/p>\n<p>\u00a0<\/p>\n<p><span style=\"font-size:16px;\">7 ki\u015filik y\u00f6netim kurulu ve asilleriyle, yedekleriyle 44 ki\u015filik yeni se\u00e7ilen hekimler olarak hakk\u0131nda karalamalar\u0131, \u00f6tekile\u015ftirmeleri geride b\u0131rakt\u0131klar\u0131 gerek se\u00e7imi kaybeden di\u011fer gruba, gerek Mersin Tabip Odas\u0131&#8217;n\u0131n t\u00fcm \u00fcyelerine ve gerekse de Mersin kamuoyuna \u0131srarla vurgulamak istenilen a\u00e7\u0131klama da \u015fu c\u00fcmlelere yer verildi: \u201cBizler se\u00e7im s\u00fcrecinde verdi\u011fimiz s\u00f6zleri asla unutmayaca\u011f\u0131z; ge\u00e7mi\u015f y\u00f6netimden devrald\u0131\u011f\u0131m\u0131z anlay\u0131\u015f ve g\u00fc\u00e7le gerek hekimlerin ekonomik, \u00f6zl\u00fck ve sosyal haklar\u0131 konusunda ve gerekse de \u00fclkemizdeki laiklik, bar\u0131\u015f ve demokrasi konular\u0131nda g\u00fcc\u00fcm\u00fcz yetti\u011fince m\u00fccadele edece\u011fiz. Toplumsal cinsiyet e\u015fitli\u011fi ilkemizden taviz vermeyece\u011fiz. Akkuyu N\u00fckleer Santrali ile \u00f6ne \u00e7\u0131kan, halk sa\u011fl\u0131\u011f\u0131n\u0131 etkileyen \u00e7evre sorunlar\u0131 i\u00e7in m\u00fccadele edece\u011fiz. OHAL ve KHK&#8217;lara kar\u015f\u0131, ihra\u00e7lar\u0131n yan\u0131nda olmaya devam edece\u011fiz.\u201d<\/span><\/p>\n<p>\u00a0<\/p>\n<p><span style=\"font-size:16px;\">\u201cHER PLATFORMDA SAVUNMAYA DEVAM EDECE\u011e\u0130Z\u201d<\/span><\/p>\n<p>\u00a0<\/p>\n<p><span style=\"font-size:16px;\">\u00d6ncelik olarak taleplerinin y\u0131pranma pay\u0131 ve sa\u011fl\u0131k alan\u0131nda \u015fiddetin \u00f6nlenmesine y\u00f6nelik yasal d\u00fczenlemenin yap\u0131lmas\u0131, emekli ve \u00e7al\u0131\u015fan hekim \u00fccretlerinin artt\u0131r\u0131lmas\u0131, aylard\u0131r atamas\u0131 yap\u0131lmayan yeni mezun meslekta\u015flar\u0131n atamalar\u0131n\u0131n yap\u0131lmas\u0131 y\u00f6n\u00fcnde \u00e7al\u0131\u015fmalar olaca\u011f\u0131 belirtilerek \u201cOdam\u0131z\u0131n MESAP b\u00fcnyesinde s\u00fcren sosyal tesis projesini tamamlama gururunu hep birlikte bu d\u00f6nem ya\u015fayaca\u011f\u0131z. Halk\u0131n sa\u011fl\u0131k hakk\u0131na, hekimlerin \u00f6zl\u00fck ve ekonomik haklar\u0131na sald\u0131r\u0131 olarak nitelendirdi\u011fimiz Sa\u011fl\u0131kta D\u00f6n\u00fc\u015f\u00fcm Program\u0131na kar\u015f\u0131 var g\u00fcc\u00fcm\u00fczle m\u00fccadele edece\u011fiz. Son y\u0131llarda artan hekim ve hasta mutsuzlu\u011funa kar\u015f\u0131 \u00e7\u00f6z\u00fcm \u00f6nerilerimizi her platformda savunmaya devam edece\u011fiz. Se\u00e7im s\u00fcresince ziyaret etti\u011fimiz ve ellerini s\u0131kt\u0131\u011f\u0131m\u0131z 1.700&#8217;e yak\u0131n \u00fcyemizin say\u0131s\u0131n\u0131 bu d\u00f6nem 2.000&#8217;e \u00e7\u0131karmaya \u00e7al\u0131\u015faca\u011f\u0131z ve t\u00fcm \u00fcyelerimizle yeni sosyal alan\u0131m\u0131zda sosyal, k\u00fclt\u00fcrel, e\u011fitsel \u00e7al\u0131\u015fmalar\u0131 hep birlikte yapaca\u011f\u0131z.\u201d \u015feklinde belirtildi.<\/span><\/p>\n<p><span style=\"font-size:16px;\">\u00a0\u00a0\u00a0\u00a0\u00a0\u00a0\u00a0\u00a0\u00a0\u00a0\u00a0\u00a0\u00a0\u00a0\u00a0<\/span><\/p>\n<p><span style=\"font-size:16px;\"><span style=\"font-family: sans-serif, Arial, Verdana, 'Trebuchet MS'; line-height: 1.6em;\">\u201cODAMIZA SAH\u0130P \u00c7IKMAK DA HEP\u0130M\u0130Z\u0130N G\u00d6REV\u0130D\u0130R\u201d<\/span><\/span><\/p>\n<p>\u00a0<\/p>\n<p><span style=\"font-size:16px;\">A\u00e7\u0131klaman\u0131n son b\u00f6l\u00fcm\u00fcnde ise \u015fu c\u00fcmlelere yer verildi: \u201c\u015eunu \u0131srarla vurgulamak isteriz ki; y\u00f6netim anlay\u0131\u015f\u0131m\u0131z asla tek tip\u00e7i olmayacakt\u0131r ve bu anlamda gerek se\u00e7imi kaybeden gerekse de se\u00e7imlere kat\u0131lamayan \u00fcyelerimizin oda faaliyetlerine kat\u0131l\u0131m\u0131, oda komisyonlar\u0131na \u00fcyelikleri bizim a\u00e7\u0131m\u0131zdan \u00e7ok \u00f6nemlidir. Mersin Tabip Odas\u0131, Mersin&#8217;de ya\u015fayan t\u00fcm hekimlerindir. Odam\u0131za sahip \u00e7\u0131kmak da hepimizin g\u00f6revidir.\u201d\u00a0<\/span><\/p>\n<\/div>\n<\/blockquote>\n","protected":false},"excerpt":{"rendered":"<p>14-15 Nisan 2018 tarihinde yap\u0131lan Mersin Tabip Odas\u0131 Genel Kurul\u2019da kazanan taraf \u00c7a\u011fda\u015f Hekimler grubu oldu. \u00c7ok uzun s\u00fcredir tek liste ile gidilen ve hekimlerin fazlaca kat\u0131l\u0131m ihtiyac\u0131 hissetmedi\u011fi se\u00e7imlerde &hellip; <a href=\"https:\/\/akdenizolaygazetesi.com\/?p=1805\" class=\"more-link\">Devam\u0131n\u0131 Oku&#8230;<\/a><\/p>\n","protected":false},"author":1,"featured_media":0,"comment_status":"open","ping_status":"open","sticky":false,"template":"","format":"standard","meta":[],"categories":[],"tags":[],"_links":{"self":[{"href":"https:\/\/akdenizolaygazetesi.com\/index.php?rest_route=\/wp\/v2\/posts\/1805"}],"collection":[{"href":"https:\/\/akdenizolaygazetesi.com\/index.php?rest_route=\/wp\/v2\/posts"}],"about":[{"href":"https:\/\/akdenizolaygazetesi.com\/index.php?rest_route=\/wp\/v2\/types\/post"}],"author":[{"embeddable":true,"href":"https:\/\/akdenizolaygazetesi.com\/index.php?rest_route=\/wp\/v2\/users\/1"}],"replies":[{"embeddable":true,"href":"https:\/\/akdenizolaygazetesi.com\/index.php?rest_route=%2Fwp%2Fv2%2Fcomments&post=1805"}],"version-history":[{"count":0,"href":"https:\/\/akdenizolaygazetesi.com\/index.php?rest_route=\/wp\/v2\/posts\/1805\/revisions"}],"wp:attachment":[{"href":"https:\/\/akdenizolaygazetesi.com\/index.php?rest_route=%2Fwp%2Fv2%2Fmedia&parent=1805"}],"wp:term":[{"taxonomy":"category","embeddable":true,"href":"https:\/\/akdenizolaygazetesi.com\/index.php?rest_route=%2Fwp%2Fv2%2Fcategories&post=1805"},{"taxonomy":"post_tag","embeddable":true,"href":"https:\/\/akdenizolaygazetesi.com\/index.php?rest_route=%2Fwp%2Fv2%2Ftags&post=1805"}],"curies":[{"name":"wp","href":"https:\/\/api.w.org\/{rel}","templated":true}]}}