{"id":1806,"date":"2020-11-04T18:22:21","date_gmt":"2020-11-04T15:22:21","guid":{"rendered":"http:\/\/mersinekonomipolitikagazetesi.com\/?p=1806"},"modified":"2020-11-04T18:22:21","modified_gmt":"2020-11-04T15:22:21","slug":"2018-gulmakai-agi-sampiyonu-metin-corabatir","status":"publish","type":"post","link":"https:\/\/akdenizolaygazetesi.com\/?p=1806","title":{"rendered":"2018 GULMAKA\u0130 A\u011eI \u015eAMP\u0130YONU \u2018MET\u0130N \u00c7ORABATIR\u2019"},"content":{"rendered":"<p>Malala Fonu, T\u00fcrkiye M\u00fclteci Konseyi Ba\u015fkan\u0131 Metin \u00c7orabat\u0131r\u2019\u0131 Gulmakai A\u011f\u0131 \u015eampiyonu olarak a\u00e7\u0131klad\u0131.<\/p>\n<div id=\":4\">\n<div id=\":2\">\n<div role=\"main\">\n<table cellpadding=\"0\" role=\"presentation\" style=\"width:1675px;\">\n<tbody>\n<tr>\n<td>\n<div role=\"list\">\n<div role=\"listitem\" style=\"clear:both;\" tabindex=\"-1\">\n<div id=\":14m\">\n<div data-legacy-message-id=\"162e2ace0e6c675d\" data-message-id=\"162e2ace0e6c675d\">\n<div style=\"margin-left:44px;\">\n<div id=\":14n\">\n<div id=\":14f\">\n<div dir=\"auto\">\n<blockquote type=\"cite\">\n<div dir=\"ltr\">\n<p><span style=\"font-size:16px;\">Malala Fonu, Metin \u00c7orabat\u0131r\u2019\u0131, 2018 d\u00f6nemi Gulmakai A\u011f\u0131 \u015eampiyonlar\u0131ndan biri olarak ilan etmekten gurur duydu\u011funu aktard\u0131.<\/span><\/p>\n<p><span style=\"font-size:16px;\">Gulmakai A\u011f\u0131\u2019n\u0131n ne oldu\u011fu konusunda bilgi veren Malala Fonu, k\u0131z \u00e7ocuklar\u0131n\u0131n e\u011fitimde b\u00fcy\u00fck engellerle kar\u015f\u0131la\u015ft\u0131\u011f\u0131 \u00fclkelerde \u00e7al\u0131\u015fan, e\u011fitim savunucular\u0131na destek sa\u011flayan bir giri\u015fim oldu\u011fu belirtildi.<\/span><\/p>\n<p>\u00a0<\/p>\n<p><span style=\"font-size:16px;\">Yakla\u015f\u0131k d\u00f6rt milyon m\u00fclteciyi a\u011f\u0131rlayan T\u00fcrkiye\u2019de, gen\u00e7 m\u00fclteci k\u0131zlar\u0131n okula gitme oranlar\u0131 \u00f6nemli \u00f6l\u00e7\u00fcde d\u00fc\u015f\u00fck oldu\u011funa da de\u011finildi.<\/span><\/p>\n<p>\u00a0<\/p>\n<p><span style=\"font-family: sans-serif, Arial, Verdana, 'Trebuchet MS'; font-size: 16px; line-height: 1.6em;\">Malala Fonu CEO&#8217;su Farah Mohamed, Fon\u2019un, yerel e\u011fitimcilerin ve aktivistlerin, k\u0131zlar\u0131n ihtiya\u00e7 duyduklar\u0131 ve hak ettikleri e\u011fitimi almas\u0131nda anahtar g\u00f6revi g\u00f6rd\u00fc\u011f\u00fcne inand\u0131\u011f\u0131n\u0131 belirterek: &#8220;Gulmakai \u015eampiyonlar\u0131m\u0131z, isteklilikleri, cesaretleri ve kararl\u0131l\u0131klar\u0131 ile, her k\u0131z\u0131n okula gidebilece\u011fi ve kendi gelece\u011fini se\u00e7ebilece\u011fi bir d\u00fcnya in\u015fa etmeye \u00e7al\u0131\u015f\u0131yor. Onlar\u0131n liderlik ve savunuculu\u011funa yat\u0131r\u0131m yapmaktan gurur duyuyoruz.&#8221; ifadelerini kulland\u0131.<\/span><\/p>\n<p>\u00a0<\/p>\n<p><span style=\"font-size:16px;\">Malala Fonu, k\u0131z \u00e7ocuklar\u0131n\u0131n e\u011fitimine y\u00f6nelik yoksulluk, sava\u015f ve cinsiyet ayr\u0131mc\u0131l\u0131\u011f\u0131 gibi tehditler, \u00fclkeler ve toplumlar aras\u0131nda farkl\u0131l\u0131k g\u00f6sterdi\u011fini ve bu sorunlar\u0131 yerel e\u011fitim savunucular\u0131n\u0131n kendi toplumlar\u0131ndaki zorluklar\u0131 anlamada ve \u00e7\u00f6z\u00fcmler sunmada en iyi konumda olduklar\u0131n\u0131 \u00f6ne s\u00fcrd\u00fc.<\/span><\/p>\n<p><span style=\"font-size:16px;\">Malala Fonu, yerel e\u011fitim savunucular\u0131n\u0131n kararl\u0131l\u0131klar\u0131na ra\u011fmen, etkilerini artt\u0131rmak ve hedeflerine ula\u015fmak i\u00e7in gereken yeterli kayna\u011fa ve deste\u011fe sahip olmad\u0131klar\u0131 g\u00f6r\u00fc\u015f\u00fcn\u00fc belirterek bu a\u00e7\u0131\u011f\u0131 kapamak i\u00e7in Gulmakai A\u011f\u0131 \u015eampiyonlar\u0131n\u0131 birbirleriyle ili\u015fkilendirerek, onlara ihtiya\u00e7 duyduklar\u0131 ara\u00e7lar\u0131, e\u011fitimi ve ortaklar\u0131 sa\u011flayarak, sosyal\/sistematik de\u011fi\u015fimi sa\u011flamay\u0131 hedefledi\u011fini belirtti.<\/span><\/p>\n<p><span style=\"font-size:16px;\">\u015eampiyonlar\u0131n Pakistan, Afganistan, Nijerya ve Hindistan ile, Suriyeli m\u00fcltecilere ev sahipli\u011fi yapan L\u00fcbnan ve T\u00fcrkiye\u2019de \u00e7al\u0131\u015ft\u0131\u011f\u0131 aktar\u0131ld\u0131.<\/span><\/p>\n<\/p><\/div>\n<\/blockquote>\n<p>\t\t\t\u00a0<\/p>\n<div>\n<blockquote type=\"cite\">\n<div dir=\"ltr\">\n<p><span style=\"font-size:16px;\">Metin \u00c7orabat\u0131r kimdir:<\/span><\/p>\n<div>\n<div aria-label=\"Geni\u015fletilen i\u00e7eri\u011fi gizleyin\" data-tooltip=\"Geni\u015fletilen i\u00e7eri\u011fi gizleyin\" role=\"button\" style=\"clear:both;\" tabindex=\"0\">\u00a0<\/div>\n<div aria-label=\"Geni\u015fletilen i\u00e7eri\u011fi gizleyin\" data-tooltip=\"Geni\u015fletilen i\u00e7eri\u011fi gizleyin\" id=\":18r\" role=\"button\" style=\"clear:both;\" tabindex=\"0\"><span style=\"font-size:16px;\"><span style=\"font-family: sans-serif, Arial, Verdana, 'Trebuchet MS'; line-height: 1.6em;\">\u201c\u0130ltica ve G\u00f6\u00e7 Ara\u015ft\u0131rmalar\u0131 Merkezi&#8217;nin (Research Centre on Asylum and Migration-IGAM) kurucusu ve ba\u015fkan\u0131d\u0131r. \u00c7orabat\u0131r, Birle\u015fmi\u015f Milletler\u2019in koordinasyonunda y\u00fcr\u00fct\u00fclen ve k\u0131saca 3RP denilen \u2018Suriye B\u00f6lgesel M\u00fclteci ve Dayan\u0131kl\u0131l\u0131k Plan\u0131\u2019nda \u00f6ng\u00f6r\u00fclen m\u00fclteci k\u0131z \u00e7ocuklar\u0131n\u0131n ve gen\u00e7lerinin e\u011fitimi\u2019 hedefi do\u011frultusunda bir \u00e7al\u0131\u015fma grubu olu\u015fturmaktad\u0131r. Bu \u00e7al\u0131\u015fma grubu, T\u00fcrkiye\u2019deki m\u00fclteci \u00e7ocuklar\u0131n e\u011fitim alan\u0131nda kar\u015f\u0131la\u015ft\u0131\u011f\u0131 engeller hakk\u0131nda \u0130GAM\u2019\u0131n haz\u0131rlayaca\u011f\u0131 raporu temel alarak savunuculuk yapacakt\u0131r. Metin \u00c7orabat\u0131r ayr\u0131ca, orta \u00f6\u011fretimin \u00f6nemi hakk\u0131nda ailelere ula\u015farak ve m\u00fclteci hizmetleri hakk\u0131nda bilgi i\u00e7eren bir mobil uygulamay\u0131 kullanarak bu konuda fark\u0131ndal\u0131k yaratacakt\u0131r.\u201d<\/span><\/span><\/div>\n<\/p><\/div>\n<\/p><\/div>\n<\/blockquote><\/div>\n<\/p><\/div>\n<\/p><\/div>\n<\/p><\/div>\n<\/p><\/div>\n<\/p><\/div>\n<\/p><\/div>\n<\/p><\/div>\n<\/p><\/div>\n<\/td>\n<\/tr>\n<\/tbody>\n<\/table>\n<div style=\"clear:both;\">\u00a0<\/div>\n<\/div>\n<\/div>\n<\/div>\n","protected":false},"excerpt":{"rendered":"<p>Malala Fonu, T\u00fcrkiye M\u00fclteci Konseyi Ba\u015fkan\u0131 Metin \u00c7orabat\u0131r\u2019\u0131 Gulmakai A\u011f\u0131 \u015eampiyonu olarak a\u00e7\u0131klad\u0131. Malala Fonu, Metin \u00c7orabat\u0131r\u2019\u0131, 2018 d\u00f6nemi Gulmakai A\u011f\u0131 \u015eampiyonlar\u0131ndan biri olarak ilan etmekten gurur duydu\u011funu aktard\u0131. Gulmakai &hellip; <a href=\"https:\/\/akdenizolaygazetesi.com\/?p=1806\" class=\"more-link\">Devam\u0131n\u0131 Oku&#8230;<\/a><\/p>\n","protected":false},"author":1,"featured_media":0,"comment_status":"open","ping_status":"open","sticky":false,"template":"","format":"standard","meta":[],"categories":[],"tags":[],"_links":{"self":[{"href":"https:\/\/akdenizolaygazetesi.com\/index.php?rest_route=\/wp\/v2\/posts\/1806"}],"collection":[{"href":"https:\/\/akdenizolaygazetesi.com\/index.php?rest_route=\/wp\/v2\/posts"}],"about":[{"href":"https:\/\/akdenizolaygazetesi.com\/index.php?rest_route=\/wp\/v2\/types\/post"}],"author":[{"embeddable":true,"href":"https:\/\/akdenizolaygazetesi.com\/index.php?rest_route=\/wp\/v2\/users\/1"}],"replies":[{"embeddable":true,"href":"https:\/\/akdenizolaygazetesi.com\/index.php?rest_route=%2Fwp%2Fv2%2Fcomments&post=1806"}],"version-history":[{"count":0,"href":"https:\/\/akdenizolaygazetesi.com\/index.php?rest_route=\/wp\/v2\/posts\/1806\/revisions"}],"wp:attachment":[{"href":"https:\/\/akdenizolaygazetesi.com\/index.php?rest_route=%2Fwp%2Fv2%2Fmedia&parent=1806"}],"wp:term":[{"taxonomy":"category","embeddable":true,"href":"https:\/\/akdenizolaygazetesi.com\/index.php?rest_route=%2Fwp%2Fv2%2Fcategories&post=1806"},{"taxonomy":"post_tag","embeddable":true,"href":"https:\/\/akdenizolaygazetesi.com\/index.php?rest_route=%2Fwp%2Fv2%2Ftags&post=1806"}],"curies":[{"name":"wp","href":"https:\/\/api.w.org\/{rel}","templated":true}]}}