{"id":1807,"date":"2020-11-04T18:22:21","date_gmt":"2020-11-04T15:22:21","guid":{"rendered":"http:\/\/mersinekonomipolitikagazetesi.com\/?p=1807"},"modified":"2020-11-04T18:22:21","modified_gmt":"2020-11-04T15:22:21","slug":"ureticiler-mera-sorununun-cozulmesini-bekliyor","status":"publish","type":"post","link":"https:\/\/akdenizolaygazetesi.com\/?p=1807","title":{"rendered":"\u00dcRET\u0130C\u0130LER MERA SORUNUNUN \u00c7\u00d6Z\u00dcLMES\u0130N\u0130 BEKL\u0130YOR"},"content":{"rendered":"<p>CHP Mersin Milletvekili H\u00fcseyin \u00c7amak, G\u0131da Tar\u0131m ve Hayvanc\u0131l\u0131k Bakan\u0131 E\u015fref Fak\u0131baba\u2019n\u0131n yan\u0131tlamas\u0131 istemiyle verdi\u011fi soru \u00f6nergesinde I\u011fd\u0131rl\u0131 \u00e7ift\u00e7ilerin k\u00fc\u00e7\u00fckba\u015f hayvan yeti\u015ftiricili\u011finde ve mera alan\u0131 bulmada ya\u015fad\u0131\u011f\u0131 sorunlar\u0131 g\u00fcndeme getirdi.<\/p>\n<p><span style=\"font-size:16px;\">\u00c7amak, \u00f6nergesinde, resmi kay\u0131tlara g\u00f6re 750 bin koyunun bulundu\u011fu I\u011fd\u0131r\u2019\u0131n, k\u00fc\u00e7\u00fckba\u015f hayvan\u00a0yeti\u015ftiricili\u011finde \u00f6nemli bir yeri oldu\u011funu, h\u00fck\u00fcmetin ithal ete a\u011f\u0131rl\u0131k vermesi nedeniyle \u00fcreticilerin\u00a0son y\u0131llarda sorunlarla kar\u015f\u0131la\u015ft\u0131\u011f\u0131n\u0131 kaydetti.<\/span><\/p>\n<p><span style=\"font-size:16px;\">I\u011fd\u0131r\u2019\u0131n, iklim ve co\u011frafi \u015fartlar\u0131 itibariyle mera k\u00fc\u00e7\u00fckba\u015f hayvanc\u0131l\u0131\u011f\u0131na uygun bir yer olmad\u0131\u011f\u0131n\u0131, bu\u00a0nedenle Erzurum, Kars, Van ve A\u011fr\u0131 gibi illerde bulunan fazla meralar\u0131n ihale yoluyla I\u011fd\u0131rl\u0131 \u00fcreticilere\u00a0verildi\u011fini kaydeden \u00c7amak, \u00fcreticilerin bu konuda da zamanlama s\u0131k\u0131nt\u0131s\u0131 ya\u015fad\u0131\u011f\u0131n\u0131 ifade etti.<\/span><\/p>\n<p><span style=\"font-size:16px;\">I\u011fd\u0131rl\u0131 \u00e7ift\u00e7ilerin \u2018300 koyun istemiyoruz. Devlet mera sorunumuzu \u00e7\u00f6zs\u00fcn, \u00fc\u00e7 y\u0131l sonra biz devletimize\u00a0300 koyun kazand\u0131ral\u0131m\u2019 dedi\u011fini anlatan \u00c7amak, \u201cHer y\u0131l, May\u0131s ay\u0131ndan sonra, havalar iyice\u00a0\u0131s\u0131nmakta, bu durum da hayvansal hastal\u0131klarda \u00f6nemli art\u0131\u015flara neden olmaktad\u0131r. Her y\u0131l 4 bin ila 10\u00a0bin koyun bu iklim \u015fartlar\u0131 nedeniyle telef olmaktad\u0131r. \u0130hale s\u00fcre\u00e7leri bu tabii \u015fartlar g\u00f6zetilmeden\u00a0belirlenmektedir. Ve \u00f6ncelik, ihtiya\u00e7lar\u0131 olmad\u0131\u011f\u0131 halde, b\u00f6lge halk\u0131na verildi\u011finden I\u011fd\u0131rl\u0131 \u00fcreticiler\u00a0ma\u011fdur olmaktad\u0131r. Hayvanlar\u0131n\u0131n telef olmas\u0131n\u0131 istemeyen \u00fcreticilerimiz, ihalelerin ge\u00e7 yap\u0131lmas\u0131n\u0131\u00a0da g\u00f6z \u00f6n\u00fcne alarak, ihale bedelinin \u00e7ok \u00fczerinde ihalelere girmeye zorlamaktad\u0131r. Ayr\u0131ca ihale\u00a0s\u00fcre\u00e7lerine fesat kar\u0131\u015ft\u0131r\u0131ld\u0131\u011f\u0131 y\u00f6n\u00fcnde ciddi \u015fik\u00e2yetlerde bulunmaktalar. \u00d6zellikle hayvan yeti\u015ftiricisi\u00a0olmayan ki\u015filerin ihalelere girmesi de bu kan\u0131y\u0131 g\u00fc\u00e7lendirmektedir. K\u00e2\u011f\u0131t \u00fczerinde ba\u015fka \u00e7ift\u00e7ilerin\u00a0hayvanlar\u0131n\u0131 kendilerininmi\u015f gibi g\u00f6steren bu ki\u015filerin tespit edilerek ihalelerden el \u00e7ektirilmesi\u00a0\u00fcreticilerimizin en b\u00fcy\u00fck talebi olarak kar\u015f\u0131m\u0131za \u00e7\u0131kmaktad\u0131r\u201d dedi.<\/span><\/p>\n<p><span style=\"font-size:16px;\">CHP Mersin Milletvekili Dr. H\u00fcseyin \u00c7amak, \u00f6nergesinde \u015fu sorulara yan\u0131t istedi:<br \/>\n-B\u00f6lgesel iklim ve co\u011frafi farkl\u0131l\u0131klar\u0131 dikkate al\u0131narak meralara ili\u015fkin ihale s\u00fcre\u00e7lerinin yeniden\u00a0planlanmas\u0131 d\u00fc\u015f\u00fcn\u00fclmekte midir?<br \/>\n&#8211; \u0130hale s\u00fcre\u00e7lerinin \u015feffafl\u0131\u011f\u0131 ve i\u015flevselli\u011fi a\u00e7\u0131s\u0131ndan ilgili kurumlara herhangi bir \u015fik\u00e2yet ula\u015fm\u0131\u015f\u00a0m\u0131d\u0131r? Ula\u015fm\u0131\u015fsa bu g\u00fcne kadar bu \u015fik\u00e2yetlerle ilgili herhangi bir i\u015flem yap\u0131lm\u0131\u015f m\u0131d\u0131r?<br \/>\n-\u00dclkemizin et ve hayvansal \u00fcr\u00fcnlerde d\u0131\u015fa ba\u011f\u0131ml\u0131l\u0131\u011f\u0131n\u0131n giderek artt\u0131\u011f\u0131 d\u00fc\u015f\u00fcn\u00fcld\u00fc\u011f\u00fcnde, \u00f6zellikle\u00a0\u00fclkemiz ekonomisine nefes ald\u0131racak I\u011fd\u0131r gibi b\u00f6lgelerde \u00fcreticilerin desteklenmesine d\u00f6n\u00fck ne gibi\u00a0\u00e7al\u0131\u015fmalar yap\u0131lmaktad\u0131r?<br \/>\n-I\u011fd\u0131r\u2019da \u00f6zellikle yaz aylar\u0131nda artan hayvan \u00f6l\u00fcmlerinin sebepleri nelerdir? \u00dcreticilerimize bu\u00a0sorunun \u00f6n\u00fcne ge\u00e7ebilmek i\u00e7in ne gibi destekler verilmektedir?<\/span><\/p>\n<p><span style=\"font-size: 16px; line-height: 1.6em;\">&#8211; K\u00fc\u00e7\u00fckba\u015f hayvan \u00fcreticilerimizin i\u00e7 ve d\u0131\u015f piyasalarda rekabet g\u00fcc\u00fcn\u00fc artt\u0131r\u0131labilmesi ve \u00fcretim\u00a0<\/span><span style=\"font-size: 16px; line-height: 1.6em;\">maliyetlerinin d\u00fc\u015f\u00fcr\u00fclmesi i\u00e7in herhangi bir \u00e7al\u0131\u015fma plan\u0131 haz\u0131rlanmakta m\u0131d\u0131r?<\/span><\/p>\n<p><span style=\"font-size:16px;\">&#8211; I\u011fd\u0131rl\u0131 \u00fcreticilerine ge\u00e7ti\u011fimiz y\u0131l herhangi bir destekleme yap\u0131lm\u0131\u015f m\u0131d\u0131r? Yap\u0131lm\u0131\u015fsa hangi\u00a0miktarlarda destekleme yap\u0131lm\u0131\u015ft\u0131r?<br \/>\n&#8211; Ba\u015fta I\u011fd\u0131rl\u0131 \u00fcreticilerimiz olmak \u00fczere Do\u011fu Anadolu B\u00f6lgesi\u2019ndeki mera sorunu ile ilgili ne gibi\u00a0\u00e7al\u0131\u015fmalar yap\u0131lmaktad\u0131r?<br \/>\n-\u00dclkemizin hayvanc\u0131l\u0131k konusunda d\u0131\u015fa ba\u011f\u0131ml\u0131l\u0131\u011f\u0131n\u0131 azaltma hedefiyle g\u00fcndeme gelen k\u00fc\u00e7\u00fck ve b\u00fcy\u00fck\u00a0hayvan \u201chibe\u201d projeleriyle ilgili Bakanl\u0131k taraf\u0131ndan farkl\u0131 zamanlarda \u00e7eli\u015fkili a\u00e7\u0131klamalar yap\u0131lm\u0131\u015ft\u0131r.\u00a0Buna g\u00f6re hayvan hibe projesi hangi a\u015famadad\u0131r? Bug\u00fcne kadar ka\u00e7 \u00fcreticimize, ne kadar hibe\u00a0yap\u0131lm\u0131\u015ft\u0131r? Bu hibe projelerinin sonu\u00e7lar\u0131 ne olmu\u015ftur? Hibe projelerine devam edilmesi\u00a0d\u00fc\u015f\u00fcn\u00fclmekte midir?<\/span><\/p>\n","protected":false},"excerpt":{"rendered":"<p>CHP Mersin Milletvekili H\u00fcseyin \u00c7amak, G\u0131da Tar\u0131m ve Hayvanc\u0131l\u0131k Bakan\u0131 E\u015fref Fak\u0131baba\u2019n\u0131n yan\u0131tlamas\u0131 istemiyle verdi\u011fi soru \u00f6nergesinde I\u011fd\u0131rl\u0131 \u00e7ift\u00e7ilerin k\u00fc\u00e7\u00fckba\u015f hayvan yeti\u015ftiricili\u011finde ve mera alan\u0131 bulmada ya\u015fad\u0131\u011f\u0131 sorunlar\u0131 g\u00fcndeme getirdi. &hellip; <a href=\"https:\/\/akdenizolaygazetesi.com\/?p=1807\" class=\"more-link\">Devam\u0131n\u0131 Oku&#8230;<\/a><\/p>\n","protected":false},"author":1,"featured_media":0,"comment_status":"open","ping_status":"open","sticky":false,"template":"","format":"standard","meta":[],"categories":[],"tags":[],"_links":{"self":[{"href":"https:\/\/akdenizolaygazetesi.com\/index.php?rest_route=\/wp\/v2\/posts\/1807"}],"collection":[{"href":"https:\/\/akdenizolaygazetesi.com\/index.php?rest_route=\/wp\/v2\/posts"}],"about":[{"href":"https:\/\/akdenizolaygazetesi.com\/index.php?rest_route=\/wp\/v2\/types\/post"}],"author":[{"embeddable":true,"href":"https:\/\/akdenizolaygazetesi.com\/index.php?rest_route=\/wp\/v2\/users\/1"}],"replies":[{"embeddable":true,"href":"https:\/\/akdenizolaygazetesi.com\/index.php?rest_route=%2Fwp%2Fv2%2Fcomments&post=1807"}],"version-history":[{"count":0,"href":"https:\/\/akdenizolaygazetesi.com\/index.php?rest_route=\/wp\/v2\/posts\/1807\/revisions"}],"wp:attachment":[{"href":"https:\/\/akdenizolaygazetesi.com\/index.php?rest_route=%2Fwp%2Fv2%2Fmedia&parent=1807"}],"wp:term":[{"taxonomy":"category","embeddable":true,"href":"https:\/\/akdenizolaygazetesi.com\/index.php?rest_route=%2Fwp%2Fv2%2Fcategories&post=1807"},{"taxonomy":"post_tag","embeddable":true,"href":"https:\/\/akdenizolaygazetesi.com\/index.php?rest_route=%2Fwp%2Fv2%2Ftags&post=1807"}],"curies":[{"name":"wp","href":"https:\/\/api.w.org\/{rel}","templated":true}]}}