{"id":1808,"date":"2020-11-04T18:22:21","date_gmt":"2020-11-04T15:22:21","guid":{"rendered":"http:\/\/mersinekonomipolitikagazetesi.com\/?p=1808"},"modified":"2020-11-04T18:22:21","modified_gmt":"2020-11-04T15:22:21","slug":"chpli-kadinlar-seferberlik-baslatti","status":"publish","type":"post","link":"https:\/\/akdenizolaygazetesi.com\/?p=1808","title":{"rendered":"CHP\u2019L\u0130 KADINLAR SEFERBERL\u0130K BA\u015eLATTI"},"content":{"rendered":"<p>CHP Mersin Kad\u0131n Kollar\u0131 Ba\u015fkan\u0131 Pakize G\u00fcler CHP \u0130l binas\u0131nda g\u00fcndem ile ilgili de\u011ferlendirme yapt\u0131.<\/p>\n<blockquote type=\"cite\">\n<div dir=\"ltr\">\n<div>\n<div dir=\"ltr\">\n<p><span style=\"font-size:16px;\">G\u00fcndem ile ilgili konu\u015fmas\u0131n\u0131 ger\u00e7ekle\u015ftiren CHP Mersin Kad\u0131n Kollar\u0131 Ba\u015fkan\u0131 Pakize G\u00fcler ilk olarak erken se\u00e7ime de\u011findi.<\/span><\/p>\n<p><span style=\"font-size:16px;\">Erken se\u00e7im hakk\u0131nda de\u011ferlendirme yapan Pakize G\u00fcler, \u00fclkenin cumhuriyet tarihine kara bir leke olarak yaz\u0131lacak olan bir karar al\u0131nd\u0131\u011f\u0131n\u0131n alt\u0131n\u0131 \u00e7izdi.<\/span><\/p>\n<p><span style=\"font-size:16px;\">Ard\u0131ndan 21-22 Nisan\u2019da CHP Genel Ba\u015fkan Kemal K\u0131l\u0131\u00e7daro\u011flu\u2019nunda kat\u0131laca\u011f\u0131 \u2018Anadolu\u2019nun bin y\u0131ll\u0131k \u00f6zg\u00fcrl\u00fck ve sevgi y\u00fcr\u00fcy\u00fc\u015f\u00e7\u00fcleri Silifke\u2019de bulu\u015fuyor.\u2019 \u00e7al\u0131\u015ftay\u0131 hakk\u0131nda bilgi aktard\u0131.<\/span><\/p>\n<p>\u00a0<\/p>\n<p><span style=\"font-size:16px;\">\u201cCHP OLARAK B\u00d6YLE BU \u015eEY\u0130N GELECE\u011e\u0130N\u0130 BEKL\u0130YORDUK\u201d<\/span><\/p>\n<p>\u00a0<\/p>\n<p><span style=\"font-size:16px;\">G\u00fcler: \u201cHepimizin malumu Kanun H\u00fckm\u00fcnde Kararname\u2019yi f\u0131rsat bilerek kendi se\u00e7tikleri milletvekillerinin dahi bilgisi, r\u0131zas\u0131 olmadan \u00fclkemiz 24 Haziran\u2019da erken genel se\u00e7ime gidiyor.\u201d dedi.<\/span><\/p>\n<p><span style=\"font-size:16px;\">24 Haziran halbuki \u00e7ocuklar\u0131n \u00fcniversite s\u0131nav\u0131na girece\u011fi tarih oldu\u011funu belirten G\u00fcler: \u201cBinlerce \u00f6\u011frencilerimizin gelece\u011fini belirleyen s\u0131nav tarihi hi\u00e7bir \u015fekilde d\u00fc\u015f\u00fcnmeden onlar\u0131n psikolojileri, onlar\u0131n emekleri d\u00fc\u015f\u00fcn\u00fclmeden acele ile al\u0131nan bir karad\u0131r. Aceleyle al\u0131n bu karar asl\u0131nda ekonominin, ter\u00f6r\u00fcn, dolar ve Euro\u2019nun tavan yapt\u0131\u011f\u0131, i\u015fsizli\u011fin art\u0131\u011f\u0131 bir ortamda bu h\u00fck\u00fcmetin bu y\u00f6netemiyorum deme \u015feklidir. Ve hepimizin malumu baz\u0131 genel ba\u015fkanlar\u0131nda AKP her dara d\u00fc\u015ft\u00fc\u011f\u00fcnde onlar\u0131n koltuk olma hevesiyle MHP lideri Devlet Bah\u00e7eli\u2019nin devletinin arka bah\u00e7esi olarak kulland\u0131rtt\u0131\u011f\u0131 bir y\u00f6ntemle bu b\u00f6yle bir kara alm\u0131\u015f bulunmakta. Biz bu karar\u0131 duyunca \u015fa\u015f\u0131rd\u0131k m\u0131 hay\u0131r \u015fa\u015f\u0131rmad\u0131k. Bizler CHP olarak b\u00f6yle bu \u015feyin gelece\u011fini bekliyorduk.\u201d \u015feklinde konu\u015ftu.<\/span><\/p>\n<p>\u00a0<\/p>\n<p><span style=\"font-size:16px;\">\u201cBU CO\u015eKUYU HEP B\u0130RL\u0130KTE YA\u015eAYALIM \u0130ST\u0130YORUZ\u201d<\/span><\/p>\n<p>\u00a0<\/p>\n<p><span style=\"font-size:16px;\">24 Haziran\u2019da ne olacak \u00fclkeyi laik demokratik \u00e7a\u011fda\u015f yar\u0131nlara kavu\u015fturaca\u011f\u0131n\u0131 aktaran G\u00fcler: \u201cAsl\u0131nda bir ba\u015fkanl\u0131k se\u00e7imi de\u011fil. Bir rejimi se\u00e7imi olarak hay\u0131rda kazanm\u0131\u015f oldu\u011fumuz halde sand\u0131ktan \u00e7\u0131kmayan referandum sonucunun sistemini onaylayaca\u011f\u0131z. Ve hay\u0131r kazanacak hay\u0131r, hay\u0131r blo\u011fu kazanacak burada CHP t\u00fcm T\u00fcrkiye kad\u0131n \u00f6rg\u00fctleri olarak\u00a0 ve yerelde kad\u0131n \u00f6rg\u00fct\u00fc olarak bizler seferberli\u011fimizi ba\u015flatt\u0131k. \u2018Haydi kad\u0131n arkada\u015flar\u0131m\u0131z\u00a0 bu seferberli\u011fimize sizde ortak olun.\u2019 Bu seferberlikte 24 Haziran\u2019da hep beraber bu co\u015fkuyu hep birlikte ya\u015fayal\u0131m istiyoruz. Cumhuriyet rejiminin oylanaca\u011f\u0131 bu se\u00e7imde asl\u0131nda bir genel se\u00e7im de\u011fil sistem se\u00e7imi oldu\u011funu herkese en iyi \u015fekilde anlataca\u011f\u0131z.\u201d ifadelerini kulland\u0131.<\/span><\/p>\n<p>\u00a0<\/p>\n<p><span style=\"font-size:16px;\">\u201c24 HAZ\u0130RAN HEP\u0130M\u0130Z\u0130N BAYRAMI OLACAK\u201d<\/span><\/p>\n<p>\u00a0<\/p>\n<p><span style=\"font-size:16px;\">Ger\u00e7ekle\u015fecek olan y\u00f6r\u00fck \u00e7al\u0131\u015ftay\u0131 hakk\u0131nda bilgi veren G\u00fcler: \u201c21-22 Nisan\u2019da Genel Ba\u015fkan\u0131m\u0131z Kemal K\u0131l\u0131\u00e7daro\u011flu\u2019nun kat\u0131laca\u011f\u0131 Silifke Belediyemizin ve belediye ba\u015fkan\u0131m\u0131z Mustafa Kurt\u2019un organize etti\u011fi ev sahipli\u011fi yapaca\u011f\u0131 Kad\u0131n Kollar\u0131 Genel Ba\u015fkan\u0131m\u0131z\u0131n Fatma K\u00f6se\u2019nin ve bir\u00e7ok milletvekilimizin i\u015ftirak edece\u011fi \u2018Anadolu\u2019nun bin y\u0131ll\u0131k \u00f6zg\u00fcrl\u00fck ve sevgi y\u00fcr\u00fcy\u00fc\u015f\u00e7\u00fcleri Silifke\u2019de bulu\u015fuyor.\u2019 \u00e7al\u0131\u015ftay\u0131 var. Hemen cumartesi g\u00fcn\u00fc Toroslar\u0131n da\u011flar\u0131nda CHP Mersin \u00f6rg\u00fctleri y\u00f6r\u00fckleriyle beraber se\u00e7im start\u0131n\u0131 Toroslar\u0131n da\u011flar\u0131ndan vermeye ba\u015flayacak. Oradan ovalara ve \u015fehre inece\u011fiz. Biz diyoruz ki 24 Haziran hepimizin bayram\u0131 olacak. Bu y\u00f6r\u00fck \u00e7al\u0131\u015ftay\u0131m\u0131za kat\u0131lacak olan herkesi de Silifke Belediyemizde yap\u0131lacak\u00a0 olan G\u00f6kbelen yaylas\u0131nda yap\u0131lacak ve sonunda da Musa Ero\u011flu\u2019nun konseriyle ta\u00e7lanacak olan bu \u00e7al\u0131\u015ftaya herkesi davet ediyorum.\u201d diyerek belirtti.<\/span><\/p>\n<\/div>\n<\/div>\n<\/div>\n<\/blockquote>\n","protected":false},"excerpt":{"rendered":"<p>CHP Mersin Kad\u0131n Kollar\u0131 Ba\u015fkan\u0131 Pakize G\u00fcler CHP \u0130l binas\u0131nda g\u00fcndem ile ilgili de\u011ferlendirme yapt\u0131. G\u00fcndem ile ilgili konu\u015fmas\u0131n\u0131 ger\u00e7ekle\u015ftiren CHP Mersin Kad\u0131n Kollar\u0131 Ba\u015fkan\u0131 Pakize G\u00fcler ilk olarak erken &hellip; <a href=\"https:\/\/akdenizolaygazetesi.com\/?p=1808\" class=\"more-link\">Devam\u0131n\u0131 Oku&#8230;<\/a><\/p>\n","protected":false},"author":1,"featured_media":0,"comment_status":"open","ping_status":"open","sticky":false,"template":"","format":"standard","meta":[],"categories":[],"tags":[],"_links":{"self":[{"href":"https:\/\/akdenizolaygazetesi.com\/index.php?rest_route=\/wp\/v2\/posts\/1808"}],"collection":[{"href":"https:\/\/akdenizolaygazetesi.com\/index.php?rest_route=\/wp\/v2\/posts"}],"about":[{"href":"https:\/\/akdenizolaygazetesi.com\/index.php?rest_route=\/wp\/v2\/types\/post"}],"author":[{"embeddable":true,"href":"https:\/\/akdenizolaygazetesi.com\/index.php?rest_route=\/wp\/v2\/users\/1"}],"replies":[{"embeddable":true,"href":"https:\/\/akdenizolaygazetesi.com\/index.php?rest_route=%2Fwp%2Fv2%2Fcomments&post=1808"}],"version-history":[{"count":0,"href":"https:\/\/akdenizolaygazetesi.com\/index.php?rest_route=\/wp\/v2\/posts\/1808\/revisions"}],"wp:attachment":[{"href":"https:\/\/akdenizolaygazetesi.com\/index.php?rest_route=%2Fwp%2Fv2%2Fmedia&parent=1808"}],"wp:term":[{"taxonomy":"category","embeddable":true,"href":"https:\/\/akdenizolaygazetesi.com\/index.php?rest_route=%2Fwp%2Fv2%2Fcategories&post=1808"},{"taxonomy":"post_tag","embeddable":true,"href":"https:\/\/akdenizolaygazetesi.com\/index.php?rest_route=%2Fwp%2Fv2%2Ftags&post=1808"}],"curies":[{"name":"wp","href":"https:\/\/api.w.org\/{rel}","templated":true}]}}