{"id":18083,"date":"2022-04-21T10:10:10","date_gmt":"2022-04-21T07:10:10","guid":{"rendered":"http:\/\/akdenizolaygazetesi.com\/?p=18083"},"modified":"2022-04-21T10:10:10","modified_gmt":"2022-04-21T07:10:10","slug":"erdogan-suriyelilere-is-bulma-kurumu-gibi-calisiyor","status":"publish","type":"post","link":"https:\/\/akdenizolaygazetesi.com\/?p=18083","title":{"rendered":"&#8216;ERDO\u011eAN SUR\u0130YEL\u0130LERE \u0130\u015e BULMA KURUMU G\u0130B\u0130 \u00c7ALI\u015eIYOR&#8217;"},"content":{"rendered":"<p>Yabanc\u0131lara sat\u0131lan konut ve verilen vatanda\u015fl\u0131k tart\u0131\u015fmalar\u0131 s\u00fcrerken CHP Mersin Milletvekili Alpay Antmen&#8217;den bir a\u00e7\u0131klama geldi. Antmen&#8217;in soru \u00f6nergesini yan\u0131tlayan \u00c7evre, \u015eehircilik ve \u0130klim De\u011fi\u015fikli\u011fi Bakan\u0131 Murat Kurum, verdi\u011fi yan\u0131tta yabanc\u0131lar\u0131n son 5 y\u0131lda T\u00fcrkiye&#8217;den ald\u0131klar\u0131 ev say\u0131s\u0131n\u0131 a\u00e7\u0131klad\u0131.<\/p>\n<p>Verilen yan\u0131tta 2017 ila 2021 y\u0131llar\u0131nda yabanc\u0131lara toplamda 186 bin 144 ev sat\u0131ld\u0131\u011f\u0131 ortaya \u00e7\u0131kt\u0131. Antmen, TBMM&#8217;de d\u00fczenledi\u011fi bas\u0131n toplant\u0131s\u0131nda yabanc\u0131lara 2017 y\u0131l\u0131nda 15 bin 747, 2018 y\u0131l\u0131nda 29 bin 719, 2019 y\u0131l\u0131nda 39 bin 939, 2020 y\u0131l\u0131nda 38 bin 298 ve 2021 y\u0131l\u0131nda 62 bin 441 ev sat\u0131ld\u0131\u011f\u0131n\u0131 a\u00e7\u0131klad\u0131. Antmen &#8220;T\u00fcrk Vatanda\u015fl\u0131\u011f\u0131 ve T\u00fcrk Pasaportu adeta i\u015fporta tezgah\u0131nda sat\u0131l\u0131r hale getirildi. Arap kanallar\u0131nda &#8216;1 ev alana 1 pasaport bedava&#8217; kampanyalar\u0131 yap\u0131ld\u0131. Dolar i\u00e7in bunu yapanlar; T\u00fcrkiye&#8217;de milyonlarca insana konut krizi ya\u015fatt\u0131. Evi olmayan y\u00fczbinlerce vatanda\u015f\u0131m\u0131z\u0131 derin ekonomik kriz y\u00fcz\u00fcnden ev alma hayallerinden vazge\u00e7ti&#8221; dedi.<\/p>\n<p>Alpay Antmen&#8217;in a\u00e7\u0131klamas\u0131nda \u00f6ne \u00e7\u0131kan sat\u0131r ba\u015flar\u0131 \u015fu \u015fekilde;<\/p>\n<p>200 B\u0130N SI\u011eINMACIYA NEDEN VATANDA\u015eLIK VERD\u0130N\u0130Z<\/p>\n<p>Alpay Antmen, konuyla ilgili s\u00fcreci en ba\u015f\u0131ndan bu yana titizlikle takip etti\u011fini s\u00f6yleyerek, ya\u015fananlar\u0131n sadece insani bir kriz olmad\u0131\u011f\u0131n\u0131 belirterek &#8220;T\u00fcrkiye&#8217;de bir demografik darbe yapmak niyetinde olan bir Cumhurba\u015fkan\u0131 bulunmaktad\u0131r. Esasen ortada s\u0131\u011f\u0131nmac\u0131 , d\u00fczensiz g\u00f6\u00e7 ve g\u00f6\u00e7menler sorunundan daha b\u00fcy\u00fck bir sorun vard\u0131r , i\u015f art\u0131k vatan\u0131m\u0131z\u0131n ba\u015fka bir demografik yap\u0131 taraf\u0131ndan silahs\u0131z i\u015fgaline do\u011fru gitmektedir. D\u00fcnyada hi\u00e7bir yerde ge\u00e7ici koruma stat\u00fcs\u00fcnde olan kimseye vatanda\u015fl\u0131k verilmez. Ad\u0131 \u00fczerinde bunlar ge\u00e7ici olarak korumaya al\u0131nan ve \u00fclkelerinde can g\u00fcvenli\u011fi sa\u011fland\u0131ktan sonra geldikleri yere d\u00f6necek olan kimselerdir&#8221; dedi. CHP&#8217;li Vekil 200 binden fazla s\u0131\u011f\u0131nmac\u0131ya vatanda\u015fl\u0131k verildi\u011fini a\u00e7\u0131klayarak &#8220;Bu s\u0131\u011f\u0131nmac\u0131lara hem de istisnai vatanda\u015fl\u0131k veriliyor. \u0130stisnai vatanda\u015fl\u0131k spor, sanat, ekonomi, k\u00fclt\u00fcr alanlar\u0131nda \u00fclkemize bir katk\u0131s\u0131 olacak ki\u015fileri vatanda\u015f yapmak demektir. \u015eimdi bu 200 bin s\u0131\u011f\u0131nmac\u0131 \u00fclkeye ne vermi\u015f de bunlara istisnai vatanda\u015fl\u0131k veriliyor. Bir de i\u015fportadan ucuz mal satar gibi bir y\u00f6ntemle g\u00fcvenlik soru\u015fturmas\u0131 yap\u0131lmadan ve s\u00fcre konulmadan s\u0131\u011f\u0131nmac\u0131lar vatanda\u015f yap\u0131l\u0131yor&#8221; dedi.<\/p>\n<p>ERDO\u011eAN SUR\u0130YEL\u0130LERE \u0130\u015e BULMA KURUMU G\u0130B\u0130 \u00c7ALI\u015eIYOR<\/p>\n<p>A\u00e7\u0131klamas\u0131nda \u00fclkedeki s\u0131\u011f\u0131nmac\u0131 say\u0131s\u0131n\u0131n 10 milyona yakla\u015ft\u0131\u011f\u0131n\u0131 s\u00f6yleyen Antmen \u015funlar\u0131 s\u00f6yledi;<\/p>\n<p>&#8220;Peki bunlar\u0131n ka\u00e7\u0131 \u00fclkesinde su\u00e7 i\u015fleyip ka\u00e7m\u0131\u015f? Belli de\u011fil. Bunlar\u0131n ka\u00e7\u0131 uyu\u015fturucu ka\u00e7ak\u00e7\u0131s\u0131? Bilinmiyor. Bunlar\u0131n ka\u00e7\u0131 tecav\u00fczc\u00fc? O da belli de\u011fil. Ne diyordu Cumhurba\u015fkan\u0131 Erdo\u011fan &#8220;Suriyelileri vatanda\u015f yapt\u0131k. Yapmaya da devam edece\u011fiz. Yapal\u0131m ki kurumlara i\u015fe girsinler&#8221; Senin vatanda\u015f\u0131n i\u015fsizlikten intihar ederken saraydaki Erdo\u011fan i\u015fi g\u00fcc\u00fc b\u0131rakm\u0131\u015f \u00dclkemizdeki i\u015fsiz milyonlarca gence istihdam olana\u011f\u0131 yarataca\u011f\u0131 yerde Suriyelilere \u0130\u015f Bulma Kurumu gibi \u00e7al\u0131\u015f\u0131yor&#8221;<\/p>\n<p>DOKTORLAR G\u0130D\u0130YOR AFGANLAR GEL\u0130YOR<\/p>\n<p>Alpay Antmen T\u00fcrkiye \u0130statistik Kurumu (TU\u0130K) verilerine g\u00f6re 2019 y\u0131l\u0131nda 330 bin 289 ki\u015fi T\u00fcrkiye&#8217;den yurt d\u0131\u015f\u0131na g\u00f6\u00e7 etti\u011fini; ayn\u0131 y\u0131l yurt d\u0131\u015f\u0131ndan T\u00fcrkiye&#8217;ye gelenlerin say\u0131s\u0131n\u0131n 677 bin 42 oldu\u011funu belirterek &#8220;T\u00fcrkiye&#8217;nin en \u00e7ok g\u00f6\u00e7 verdi\u011fi ya\u015f grubu 25-29 ya\u015f aras\u0131 olarak kay\u0131tlara ge\u00e7ti. \u00dclkemizdeki doktorlar, m\u00fchendisler, yazarlar, akademisyenler gidiyorken; \u00fclkemize durmadan Afganlar, Pakistanl\u0131lar geliyor. Doktorlar\u0131m\u0131z giderken &#8216;Giderlerse gitsinler&#8217; diyen Tayyip Erdo\u011fan; kim olduklar\u0131 belli olmayan Afganlar gelirken de &#8216;Gelsinler hepsi gelsin&#8217; diyor. \u0130\u015fte buyurun bak\u0131n\u0131z; Recep Tayyip Erdo\u011fan&#8217;\u0131n &#8216;Giderlerse gitsinler&#8217; dedi\u011fi insanlar; bunlar da &#8216;Gelsinler hepsi gelsin&#8217; dedikleri!&#8221; ifadelerini kulland\u0131.<\/p>\n<p>Antmen &#8220;Buradan sizlerin arac\u0131l\u0131\u011f\u0131 ile Genel Ba\u015fkan\u0131m\u0131z Say\u0131n Kemal K\u0131l\u0131\u00e7daro\u011flu&#8217;nun sordu\u011fu \u00e7ok \u00f6nemli sorular\u0131 buradan tekrar ediyoruz. S\u0131\u011f\u0131nmac\u0131lar\u0131n ger\u00e7ek kimliklerini ispatlamalar\u0131n\u0131 talep ettiniz mi? Neden vatanda\u015fl\u0131k da\u011f\u0131t\u0131yorsunuz? Vatanda\u015fl\u0131k verirken g\u00fcvenlik soru\u015fturmas\u0131 yap\u0131yor musunuz? S\u0131n\u0131rlar\u0131m\u0131zda ka\u00e7ak ge\u00e7i\u015flere bilerek neden izin veriyorsunuz?&#8221; diye sorarak a\u00e7\u0131klamas\u0131n\u0131 bitirdi.<\/p>\n","protected":false},"excerpt":{"rendered":"<p>Yabanc\u0131lara sat\u0131lan konut ve verilen vatanda\u015fl\u0131k tart\u0131\u015fmalar\u0131 s\u00fcrerken CHP Mersin Milletvekili Alpay Antmen&#8217;den bir a\u00e7\u0131klama geldi. Antmen&#8217;in soru \u00f6nergesini yan\u0131tlayan \u00c7evre, \u015eehircilik ve \u0130klim De\u011fi\u015fikli\u011fi Bakan\u0131 Murat Kurum, verdi\u011fi yan\u0131tta &hellip; <a href=\"https:\/\/akdenizolaygazetesi.com\/?p=18083\" class=\"more-link\">Devam\u0131n\u0131 Oku&#8230;<\/a><\/p>\n","protected":false},"author":2,"featured_media":18084,"comment_status":"open","ping_status":"open","sticky":false,"template":"","format":"standard","meta":[],"categories":[7,2,3,5],"tags":[],"_links":{"self":[{"href":"https:\/\/akdenizolaygazetesi.com\/index.php?rest_route=\/wp\/v2\/posts\/18083"}],"collection":[{"href":"https:\/\/akdenizolaygazetesi.com\/index.php?rest_route=\/wp\/v2\/posts"}],"about":[{"href":"https:\/\/akdenizolaygazetesi.com\/index.php?rest_route=\/wp\/v2\/types\/post"}],"author":[{"embeddable":true,"href":"https:\/\/akdenizolaygazetesi.com\/index.php?rest_route=\/wp\/v2\/users\/2"}],"replies":[{"embeddable":true,"href":"https:\/\/akdenizolaygazetesi.com\/index.php?rest_route=%2Fwp%2Fv2%2Fcomments&post=18083"}],"version-history":[{"count":1,"href":"https:\/\/akdenizolaygazetesi.com\/index.php?rest_route=\/wp\/v2\/posts\/18083\/revisions"}],"predecessor-version":[{"id":18085,"href":"https:\/\/akdenizolaygazetesi.com\/index.php?rest_route=\/wp\/v2\/posts\/18083\/revisions\/18085"}],"wp:featuredmedia":[{"embeddable":true,"href":"https:\/\/akdenizolaygazetesi.com\/index.php?rest_route=\/wp\/v2\/media\/18084"}],"wp:attachment":[{"href":"https:\/\/akdenizolaygazetesi.com\/index.php?rest_route=%2Fwp%2Fv2%2Fmedia&parent=18083"}],"wp:term":[{"taxonomy":"category","embeddable":true,"href":"https:\/\/akdenizolaygazetesi.com\/index.php?rest_route=%2Fwp%2Fv2%2Fcategories&post=18083"},{"taxonomy":"post_tag","embeddable":true,"href":"https:\/\/akdenizolaygazetesi.com\/index.php?rest_route=%2Fwp%2Fv2%2Ftags&post=18083"}],"curies":[{"name":"wp","href":"https:\/\/api.w.org\/{rel}","templated":true}]}}