{"id":18095,"date":"2022-04-21T10:19:57","date_gmt":"2022-04-21T07:19:57","guid":{"rendered":"http:\/\/akdenizolaygazetesi.com\/?p=18095"},"modified":"2022-04-21T10:19:57","modified_gmt":"2022-04-21T07:19:57","slug":"projenin-son-oturumunda-ailelere-katilim-belgeleri-verildi","status":"publish","type":"post","link":"https:\/\/akdenizolaygazetesi.com\/?p=18095","title":{"rendered":"PROJEN\u0130N SON OTURUMUNDA A\u0130LELERE KATILIM BELGELER\u0130 VER\u0130LD\u0130"},"content":{"rendered":"<p>Mersin B\u00fcy\u00fck\u015fehir Belediyesi Engelliler ve Sa\u011fl\u0131k Hizmetleri Dairesi \u00f6nc\u00fcl\u00fc\u011f\u00fcnde ba\u015flat\u0131lan &#8216;\u00c7ocuklarda Bilin\u00e7li Ekran Kullan\u0131m\u0131 Projesi&#8217; tamamland\u0131. \u00c7ocuklarda teknoloji ba\u011f\u0131ml\u0131l\u0131\u011f\u0131 konusunda bilin\u00e7 ve fark\u0131ndal\u0131k olu\u015fturman\u0131n yan\u0131 s\u0131ra tedavi planlamak i\u00e7in hayata ge\u00e7irilen projenin d\u00f6rd\u00fcnc\u00fc ve son oturumunda ailelerle bir araya gelindi.<br \/>\nMacit \u00d6zcan Spor Kompleksi&#8217;nde ger\u00e7ekle\u015ftirilen &#8216;\u00c7ocuklarda Bilin\u00e7li Ekran Kullan\u0131m\u0131 Projesi&#8217;nin son oturumuna B\u00fcy\u00fck\u015fehir Belediyesi Engelliler ve Sa\u011fl\u0131k Hizmetleri Dairesi Ba\u015fkan\u0131 H\u00fclya Atila da kat\u0131ld\u0131. Oturumun ba\u015f\u0131nda ilk olarak aileleri dinleyen uzmanlar, ilk g\u00fcnk\u00fc oturumdan bug\u00fcne kadar ya\u015fanan s\u00fcreci de\u011ferlendirip \u00e7ocuklar\u0131n ekran kullan\u0131m s\u00fcreleriyle ilgili bilgileri ailelerden \u00f6\u011frendi.<br \/>\n4&#8217;\u00fcnc\u00fc oturumda; Engelliler ve Sa\u011fl\u0131k Hizmetleri Dairesi&#8217;nde g\u00f6rev yapan Uzman Psikolog Y\u00fccel \u015eavkl\u0131, \u00c7ocuk ve Gen\u00e7 Psikiyatristi Ayb\u00fcke Tu\u011f\u00e7e Mustan ile \u00c7ocuk ve Gen\u00e7 Psikiyatristi Uzman Dr. Ceren S\u00f6\u011f\u00fct Direk t\u00fcm s\u00fcreci de\u011ferlendirdi. Program bittikten 1 ay sonra da ailelerle tekrar ileti\u015fime ge\u00e7ilerek, s\u00fcre\u00e7 de\u011ferlendirilmesi yap\u0131lacak.<br \/>\nAileler dijital ortamlar\u0131, yaln\u0131zca \u00e7ocuklar\u0131 sakinle\u015ftirmek i\u00e7in kullanmamal\u0131<br \/>\nUzman Doktor Ayb\u00fcke Tu\u011f\u00e7e Mustan taraf\u0131ndan, ekranla hayat\u0131m\u0131za giren riskler ve e\u015flik eden psikiyatrik hastal\u0131klar konusu i\u015flenirken, bu konudaki yasal risklerden de s\u00f6z edildi. Mustan ailelere, \u00e7ocuklar\u0131n anlayabilece\u011fi dilde siber su\u00e7lar\u0131 anlatmak i\u00e7in kullan\u0131labilecek g\u00fcvenli uygulamalardan s\u00f6z etti. Uzman Doktor Ceren S\u00f6\u011f\u00fct Direk ise sa\u011fl\u0131kl\u0131 teknoloji kullan\u0131m\u0131 konusunda bilgiler aktar\u0131rken, ailelere dijital ortamlar\u0131 yaln\u0131zca \u00e7ocuklar\u0131 sakinle\u015ftirmek i\u00e7in kullanmamalar\u0131 gerekti\u011fini s\u00f6yledi ve uyku saatinden 2 saat \u00f6nce ekran kullan\u0131m\u0131n\u0131n yasaklanmas\u0131n\u0131n \u00f6nemine dikkat \u00e7ekti. Uzman Psikolog Y\u00fccel \u015eavkl\u0131 da son oturumun amac\u0131n\u0131n ailelerden geri bildirim almak oldu\u011funu aktar\u0131rken, zaman y\u00f6netimi konusuna de\u011findi.<br \/>\nEngelliler ve Sa\u011fl\u0131k Hizmetleri Dairesi Ba\u015fkan\u0131 H\u00fclya Atila taraf\u0131ndan psikologlara plaket takdim edilirken, psikologlar taraf\u0131ndan da ailelere Kat\u0131l\u0131m Belgeleri verildi.<br \/>\n&#8220;\u00c7ocuklar\u0131m\u0131z ve ailelerimiz i\u00e7in katk\u0131 sa\u011flad\u0131\u011f\u0131n\u0131 d\u00fc\u015f\u00fcn\u00fcyorum&#8221;<br \/>\nEngelliler ve Sa\u011fl\u0131k Hizmetleri Dairesi Ba\u015fkan\u0131 H\u00fclya Atila, teknoloji ile hayat\u0131n her alan\u0131nda i\u00e7 i\u00e7e olduklar\u0131na de\u011finerek, ailelerin de \u00e7ocuklar\u0131n teknoloji kullan\u0131m\u0131 konusunda tedirginlik ya\u015fad\u0131klar\u0131ndan s\u00f6z etti. Konuyla ilgili at\u00f6lye \u00e7al\u0131\u015fmas\u0131 ger\u00e7ekle\u015ftirdiklerini ifade eden Atila, &#8220;Bu \u00e7al\u0131\u015fmalar\u0131m\u0131zda birbirinden de\u011ferli hocalar\u0131m\u0131z bize katk\u0131 verdi. Ailelerimizle, \u00e7ocuklar\u0131m\u0131zla ortakla\u015fa at\u00f6lye \u00e7al\u0131\u015fmas\u0131 yapt\u0131k. Bu anlamda da neler yapabilece\u011fimizi ya da neler yapmamam\u0131z gerekti\u011fini ya\u015fayarak, deneyimleyerek, interaktif bir \u015fekilde \u00f6\u011frenmi\u015f olduk. Ben \u00e7ocuklar\u0131m\u0131z ve ailelerimiz i\u00e7in katk\u0131 sa\u011flad\u0131\u011f\u0131n\u0131 d\u00fc\u015f\u00fcn\u00fcyorum&#8221; dedi.<br \/>\n&#8220;Ailelerden g\u00fczel geri d\u00f6n\u00fc\u015fler ald\u0131k&#8221;<br \/>\nUzman Psikolog Y\u00fccel \u015eavkl\u0131, B\u00fcy\u00fck\u015fehir olarak bir\u00e7ok \u00f6nc\u00fc \u00e7al\u0131\u015fmaya imza att\u0131klar\u0131n\u0131 ve s\u00f6z konusu \u00e7al\u0131\u015fman\u0131n da bunlardan biri oldu\u011funu ifade ederek, &#8220;\u00c7\u00fcnk\u00fc uygulama alan\u0131nda bu kadar kat\u0131l\u0131mc\u0131y\u0131 aktif eden, bir tedavi program\u0131 gibi planlanan bildi\u011fim ba\u015fka bir uygulama yok, bir ilk olarak g\u00f6z\u00fck\u00fcyor. Bunda da mutluyuz, gururluyuz, g\u00fczel bir \u00e7al\u0131\u015fma oldu. Ailelerden de yine g\u00fczel geri d\u00f6n\u00fc\u015fler ald\u0131k&#8221; dedi.<br \/>\n&#8220;Ailelerden ald\u0131\u011f\u0131m\u0131z geri bildirimlerle de olduk\u00e7a faydaland\u0131klar\u0131n\u0131 g\u00f6rd\u00fck&#8221;<br \/>\nUzman Doktor Ceren S\u00f6\u011f\u00fct Direk, oturumlar\u0131n 4 hafta s\u00fcrmesinin hem kendilerine zaman kazand\u0131rd\u0131\u011f\u0131n\u0131 hem de grubun birbirini tan\u0131mas\u0131n\u0131 sa\u011flad\u0131\u011f\u0131n\u0131 belirterek, &#8220;Projeye ba\u015flarken tek oturumluk ve tek tarafl\u0131 didaktik bir bilgilendirme \u015feklinde ailelere bilgi vermek gibi de\u011fil de s\u00fcreci kendilerinin y\u00f6netmesi, kontrol etmesi ve neler faydal\u0131, neler zararl\u0131 gibi ayr\u0131m\u0131n\u0131 yapabilecek bir kontrol mekanizmas\u0131 \u00f6\u011fretmeyi ama\u00e7lad\u0131k. Ailelerden ald\u0131\u011f\u0131m\u0131z geri bildirimlerle de olduk\u00e7a faydaland\u0131klar\u0131n\u0131 g\u00f6rd\u00fck&#8221; diye konu\u015ftu.<br \/>\nUzman Doktor Ayb\u00fcke Tu\u011f\u00e7e Mustan, 4 haftal\u0131k s\u00fcre\u00e7te, ailelere ve \u00e7ocuklara edindikleri bilgileri deneyimlemeleri i\u00e7in bir f\u0131rsat sunduklar\u0131ndan s\u00f6z ederek, tecr\u00fcbeler \u00fczerinden ilerlemenin \u00f6nemine vurgu yapt\u0131. Mustan, &#8220;B\u00f6ylece anne ve babalar \u00e7ocuklar\u0131n taraf\u0131ndan bakmaya; \u00e7ocuklar da anne babalar\u0131n taraf\u0131ndan bakmaya,  bunu tecr\u00fcbe ederken ortaya \u00e7\u0131kan sorunlarla ve bu sorunlar\u0131n \u00e7\u00f6z\u00fcm\u00fc ile beraber daha iyi ba\u015f etme becerileri kazand\u0131lar diye d\u00fc\u015f\u00fcn\u00fcyorum. Bu haftalar s\u0131ras\u0131nda daha fark\u0131ndal\u0131klar\u0131n\u0131n artt\u0131\u011f\u0131n\u0131 g\u00f6rebildik. Bu da biraz onlarda ba\u015f etme iste\u011fini, \u00e7abas\u0131n\u0131 art\u0131ran bir \u015fey oldu&#8221; dedi.<br \/>\nPsikolojik Dan\u0131\u015fmanl\u0131k ve Rehberlik \u00d6\u011fretmeni Burcu Ba\u011f\u0131\u015flay\u0131c\u0131 da \u00f6zellikle pandemi d\u00f6neminin ard\u0131ndan teknoloji konusundaki problemlerin gittik\u00e7e \u00e7o\u011fald\u0131\u011f\u0131n\u0131 anlatarak, &#8220;Bunun \u00e7\u00f6z\u00fcm\u00fcyle ilgili uzmanlar\u0131m\u0131zdan faydalanm\u0131\u015f olduk, yeni deneyimler kazanm\u0131\u015f olduk. \u00c7ok say\u0131da velimiz de kat\u0131ld\u0131. S\u00fcreci takip edece\u011fiz biz de. Olumlu sonu\u00e7lanaca\u011f\u0131n\u0131 d\u00fc\u015f\u00fcn\u00fcyorum&#8221; diye konu\u015ftu. Bir okulda psikolojik dan\u0131\u015fman olarak g\u00f6rev yapan Handan Hazar da B\u00fcy\u00fck\u015fehir Belediyesi&#8217;nin y\u00fcr\u00fctt\u00fc\u011f\u00fc bir\u00e7ok \u00e7al\u0131\u015fmaya kat\u0131ld\u0131klar\u0131n\u0131 anlatarak, &#8220;Velilerimiz ve hepimizin asl\u0131nda ihtiyac\u0131 olan konular\u0131 burada g\u00f6rd\u00fck. Faydas\u0131 olaca\u011f\u0131n\u0131 d\u00fc\u015f\u00fcn\u00fcyorum&#8221; dedi.<\/p>\n","protected":false},"excerpt":{"rendered":"<p>Mersin B\u00fcy\u00fck\u015fehir Belediyesi Engelliler ve Sa\u011fl\u0131k Hizmetleri Dairesi \u00f6nc\u00fcl\u00fc\u011f\u00fcnde ba\u015flat\u0131lan &#8216;\u00c7ocuklarda Bilin\u00e7li Ekran Kullan\u0131m\u0131 Projesi&#8217; tamamland\u0131. \u00c7ocuklarda teknoloji ba\u011f\u0131ml\u0131l\u0131\u011f\u0131 konusunda bilin\u00e7 ve fark\u0131ndal\u0131k olu\u015fturman\u0131n yan\u0131 s\u0131ra tedavi planlamak i\u00e7in hayata &hellip; <a href=\"https:\/\/akdenizolaygazetesi.com\/?p=18095\" class=\"more-link\">Devam\u0131n\u0131 Oku&#8230;<\/a><\/p>\n","protected":false},"author":2,"featured_media":18096,"comment_status":"open","ping_status":"open","sticky":false,"template":"","format":"standard","meta":[],"categories":[2,3,5],"tags":[],"_links":{"self":[{"href":"https:\/\/akdenizolaygazetesi.com\/index.php?rest_route=\/wp\/v2\/posts\/18095"}],"collection":[{"href":"https:\/\/akdenizolaygazetesi.com\/index.php?rest_route=\/wp\/v2\/posts"}],"about":[{"href":"https:\/\/akdenizolaygazetesi.com\/index.php?rest_route=\/wp\/v2\/types\/post"}],"author":[{"embeddable":true,"href":"https:\/\/akdenizolaygazetesi.com\/index.php?rest_route=\/wp\/v2\/users\/2"}],"replies":[{"embeddable":true,"href":"https:\/\/akdenizolaygazetesi.com\/index.php?rest_route=%2Fwp%2Fv2%2Fcomments&post=18095"}],"version-history":[{"count":1,"href":"https:\/\/akdenizolaygazetesi.com\/index.php?rest_route=\/wp\/v2\/posts\/18095\/revisions"}],"predecessor-version":[{"id":18097,"href":"https:\/\/akdenizolaygazetesi.com\/index.php?rest_route=\/wp\/v2\/posts\/18095\/revisions\/18097"}],"wp:featuredmedia":[{"embeddable":true,"href":"https:\/\/akdenizolaygazetesi.com\/index.php?rest_route=\/wp\/v2\/media\/18096"}],"wp:attachment":[{"href":"https:\/\/akdenizolaygazetesi.com\/index.php?rest_route=%2Fwp%2Fv2%2Fmedia&parent=18095"}],"wp:term":[{"taxonomy":"category","embeddable":true,"href":"https:\/\/akdenizolaygazetesi.com\/index.php?rest_route=%2Fwp%2Fv2%2Fcategories&post=18095"},{"taxonomy":"post_tag","embeddable":true,"href":"https:\/\/akdenizolaygazetesi.com\/index.php?rest_route=%2Fwp%2Fv2%2Ftags&post=18095"}],"curies":[{"name":"wp","href":"https:\/\/api.w.org\/{rel}","templated":true}]}}