{"id":18098,"date":"2022-04-21T10:22:28","date_gmt":"2022-04-21T07:22:28","guid":{"rendered":"http:\/\/akdenizolaygazetesi.com\/?p=18098"},"modified":"2022-04-21T10:22:28","modified_gmt":"2022-04-21T07:22:28","slug":"turk-bayraklariyla-suslenen-kreste-minikler-23-nisan-coskusunu-yasadi","status":"publish","type":"post","link":"https:\/\/akdenizolaygazetesi.com\/?p=18098","title":{"rendered":"T\u00dcRK BAYRAKLARIYLA S\u00dcSLENEN KRE\u015eTE M\u0130N\u0130KLER 23 N\u0130SAN CO\u015eKUSUNU YA\u015eADI"},"content":{"rendered":"<p>Mersin B\u00fcy\u00fck\u015fehir Belediyesi&#8217;nin Toptanc\u0131 Hal Kompleksi&#8217;nde yer alan M\u00fcnir \u00d6zkul Kre\u015fi&#8217;nde &#8217;23 Nisan Ulusal Egemenlik ve \u00c7ocuk Bayram\u0131&#8217; co\u015fkusu ya\u015fand\u0131. 23 Nisan Ulusal Egemenlik ve \u00c7ocuk Bayram\u0131&#8217;n\u0131n 102. y\u0131l d\u00f6n\u00fcm\u00fc kapsam\u0131nda ger\u00e7ekle\u015ftirilen kutlama program\u0131nda, T\u00fcrk bayraklar\u0131 ile donat\u0131lan kre\u015fte minikler \u015fark\u0131lar\u0131n\u0131 s\u00f6yleyip, dans g\u00f6sterisi yapt\u0131.<br \/>\nKad\u0131n ve Aile Hizmetleri Dairesi \u00f6nc\u00fcl\u00fc\u011f\u00fcnde d\u00fczenlenen kutlama program\u0131 kapsam\u0131nda, M\u00fcnir \u00d6zkul Kre\u015fi ile Adile Teyze Kre\u015fi \u00f6\u011frencileri hep birlikte g\u00f6sterilerini sergiledi. Minikleri izleyenler aras\u0131nda; Kad\u0131n ve Aile Hizmetleri Dairesi Ba\u015fkan\u0131 \u015eerife Haso\u011flu Dokucu ve aileler de yer ald\u0131.<br \/>\nProgram kapsam\u0131nda \u015fiir okuyan ve &#8216;Fly Project-Toca Toca&#8217; \u015fark\u0131s\u0131 e\u015fli\u011finde dans g\u00f6sterisi yapan minikler, &#8217;10.Y\u0131l Mar\u015f\u0131&#8217; ve &#8216;Hayat Bayram Olsa&#8217; \u015fark\u0131lar\u0131 e\u015fli\u011finde de y\u00fcr\u00fcy\u00fc\u015f ger\u00e7ekle\u015ftirdi. Program, an\u0131 k\u00f6\u015fesinde foto\u011fraf \u00e7ekimi ile sona erdi.<br \/>\n&#8220;Atat\u00fcrk&#8217;\u00fcn t\u00fcm d\u00fcnya \u00e7ocuklar\u0131na arma\u011fan etti\u011fi bayram\u0131n 102. y\u0131l\u0131n\u0131 kutluyoruz&#8221;<br \/>\nB\u00fcy\u00fck\u015fehir Belediyesi \u00c7ocuk Geli\u015fim Merkezleri E\u011fitim Koordinat\u00f6r\u00fc \u00d6zlem Tan\u0131\u015f\u0131k, kutlama program\u0131 hakk\u0131nda, &#8220;Bug\u00fcn \u00e7ocuklar\u0131m\u0131z ve velilerimizle birlikte Mustafa Kemal Atat\u00fcrk&#8217;\u00fcn t\u00fcm d\u00fcnya \u00e7ocuklar\u0131na arma\u011fan etti\u011fi bayram\u0131n 102. y\u0131l\u0131n\u0131 co\u015fku ile kutluyoruz. \u00c7ocuklar\u0131m\u0131z dans ettiler, g\u00f6n\u00fcllerince \u015fark\u0131lar\u0131n\u0131 s\u00f6ylediler, e\u011flenerek vakit ge\u00e7irdiler. Keyifli bir \u015fekilde program\u0131m\u0131z\u0131 tamaml\u0131yoruz&#8221; dedi.<br \/>\n&#8220;\u00c7ocu\u011fumun ilk etkinli\u011fi, \u00e7ok duyguland\u0131m&#8221;<br \/>\n\u00c7ocu\u011funun Adile Teyze Kre\u015fi&#8217;nde e\u011fitim g\u00f6rd\u00fc\u011f\u00fcn\u00fc anlatan Duygu Demir, &#8220;\u00c7ocu\u011fumun ilk etkinli\u011fi. \u00c7ok duyguland\u0131m, ilk ba\u015fta \u00e7ok a\u011flad\u0131m. \u00c7ok g\u00fczel, \u00e7ok verimli ge\u00e7ti, \u00e7ok memnun kald\u0131k. \u00d6\u011fretmenlerimiz \u00e7ok g\u00fczel ilgilendi. \u00c7ok mutluyum ve o\u011flumun ilk dedi\u011fi kelime Atat\u00fcrk&#8217;t\u00fc. O kadar seviyoruz. Bizim i\u00e7imizde yeri her zaman farkl\u0131. \u00c7ocuklar\u0131m\u0131za da \u00f6yle a\u015f\u0131l\u0131yoruz&#8221; diye konu\u015ftu.<br \/>\nAnne Merve Ye\u015filot da etkinlik i\u00e7in \u00e7ok heyecanl\u0131 oldu\u011funu aktar\u0131rken, &#8220;Bizim bu ikinci deneyimimiz. Daha \u00f6nce de 29 Ekim&#8217;i burada kutlam\u0131\u015ft\u0131k. \u00c7ok mutluyuz. G\u00fczel bir etkinlik oldu \u00e7ocuklar\u0131m\u0131z ad\u0131na. Duyguland\u0131k. \u00c7ocuklar \u015fiir okudular, \u00e7ok g\u00fczel e\u011flendiler. Onlar da mutluydu, biz de mutluyduk&#8221; dedi.<br \/>\n&#8220;\u00c7ocuklar\u0131m\u0131z e\u011flendi, \u00f6nemli olan da o&#8221;<br \/>\nVelilerden Bet\u00fcl Zirek, kre\u015fin sundu\u011fu e\u011fitim ve olanaklardan son derece memnun olduklar\u0131n\u0131 belirterek, &#8220;Buras\u0131 hem \u00e7ocu\u011fumuzu g\u00fcvenle b\u0131rakabilece\u011fimiz hem de \u00e7ok g\u00fczel etkinlikleri olan bir yer. \u00c7ok g\u00fczel etkinlikler yap\u0131yorlar. \u00d6\u011fretmenlerimiz sa\u011f olsun elinden geleni yap\u0131yorlar. Biz \u00e7ocuklar\u0131m\u0131z\u0131 g\u00f6n\u00fcl rahatl\u0131\u011f\u0131yla buraya b\u0131rak\u0131yoruz. B\u00f6yle bir yer oldu\u011fu i\u00e7in \u00e7ok mutluyuz ve di\u011fer aileler de eminim \u00e7ok mutlu. Bug\u00fcnk\u00fc etkinlik \u00e7ok g\u00fczeldi. \u00d6zellikle \u00e7ocuklar\u0131m\u0131z e\u011flendi, \u00f6nemli olan da o&#8221; diye konu\u015ftu.<br \/>\n&#8220;K\u0131z\u0131m\u0131 izlerken sanki onunla birlikte ben de \u00e7ocuk oldum&#8221;<br \/>\nBaba Osman Er de k\u0131z\u0131 Simay&#8217;\u0131 izlemeye geldi\u011fini s\u00f6yleyerek, &#8220;K\u0131z\u0131m\u0131 izlerken k\u00fc\u00e7\u00fckl\u00fc\u011f\u00fcme gittim, sanki onunla birlikte ben de \u00e7ocuk oldum, g\u00fczel duygular ya\u015fad\u0131m, e\u011flendim k\u0131z\u0131mla. Onlarla co\u015fkulu olmak, 23 Nisan sevincini ya\u015famak harika ve \u00e7ok g\u00fczel bir duygu. Te\u015fekk\u00fcr ediyorum etkinli\u011fi haz\u0131rlayan herkese, b\u00fct\u00fcn \u00f6\u011fretmenlerime. Hepsine ayr\u0131 ayr\u0131 \u015f\u00fckranlar\u0131m\u0131 sunuyorum&#8221; ifadelerine yer verdi.<br \/>\nMiniklerden Hiray Kurt ise &#8220;Bug\u00fcn burada 23 Nisan&#8217;\u0131 kutluyoruz. 23 Nisan \u00e7ocuklar\u0131n bayram\u0131. Etkinlikler, boyamalar yapt\u0131m. Bug\u00fcn \u00e7ok mutluyum&#8221; dedi.<\/p>\n","protected":false},"excerpt":{"rendered":"<p>Mersin B\u00fcy\u00fck\u015fehir Belediyesi&#8217;nin Toptanc\u0131 Hal Kompleksi&#8217;nde yer alan M\u00fcnir \u00d6zkul Kre\u015fi&#8217;nde &#8217;23 Nisan Ulusal Egemenlik ve \u00c7ocuk Bayram\u0131&#8217; co\u015fkusu ya\u015fand\u0131. 23 Nisan Ulusal Egemenlik ve \u00c7ocuk Bayram\u0131&#8217;n\u0131n 102. y\u0131l d\u00f6n\u00fcm\u00fc &hellip; <a href=\"https:\/\/akdenizolaygazetesi.com\/?p=18098\" class=\"more-link\">Devam\u0131n\u0131 Oku&#8230;<\/a><\/p>\n","protected":false},"author":2,"featured_media":18099,"comment_status":"open","ping_status":"open","sticky":false,"template":"","format":"standard","meta":[],"categories":[1,2,3],"tags":[],"_links":{"self":[{"href":"https:\/\/akdenizolaygazetesi.com\/index.php?rest_route=\/wp\/v2\/posts\/18098"}],"collection":[{"href":"https:\/\/akdenizolaygazetesi.com\/index.php?rest_route=\/wp\/v2\/posts"}],"about":[{"href":"https:\/\/akdenizolaygazetesi.com\/index.php?rest_route=\/wp\/v2\/types\/post"}],"author":[{"embeddable":true,"href":"https:\/\/akdenizolaygazetesi.com\/index.php?rest_route=\/wp\/v2\/users\/2"}],"replies":[{"embeddable":true,"href":"https:\/\/akdenizolaygazetesi.com\/index.php?rest_route=%2Fwp%2Fv2%2Fcomments&post=18098"}],"version-history":[{"count":1,"href":"https:\/\/akdenizolaygazetesi.com\/index.php?rest_route=\/wp\/v2\/posts\/18098\/revisions"}],"predecessor-version":[{"id":18100,"href":"https:\/\/akdenizolaygazetesi.com\/index.php?rest_route=\/wp\/v2\/posts\/18098\/revisions\/18100"}],"wp:featuredmedia":[{"embeddable":true,"href":"https:\/\/akdenizolaygazetesi.com\/index.php?rest_route=\/wp\/v2\/media\/18099"}],"wp:attachment":[{"href":"https:\/\/akdenizolaygazetesi.com\/index.php?rest_route=%2Fwp%2Fv2%2Fmedia&parent=18098"}],"wp:term":[{"taxonomy":"category","embeddable":true,"href":"https:\/\/akdenizolaygazetesi.com\/index.php?rest_route=%2Fwp%2Fv2%2Fcategories&post=18098"},{"taxonomy":"post_tag","embeddable":true,"href":"https:\/\/akdenizolaygazetesi.com\/index.php?rest_route=%2Fwp%2Fv2%2Ftags&post=18098"}],"curies":[{"name":"wp","href":"https:\/\/api.w.org\/{rel}","templated":true}]}}