{"id":1810,"date":"2020-11-04T18:22:21","date_gmt":"2020-11-04T15:22:21","guid":{"rendered":"http:\/\/mersinekonomipolitikagazetesi.com\/?p=1810"},"modified":"2020-11-04T18:22:21","modified_gmt":"2020-11-04T15:22:21","slug":"baskan-kiziltan-secimden-sonra-herkes-isine-gucune-bakmali","status":"publish","type":"post","link":"https:\/\/akdenizolaygazetesi.com\/?p=1810","title":{"rendered":"Ba\u015fkan K\u0131z\u0131ltan: &#8220;Se\u00e7imden sonra herkes i\u015fine g\u00fcc\u00fcne bakmal\u0131&#8221;"},"content":{"rendered":"<p>Mersin Ticaret ve Sanayi Odas\u0131 (MTSO) Ba\u015fkan\u0131 Ayhan K\u0131z\u0131ltan, se\u00e7im ortamlar\u0131na al\u0131\u015ft\u0131klar\u0131n\u0131 belirterek, &#8220;Art\u0131k se\u00e7imler olsun ve bitsin ki hepimiz \u00f6n\u00fcm\u00fcze bakal\u0131m. Se\u00e7im bitsin ki T\u00fcrkiye \u00f6n\u00fcn\u00fc g\u00f6rebilsin, herkes hedeflere y\u00f6nelsin. Se\u00e7imin ard\u0131ndan herkes i\u015fine g\u00fcc\u00fcne bakmal\u0131&#8221; dedi.<\/p>\n<p><span style=\"font-size:16px;\"><span style=\"font-family: sans-serif; line-height: 20px; text-align: justify; background-color: rgb(242, 244, 245);\">MTSO Bakan\u0131 K\u0131z\u0131ltan, erken se\u00e7imle ilgili g\u00f6r\u00fc\u015flerini \u0130HA muhabirine anlatt\u0131.\u00a0<\/span><br style=\"box-sizing: border-box; font-family: sans-serif; font-size: 14px; line-height: 20px; text-align: justify; background-color: rgb(242, 244, 245);\" \/><br \/>\n<span style=\"font-family: sans-serif; line-height: 20px; text-align: justify; background-color: rgb(242, 244, 245);\">K\u0131z\u0131ltan, se\u00e7im ortamlar\u0131na al\u0131\u015ft\u0131klar\u0131n\u0131 ifade ederek, y\u0131llard\u0131r hep se\u00e7im ortam\u0131nda olduklar\u0131n\u0131 kaydetti. Bu ortamlar\u0131 i\u015f d\u00fcnyas\u0131 olarak bildiklerini vurgulayan K\u0131z\u0131ltan, &#8220;Erken se\u00e7im asl\u0131nda hem s\u00fcrpriz oldu hem de s\u00fcrpriz olmad\u0131. Zaten genel se\u00e7im g\u00fcndeme gelmeseydi bile belediye se\u00e7imleri oldu\u011fu i\u00e7in yine bir se\u00e7im d\u00f6nemi olacakt\u0131. Herkes belediye ba\u015fkanl\u0131\u011f\u0131 i\u00e7in aday adaylar\u0131 \u00e7\u0131kacakt\u0131, sonra adaylar olacakt\u0131. Ama yerelden \u00f6nce genel se\u00e7imler gelince bu sefer belediye se\u00e7imleri i\u00e7in \u00e7al\u0131\u015fanlar\u0131n durumu muamma oldu. \u0130\u015f d\u00fcnyas\u0131 olarak beklentimiz art\u0131k bu siyasi \u00e7eki\u015fmelerden kurtulal\u0131m. Art\u0131k se\u00e7imler olsun ve bitsin ki hepimiz \u00f6n\u00fcm\u00fcze bakal\u0131m. Art\u0131k herkes her \u015feyi g\u00f6r\u00fcyor, biliyor. Biz de art\u0131k bu siyasi \u00e7eki\u015fmelerimizi bitirelim. Se\u00e7imden sonra herkes i\u015fine, g\u00fcc\u00fcne baks\u0131n. T\u00fcrkiye \u00f6n\u00fcn\u00fc g\u00f6rebilsin. Herkes hedeflere y\u00f6nelsin. \u0130\u015f d\u00fcnyas\u0131 her \u015feye ra\u011fmen y\u0131llardan beri elinden geleni yap\u0131yor. \u00d6zel sekt\u00f6r \u00e7ok b\u00fcy\u00fck geli\u015fme g\u00f6steriyor. T\u00fcrkiyeyi ayakta tutabilen bir \u00f6zel sekt\u00f6r var. Biz bunun daha \u00e7ok kuvvetlendirilmesini, g\u00fc\u00e7lendirilmesini istiyoruz. Daha huzurlu bir ortamda hepimizin i\u015flerine, g\u00fc\u00e7lerine odaklanmas\u0131n\u0131 bekliyoruz. Se\u00e7imde yar\u0131\u015facak t\u00fcm siyasi partilere, adaylara ba\u015far\u0131lar diliyorum&#8221; diye konu\u015ftu.\u00a0<\/span><br style=\"box-sizing: border-box; font-family: sans-serif; font-size: 14px; line-height: 20px; text-align: justify; background-color: rgb(242, 244, 245);\" \/><br \/>\n<span style=\"font-family: sans-serif; line-height: 20px; text-align: justify; background-color: rgb(242, 244, 245);\">Dolar\u0131n y\u00fckselmesinin farkl\u0131 nedenleri oldu\u011funun alt\u0131n\u0131 \u00e7izen K\u0131z\u0131ltan, &#8220;Bu dolar art\u0131\u015f\u0131 evet bizim i\u00e7 olaylar\u0131m\u0131za da ba\u011fl\u0131 ama daha \u00e7ok d\u0131\u015f g\u00fc\u00e7lerin etkisi var. Biz \u00fcretimimizi art\u0131r\u0131rsak, yeni pazarlar elde edersek, yeni pazarlara ula\u015f\u0131rsak dolar\u0131n art\u0131\u015f\u0131n\u0131n da \u00f6n\u00fc kesilir. Yani biz e\u011fer gelirlerimizi art\u0131r\u0131rsak, her \u015fey d\u00fczelir. Biz kendi i\u00e7imize odaklanmal\u0131y\u0131z. Biz i\u015fimizi yapt\u0131\u011f\u0131m\u0131z s\u00fcrece, ihracat yapt\u0131\u011f\u0131m\u0131z m\u00fcddet\u00e7e her sorunu \u00e7\u00f6zeriz. D\u0131\u015far\u0131dan para geldi\u011fi s\u00fcrece dolar hep d\u00fc\u015fecektir&#8221; ifadelerini kulland\u0131.\u00a0<\/span><\/span><\/p>\n","protected":false},"excerpt":{"rendered":"<p>Mersin Ticaret ve Sanayi Odas\u0131 (MTSO) Ba\u015fkan\u0131 Ayhan K\u0131z\u0131ltan, se\u00e7im ortamlar\u0131na al\u0131\u015ft\u0131klar\u0131n\u0131 belirterek, &#8220;Art\u0131k se\u00e7imler olsun ve bitsin ki hepimiz \u00f6n\u00fcm\u00fcze bakal\u0131m. Se\u00e7im bitsin ki T\u00fcrkiye \u00f6n\u00fcn\u00fc g\u00f6rebilsin, herkes hedeflere &hellip; <a href=\"https:\/\/akdenizolaygazetesi.com\/?p=1810\" class=\"more-link\">Devam\u0131n\u0131 Oku&#8230;<\/a><\/p>\n","protected":false},"author":1,"featured_media":0,"comment_status":"open","ping_status":"open","sticky":false,"template":"","format":"standard","meta":[],"categories":[],"tags":[],"_links":{"self":[{"href":"https:\/\/akdenizolaygazetesi.com\/index.php?rest_route=\/wp\/v2\/posts\/1810"}],"collection":[{"href":"https:\/\/akdenizolaygazetesi.com\/index.php?rest_route=\/wp\/v2\/posts"}],"about":[{"href":"https:\/\/akdenizolaygazetesi.com\/index.php?rest_route=\/wp\/v2\/types\/post"}],"author":[{"embeddable":true,"href":"https:\/\/akdenizolaygazetesi.com\/index.php?rest_route=\/wp\/v2\/users\/1"}],"replies":[{"embeddable":true,"href":"https:\/\/akdenizolaygazetesi.com\/index.php?rest_route=%2Fwp%2Fv2%2Fcomments&post=1810"}],"version-history":[{"count":0,"href":"https:\/\/akdenizolaygazetesi.com\/index.php?rest_route=\/wp\/v2\/posts\/1810\/revisions"}],"wp:attachment":[{"href":"https:\/\/akdenizolaygazetesi.com\/index.php?rest_route=%2Fwp%2Fv2%2Fmedia&parent=1810"}],"wp:term":[{"taxonomy":"category","embeddable":true,"href":"https:\/\/akdenizolaygazetesi.com\/index.php?rest_route=%2Fwp%2Fv2%2Fcategories&post=1810"},{"taxonomy":"post_tag","embeddable":true,"href":"https:\/\/akdenizolaygazetesi.com\/index.php?rest_route=%2Fwp%2Fv2%2Ftags&post=1810"}],"curies":[{"name":"wp","href":"https:\/\/api.w.org\/{rel}","templated":true}]}}