{"id":18104,"date":"2022-04-21T14:02:59","date_gmt":"2022-04-21T11:02:59","guid":{"rendered":"http:\/\/akdenizolaygazetesi.com\/?p=18104"},"modified":"2022-04-21T14:02:59","modified_gmt":"2022-04-21T11:02:59","slug":"akdeniz-20-sira-birden-yukseldi","status":"publish","type":"post","link":"https:\/\/akdenizolaygazetesi.com\/?p=18104","title":{"rendered":"&#8220;AKDEN\u0130Z 20 SIRA B\u0130RDEN Y\u00dcKSELD\u0130&#8221;"},"content":{"rendered":"<p>Ba\u015fkan G\u00fcltak, il\u00e7e s\u0131n\u0131rlar\u0131 i\u00e7erisinde g\u00f6rev yapan muhtarlar\u0131 iftar sofras\u0131nda a\u011f\u0131rlad\u0131. Belediyenin y\u00fckl\u00fc bor\u00e7lar\u0131 oldu\u011funa bir kez daha vurgu yapan Ba\u015fkan G\u00fcltak; &#8220;Bu borcu ben yapmad\u0131m; bunu da ispatlad\u0131m. Zorluklar i\u00e7indeyiz ama sorun de\u011fil. Buras\u0131 a\u011flama yeri de\u011fil, i\u015f yapma yeridir. Hizmet vermeye devam edece\u011fiz &#8221; dedi.<br \/>\nAkdeniz Belediye Ba\u015fkan\u0131 Mustafa G\u00fcltak, Ramazan Ay\u0131 dolay\u0131s\u0131yla il\u00e7e s\u0131n\u0131rlar\u0131 i\u00e7erisinde g\u00f6rev yapan muhtarlar\u0131 iftar sofras\u0131nda a\u011f\u0131rlad\u0131. Ramazan Ay\u0131 vesilesi ile bir araya gelmenin mutlulu\u011funu ya\u015fad\u0131\u011f\u0131n\u0131 dile getiren Ba\u015fkan G\u00fcltak, &#8220;\u0130n\u015fallah bayramda da sa\u011fl\u0131kl\u0131 bir \u015fekilde hep bir arada oluruz&#8221; diye konu\u015ftu.<br \/>\n&#8220;AKDEN\u0130Z 20 SIRA B\u0130RDEN Y\u00dcKSELD\u0130&#8221;<br \/>\nAkdeniz&#8217;de g\u00f6rev yapan muhtarlar\u0131n destekleri ile il\u00e7ede \u00e7ok g\u00fczel \u015feylerin oldu\u011funa vurgu yapan Ba\u015fkan G\u00fcltak, &#8220;Sanayi ve Teknoloji Bakanl\u0131\u011f\u0131m\u0131z\u0131n d\u00fczenli yapt\u0131\u011f\u0131 \u00e7al\u0131\u015fmalar var. Bunlardan  biri de 56 farkl\u0131 parametrenin oldu\u011fu bir \u00e7al\u0131\u015fmad\u0131r. Bunun sonras\u0131nda il\u00e7eler aras\u0131nda s\u0131ralama yap\u0131yorlar. 2017 y\u0131l\u0131nda Akdeniz il\u00e7esi T\u00fcrkiye&#8217;de 123. s\u0131radaym\u0131\u015f. 2022 sonucunda 103. s\u0131raya y\u00fckselmi\u015ftir. 20 s\u0131ra birden yukar\u0131 \u00e7\u0131kt\u0131. Bu il\u00e7e bu kadar k\u0131sa s\u00fcrede y\u00fckseli\u015f g\u00f6sterdi. Birinci il\u00e7emiz 49. s\u0131radaki Yeni\u015fehir&#8217;dir. Sonras\u0131nda Akdeniz olarak biz geliyoruz. \u015eimdi herkes bir \u015feyler s\u00f6yl\u00fcyor. Siyaset\u00e7inin i\u015fi budur. Ben size Sanayi ve Teknoloji Bakanl\u0131\u011f\u0131m\u0131z\u0131n yapt\u0131\u011f\u0131 \u00e7al\u0131\u015fmay\u0131 s\u00f6yl\u00fcyorum&#8221; ifadelerini kulland\u0131.<br \/>\n&#8220;HIZIMIZI KESMEK \u0130STEYENLER VAR; KESEMEYECEKLER&#8221;<br \/>\nAkdeniz&#8217;de bar\u0131\u015f ve karde\u015fli\u011fi sa\u011flad\u0131klar\u0131n\u0131n alt\u0131n\u0131 \u00e7izen Ba\u015fkan Mustafa G\u00fcltak, &#8220;Hizmetlerimize de kald\u0131\u011f\u0131m\u0131z yerden her \u015feye ra\u011fmen devam edece\u011fiz. H\u0131z\u0131m\u0131z\u0131 kesmek isteyenler var. Kesemeyecekler. Bug\u00fcne kadar belediyenin imkanlar\u0131 ile \u00e7ok az \u015feyler yapabildik. \u00d6rne\u011fin bu ay yine \u0130ller Bankas\u0131&#8217;ndan gelen para maa\u015f\u0131 \u00f6demiyor. \u00dcst\u00fcne yine para koyup maa\u015flar\u0131 \u00f6deyece\u011fiz. Bug\u00fcne kadar ben her \u015feyi net konu\u015ftum. Rakamlar ortada. Bug\u00fcne kadar kimseyi yan\u0131ltmad\u0131m&#8221; \u015feklinde konu\u015ftu.<br \/>\n&#8220;BURASI A\u011eLAMA YER\u0130 DE\u011e\u0130L \u0130\u015e YAPMA YER\u0130D\u0130R&#8221;<br \/>\nAkdeniz Belediyesi olarak zorluklar i\u00e7inde olduklar\u0131n\u0131 dile getiren Ba\u015fkan G\u00fcltak, &#8220;Bu sorun de\u011fil. \u00c7\u00fcnk\u00fc buras\u0131 a\u011flama yeri de\u011fil, i\u015f yapma yeridir. Kimse Mustafa G\u00fcltak&#8217;a &#8216;Gel karde\u015fim bor\u00e7 bata\u011f\u0131 i\u00e7indeki belediyeyi y\u00f6net&#8217; demedi. Ben buraya bilerek geldim. \u0130\u015f yapmak zorunda oldu\u011fumuz gibi bunlar\u0131 da insanlara anlatmak zorunday\u0131z. Bu borcu ben yapmad\u0131m; bunu da ispatlad\u0131m. Buna ra\u011fmen hizmet vermeye \u00e7ok \u015f\u00fck\u00fcr devam ediyoruz. \u0130n\u015fallah Akdeniz, sizlerin sayesinde, sizlerin \u00e7al\u0131\u015fmas\u0131 ile daha da iyi yerlere gelecek&#8221; dedi.<br \/>\nAkdeniz il\u00e7e s\u0131n\u0131rlar\u0131 i\u00e7erisinde g\u00f6rev yapan muhtarlar da Ba\u015fkan Mustafa G\u00fcltak&#8217;a te\u015fekk\u00fcrlerini ileterek, Akdeniz il\u00e7esini ve mahalleleri de\u011fi\u015ftiren hizmet ve projelerin devam\u0131n\u0131 beklediklerini dile getirdiler.<\/p>\n","protected":false},"excerpt":{"rendered":"<p>Ba\u015fkan G\u00fcltak, il\u00e7e s\u0131n\u0131rlar\u0131 i\u00e7erisinde g\u00f6rev yapan muhtarlar\u0131 iftar sofras\u0131nda a\u011f\u0131rlad\u0131. Belediyenin y\u00fckl\u00fc bor\u00e7lar\u0131 oldu\u011funa bir kez daha vurgu yapan Ba\u015fkan G\u00fcltak; &#8220;Bu borcu ben yapmad\u0131m; bunu da ispatlad\u0131m. Zorluklar &hellip; <a href=\"https:\/\/akdenizolaygazetesi.com\/?p=18104\" class=\"more-link\">Devam\u0131n\u0131 Oku&#8230;<\/a><\/p>\n","protected":false},"author":2,"featured_media":18105,"comment_status":"open","ping_status":"open","sticky":false,"template":"","format":"standard","meta":[],"categories":[1,3],"tags":[],"_links":{"self":[{"href":"https:\/\/akdenizolaygazetesi.com\/index.php?rest_route=\/wp\/v2\/posts\/18104"}],"collection":[{"href":"https:\/\/akdenizolaygazetesi.com\/index.php?rest_route=\/wp\/v2\/posts"}],"about":[{"href":"https:\/\/akdenizolaygazetesi.com\/index.php?rest_route=\/wp\/v2\/types\/post"}],"author":[{"embeddable":true,"href":"https:\/\/akdenizolaygazetesi.com\/index.php?rest_route=\/wp\/v2\/users\/2"}],"replies":[{"embeddable":true,"href":"https:\/\/akdenizolaygazetesi.com\/index.php?rest_route=%2Fwp%2Fv2%2Fcomments&post=18104"}],"version-history":[{"count":1,"href":"https:\/\/akdenizolaygazetesi.com\/index.php?rest_route=\/wp\/v2\/posts\/18104\/revisions"}],"predecessor-version":[{"id":18106,"href":"https:\/\/akdenizolaygazetesi.com\/index.php?rest_route=\/wp\/v2\/posts\/18104\/revisions\/18106"}],"wp:featuredmedia":[{"embeddable":true,"href":"https:\/\/akdenizolaygazetesi.com\/index.php?rest_route=\/wp\/v2\/media\/18105"}],"wp:attachment":[{"href":"https:\/\/akdenizolaygazetesi.com\/index.php?rest_route=%2Fwp%2Fv2%2Fmedia&parent=18104"}],"wp:term":[{"taxonomy":"category","embeddable":true,"href":"https:\/\/akdenizolaygazetesi.com\/index.php?rest_route=%2Fwp%2Fv2%2Fcategories&post=18104"},{"taxonomy":"post_tag","embeddable":true,"href":"https:\/\/akdenizolaygazetesi.com\/index.php?rest_route=%2Fwp%2Fv2%2Ftags&post=18104"}],"curies":[{"name":"wp","href":"https:\/\/api.w.org\/{rel}","templated":true}]}}