{"id":18107,"date":"2022-04-21T14:04:54","date_gmt":"2022-04-21T11:04:54","guid":{"rendered":"http:\/\/akdenizolaygazetesi.com\/?p=18107"},"modified":"2022-04-21T14:04:54","modified_gmt":"2022-04-21T11:04:54","slug":"baskan-yilmaz-kulturel-degerlerimizi-gelecek-nesillere-aktariyoruz","status":"publish","type":"post","link":"https:\/\/akdenizolaygazetesi.com\/?p=18107","title":{"rendered":"Ba\u015fkan Y\u0131lmaz; &#8220;K\u00fclt\u00fcrel De\u011ferlerimizi, Gelecek Nesillere Aktar\u0131yoruz&#8221;"},"content":{"rendered":"<p>Ba\u015fkan Y\u0131lmaz; &#8220;Ba\u015fta e\u011fitim olmak \u00fczere; sa\u011fl\u0131k, spor ve sanat alanlar\u0131nda yanlar\u0131nda oldu\u011fumuz \u00e7ocuklar\u0131m\u0131z\u0131n, milli de\u011ferlerine ba\u011fl\u0131 ve gelece\u011fe \u00fcmitle bakan nesiller olarak yeti\u015fmesi i\u00e7in de var g\u00fcc\u00fcm\u00fczle \u00e7al\u0131\u015fmaya devam edece\u011fiz&#8221; dedi.<\/p>\n<p>Toroslar Belediyesi, 23 Nisan Ulusal Egemenlik ve \u00c7ocuk Bayram\u0131&#8217;n\u0131 bu y\u0131l da b\u00fcy\u00fck bir co\u015fku ile birlik ve beraberlik i\u00e7inde kutlayacak. Belediye, 23 Nisan Gezici Bayram T\u0131r\u0131 ile \u00e7ocuklar\u0131n ne\u015fesine ne\u015fe katacak.<\/p>\n<p>Toroslar Belediye Ba\u015fkan\u0131 Ats\u0131z Af\u015f\u0131n Y\u0131lmaz, 23 Nisan Ulusal Egemenlik ve \u00c7ocuk Bayram\u0131&#8217;n\u0131n ve T\u00fcrkiye B\u00fcy\u00fck Millet Meclisi&#8217;nin (TBMM) a\u00e7\u0131l\u0131\u015f\u0131n\u0131n 102&#8217;nci y\u0131l d\u00f6n\u00fcm\u00fcn\u00fc kutlad\u0131.<\/p>\n<p>&#8220;Egemenlik kay\u0131ts\u0131z, \u015farts\u0131z milletindir&#8221; ilkesinin varolu\u015f temelini olu\u015fturan TBMM&#8217;nin kurulu\u015funun, T\u00fcrk milleti i\u00e7in bir d\u00f6n\u00fcm noktas\u0131 oldu\u011funu belirten Ba\u015fkan Y\u0131lmaz, t\u00fcm \u00e7ocuklara seslenerek; &#8220;Sevgili \u00e7ocuklar; Ulu \u00d6nderimiz Gazi Mustafa Kemal Atat\u00fcrk, milli egemenli\u011fimizin simgesi olan meclisimizin kurulu\u015f g\u00fcn\u00fcn\u00fc, egemenli\u011fimizi sonsuza dek koruyacak olan sizlere arma\u011fan etti. Sizler, her \u015feyin en iyisine, en g\u00fczeline lay\u0131ks\u0131n\u0131z. Sizlerin y\u00fczleri g\u00fcl\u00fcnce biz de mutlu oluyoruz. Sizlere g\u00fcvenimiz tam&#8221; diye konu\u015ftu.<\/p>\n<p>Ba\u015fkan Y\u0131lmaz; &#8220;K\u00fclt\u00fcrel De\u011ferlerimizi, Gelecek Nesillere Aktar\u0131yoruz&#8221;<\/p>\n<p>K\u00fclt\u00fcrel de\u011ferleri ya\u015fatman\u0131n ve bu de\u011ferleri gelecek nesillere aktarman\u0131n \u00f6nemine de\u011finen Ba\u015fkan Y\u0131lmaz; &#8220;Bu de\u011ferlerimizden biri de Ramazan ay\u0131nda geleneksel olarak d\u00fczenledi\u011fimiz iftar sofralar\u0131m\u0131z ve Ramazan Panay\u0131r\u0131m\u0131z. \u00c7ocuklar\u0131m\u0131z\u0131 unutulmaya y\u00fcz tutmu\u015f Ramazan e\u011flenceleriyle bulu\u015fturuyoruz. \u00c7ocuklar\u0131m\u0131z\u0131n hat\u0131ralar\u0131nda Hacivat-Karag\u00f6z&#8217;\u00fc, Meddah&#8217;\u0131 da an\u0131msamalar\u0131n\u0131 istiyoruz&#8221; ifadelerini kulland\u0131.<\/p>\n<p>&#8220;Toroslar Gezici Bayram T\u0131r\u0131, 23 Nisan&#8217;a Haz\u0131r&#8221;<\/p>\n<p>23 Nisan Cumartesi g\u00fcn\u00fc haz\u0131rlad\u0131klar\u0131 Gezici Bayram T\u0131r\u0131 ile kutlamalara bu y\u0131l da renk katacaklar\u0131n\u0131 s\u00f6yleyen Ba\u015fkan Y\u0131lmaz; &#8220;\u0130l\u00e7emizin t\u00fcm sokaklar\u0131n\u0131 mar\u015flar ve \u00e7ocuk \u015fark\u0131lar\u0131 e\u015fli\u011finde gezecek olan Bayram T\u0131r\u0131m\u0131z\u0131,  t\u00fcm \u00e7ocuklar\u0131m\u0131zla bulu\u015fturaca\u011f\u0131z. Biz de \u00e7ocuklar\u0131m\u0131zla bu \u00f6zel g\u00fcnde beraber olaca\u011f\u0131z. \u00c7ocuklar\u0131m\u0131z\u0131n ne\u015fesi, co\u015fkusu ve enerjisi meydanlar\u0131 ve sokaklar\u0131m\u0131z\u0131 s\u00fcsleyecek. T\u00fcm \u00e7ocuklar\u0131m\u0131z\u0131n 23 Nisan Ulusal Egemenlik ve \u00c7ocuk Bayram\u0131&#8217;n\u0131 kutluyor, bu duygu ve d\u00fc\u015f\u00fcncelerle Cumhuriyetimizin Kurucusu Ulu \u00d6nderimiz Gazi Mustafa Kemal Atat\u00fcrk ve silah arkada\u015flar\u0131 olmak \u00fczere \u00fclkemizin b\u00f6l\u00fcnmez b\u00fct\u00fcnl\u00fc\u011f\u00fc i\u00e7in canlar\u0131n\u0131 feda eden t\u00fcm \u015fehitlerimizi rahmet ve minnetle an\u0131yorum&#8221; \u015feklinde konu\u015ftu.<\/p>\n","protected":false},"excerpt":{"rendered":"<p>Ba\u015fkan Y\u0131lmaz; &#8220;Ba\u015fta e\u011fitim olmak \u00fczere; sa\u011fl\u0131k, spor ve sanat alanlar\u0131nda yanlar\u0131nda oldu\u011fumuz \u00e7ocuklar\u0131m\u0131z\u0131n, milli de\u011ferlerine ba\u011fl\u0131 ve gelece\u011fe \u00fcmitle bakan nesiller olarak yeti\u015fmesi i\u00e7in de var g\u00fcc\u00fcm\u00fczle \u00e7al\u0131\u015fmaya devam &hellip; <a href=\"https:\/\/akdenizolaygazetesi.com\/?p=18107\" class=\"more-link\">Devam\u0131n\u0131 Oku&#8230;<\/a><\/p>\n","protected":false},"author":2,"featured_media":18108,"comment_status":"open","ping_status":"open","sticky":false,"template":"","format":"standard","meta":[],"categories":[2,3],"tags":[],"_links":{"self":[{"href":"https:\/\/akdenizolaygazetesi.com\/index.php?rest_route=\/wp\/v2\/posts\/18107"}],"collection":[{"href":"https:\/\/akdenizolaygazetesi.com\/index.php?rest_route=\/wp\/v2\/posts"}],"about":[{"href":"https:\/\/akdenizolaygazetesi.com\/index.php?rest_route=\/wp\/v2\/types\/post"}],"author":[{"embeddable":true,"href":"https:\/\/akdenizolaygazetesi.com\/index.php?rest_route=\/wp\/v2\/users\/2"}],"replies":[{"embeddable":true,"href":"https:\/\/akdenizolaygazetesi.com\/index.php?rest_route=%2Fwp%2Fv2%2Fcomments&post=18107"}],"version-history":[{"count":1,"href":"https:\/\/akdenizolaygazetesi.com\/index.php?rest_route=\/wp\/v2\/posts\/18107\/revisions"}],"predecessor-version":[{"id":18109,"href":"https:\/\/akdenizolaygazetesi.com\/index.php?rest_route=\/wp\/v2\/posts\/18107\/revisions\/18109"}],"wp:featuredmedia":[{"embeddable":true,"href":"https:\/\/akdenizolaygazetesi.com\/index.php?rest_route=\/wp\/v2\/media\/18108"}],"wp:attachment":[{"href":"https:\/\/akdenizolaygazetesi.com\/index.php?rest_route=%2Fwp%2Fv2%2Fmedia&parent=18107"}],"wp:term":[{"taxonomy":"category","embeddable":true,"href":"https:\/\/akdenizolaygazetesi.com\/index.php?rest_route=%2Fwp%2Fv2%2Fcategories&post=18107"},{"taxonomy":"post_tag","embeddable":true,"href":"https:\/\/akdenizolaygazetesi.com\/index.php?rest_route=%2Fwp%2Fv2%2Ftags&post=18107"}],"curies":[{"name":"wp","href":"https:\/\/api.w.org\/{rel}","templated":true}]}}