{"id":1811,"date":"2020-11-04T18:22:21","date_gmt":"2020-11-04T15:22:21","guid":{"rendered":"http:\/\/mersinekonomipolitikagazetesi.com\/?p=1811"},"modified":"2020-11-04T18:22:21","modified_gmt":"2020-11-04T15:22:21","slug":"erdemlide-yoruk-kulturu-tanitim-stantlarina-yogun-ilgi","status":"publish","type":"post","link":"https:\/\/akdenizolaygazetesi.com\/?p=1811","title":{"rendered":"Erdemli&#8217;de y\u00f6r\u00fck k\u00fclt\u00fcr\u00fc tan\u0131t\u0131m stantlar\u0131na yo\u011fun ilgi"},"content":{"rendered":"<p>Erdemli Belediyesi ile Mersin \u00dcniversitesi i\u015fbirli\u011fiyle d\u00fczenlenen Uluslararas\u0131 Erdemli Sempozyumu&#8217;nun ikinci g\u00fcn\u00fcnde y\u00f6r\u00fck k\u00fclt\u00fcr\u00fcn\u00fcn tan\u0131t\u0131m\u0131 i\u00e7in stant a\u00e7\u0131ld\u0131.<\/p>\n<p><span style=\"font-size:16px;\"><span style=\"font-family: sans-serif; line-height: 20px; text-align: justify; background-color: rgb(242, 244, 245);\">Mersin \u00dcniversitesi Erdemli Uygulamal\u0131 Teknoloji ve \u0130\u015fletmecilik Y\u00fcksekokulu bah\u00e7esine a\u00e7\u0131lan stantlarda y\u00f6r\u00fck k\u00fclt\u00fcr\u00fcne dair objeler payla\u015f\u0131ld\u0131.\u00a0<\/span><br style=\"box-sizing: border-box; font-family: sans-serif; font-size: 14px; line-height: 20px; text-align: justify; background-color: rgb(242, 244, 245);\" \/><br \/>\n<span style=\"font-family: sans-serif; line-height: 20px; text-align: justify; background-color: rgb(242, 244, 245);\">\u0130nternetin olmad\u0131\u011f\u0131 d\u00f6nemlerde \u00e7ocuklar\u0131n oynad\u0131\u011f\u0131 oyuncaklar\u0131n yer ald\u0131\u011f\u0131 stant ise b\u00fcy\u00fck ilgi g\u00f6rd\u00fc.\u00a0<\/span><br style=\"box-sizing: border-box; font-family: sans-serif; font-size: 14px; line-height: 20px; text-align: justify; background-color: rgb(242, 244, 245);\" \/><br \/>\n<span style=\"font-family: sans-serif; line-height: 20px; text-align: justify; background-color: rgb(242, 244, 245);\">Erdemli Belediye Ba\u015fkan\u0131 M\u00fckerrem Tollu sempozyum kapsam\u0131nda Y\u00f6r\u00fck k\u00fclt\u00fcr\u00fcn\u00fcn tan\u0131t\u0131m\u0131n\u0131n yap\u0131ld\u0131\u011f\u0131n\u0131 belirtti.\u00a0<\/span><br style=\"box-sizing: border-box; font-family: sans-serif; font-size: 14px; line-height: 20px; text-align: justify; background-color: rgb(242, 244, 245);\" \/><br \/>\n<span style=\"font-family: sans-serif; line-height: 20px; text-align: justify; background-color: rgb(242, 244, 245);\">Tollu, &#8220;Erdemli Belediyesi olarak Mersin \u00dcniversitesiyle birlikte birincisini ger\u00e7ekle\u015ftirdi\u011fimiz, Uluslararas\u0131 Erdemli Sempozyumu g\u00fcnlerinde bir de sunumlar\u0131n g\u00f6rsel anlamda ifadesi i\u00e7in Nev\u015fehir \u00dcniversitesiyle de i\u015fbirli\u011fi yaparak gelenek ve g\u00f6reneklerimizin ya\u015fat\u0131ld\u0131\u011f\u0131 stantlar a\u00e7t\u0131k. Bu stantlar\u0131n her birinde y\u00f6resel olarak Erdemli y\u00f6r\u00fckleriyle ilgili aktiviteler yap\u0131lmakta. Baz\u0131lar\u0131nda y\u00f6r\u00fck \u00e7ocuk oyuncaklar\u0131, y\u00f6r\u00fck giysileri, yemek k\u00fclt\u00fcr\u00fc ba\u015fta olmak \u00fczere \u00e7e\u015fitli tan\u0131t\u0131mlar yap\u0131lmakta. Gerek akademisyenlere gerekse halk\u0131m\u0131za y\u00f6r\u00fck geleneklerini tan\u0131t\u0131yor, unutulmaya y\u00fcz tutmu\u015f olanlar\u0131n hat\u0131rlanmas\u0131na vesile oluyoruz. Bu faaliyetler de sempozyumumuzun bir par\u00e7as\u0131d\u0131r&#8221; dedi.\u00a0<\/span><\/span><\/p>\n","protected":false},"excerpt":{"rendered":"<p>Erdemli Belediyesi ile Mersin \u00dcniversitesi i\u015fbirli\u011fiyle d\u00fczenlenen Uluslararas\u0131 Erdemli Sempozyumu&#8217;nun ikinci g\u00fcn\u00fcnde y\u00f6r\u00fck k\u00fclt\u00fcr\u00fcn\u00fcn tan\u0131t\u0131m\u0131 i\u00e7in stant a\u00e7\u0131ld\u0131. Mersin \u00dcniversitesi Erdemli Uygulamal\u0131 Teknoloji ve \u0130\u015fletmecilik Y\u00fcksekokulu bah\u00e7esine a\u00e7\u0131lan stantlarda y\u00f6r\u00fck &hellip; <a href=\"https:\/\/akdenizolaygazetesi.com\/?p=1811\" class=\"more-link\">Devam\u0131n\u0131 Oku&#8230;<\/a><\/p>\n","protected":false},"author":1,"featured_media":0,"comment_status":"open","ping_status":"open","sticky":false,"template":"","format":"standard","meta":[],"categories":[],"tags":[],"_links":{"self":[{"href":"https:\/\/akdenizolaygazetesi.com\/index.php?rest_route=\/wp\/v2\/posts\/1811"}],"collection":[{"href":"https:\/\/akdenizolaygazetesi.com\/index.php?rest_route=\/wp\/v2\/posts"}],"about":[{"href":"https:\/\/akdenizolaygazetesi.com\/index.php?rest_route=\/wp\/v2\/types\/post"}],"author":[{"embeddable":true,"href":"https:\/\/akdenizolaygazetesi.com\/index.php?rest_route=\/wp\/v2\/users\/1"}],"replies":[{"embeddable":true,"href":"https:\/\/akdenizolaygazetesi.com\/index.php?rest_route=%2Fwp%2Fv2%2Fcomments&post=1811"}],"version-history":[{"count":0,"href":"https:\/\/akdenizolaygazetesi.com\/index.php?rest_route=\/wp\/v2\/posts\/1811\/revisions"}],"wp:attachment":[{"href":"https:\/\/akdenizolaygazetesi.com\/index.php?rest_route=%2Fwp%2Fv2%2Fmedia&parent=1811"}],"wp:term":[{"taxonomy":"category","embeddable":true,"href":"https:\/\/akdenizolaygazetesi.com\/index.php?rest_route=%2Fwp%2Fv2%2Fcategories&post=1811"},{"taxonomy":"post_tag","embeddable":true,"href":"https:\/\/akdenizolaygazetesi.com\/index.php?rest_route=%2Fwp%2Fv2%2Ftags&post=1811"}],"curies":[{"name":"wp","href":"https:\/\/api.w.org\/{rel}","templated":true}]}}