{"id":18119,"date":"2022-04-22T12:33:51","date_gmt":"2022-04-22T09:33:51","guid":{"rendered":"http:\/\/akdenizolaygazetesi.com\/?p=18119"},"modified":"2022-04-22T12:33:51","modified_gmt":"2022-04-22T09:33:51","slug":"4-sinif-ogrencisi-esma-karaoglan-baskan-secerin-koltuguna-oturdu-taleplere-yanit-verdi","status":"publish","type":"post","link":"https:\/\/akdenizolaygazetesi.com\/?p=18119","title":{"rendered":"4. SINIF \u00d6\u011eRENC\u0130S\u0130 ESMA KARAO\u011eLAN BA\u015eKAN SE\u00c7ER&#8217;\u0130N KOLTU\u011eUNA OTURDU, TALEPLERE YANIT VERD\u0130"},"content":{"rendered":"<p>Mezitli Final Okullar\u0131 4. s\u0131n\u0131f \u00f6\u011frencileri, hem 23 Nisan Ulusal Egemenlik ve \u00c7ocuk Bayram\u0131 kapsam\u0131nda hem de Sosyal Bilgiler dersleri i\u00e7in yerel y\u00f6netimleri tan\u0131mak amac\u0131yla Mersin B\u00fcy\u00fck\u015fehir Belediye Ba\u015fkan\u0131 Vahap Se\u00e7er&#8217;i ziyaret etti. \u00c7ocuklar\u0131n merak etti\u011fi konularda t\u00fcm sorular\u0131na yan\u0131t veren Ba\u015fkan Se\u00e7er, &#8220;Atat\u00fcrk, \u00e7ocuklar\u0131m\u0131za 23 Nisan&#8217;\u0131 \u00c7ocuk Bayram\u0131 olarak arma\u011fan etti. Ama asl\u0131nda b\u00fct\u00fcn bir ulusa da Cumhuriyeti arma\u011fan etti. \u00dclkemizi sevece\u011fiz. \u0130nsanl\u0131k i\u00e7in \u00e7al\u0131\u015faca\u011f\u0131z&#8221; dedi. Ziyarette \u00e7ocuklardan Esma Karao\u011flan, arkada\u015flar\u0131 aras\u0131nda oy birli\u011fiyle Ba\u015fkan Se\u00e7er&#8217;in koltu\u011funa oturmaya hak kazand\u0131 ve taleplere tek tek yan\u0131t verdi.<br \/>\nBa\u015fkan Se\u00e7er, \u00e7ocuklarla sohbet etti<br \/>\nZiyarette \u00f6\u011frencilere; Mezitli Final Okullar\u0131 M\u00fcd\u00fcr\u00fc Yusuf Veysel Ba\u015far, S\u0131n\u0131f \u00d6\u011fretmeni H\u00fclya \u00d6zcan ve Resim \u00d6\u011fretmeni Rukiye Kanter de e\u015flik etti. \u00c7ocuklarla selamla\u015f\u0131p &#8220;Ho\u015f geldiniz&#8221; diyen Ba\u015fkan Se\u00e7er, &#8220;Harikas\u0131n\u0131z, \u00e7ok enerjik g\u00f6r\u00fcn\u00fcyorsunuz&#8221; dedi. Ba\u015fkan Se\u00e7er, \u00e7ocuklara &#8220;23 Nisan haftas\u0131. 23 Nisan ile ilgili s\u00f6ylemek istedi\u011finiz bir \u015fey var m\u0131? Nedir 23 Nisan?&#8221; diye sordu ve \u00e7ocuklardan 23 Nisan&#8217;\u0131n Ulusal Egemenlik ve \u00c7ocuk Bayram\u0131 oldu\u011fu yan\u0131t\u0131n\u0131 ald\u0131. TBMM&#8217;nin ne zaman a\u00e7\u0131ld\u0131\u011f\u0131n\u0131 da soran Ba\u015fkan Se\u00e7er, 23 Nisan 1920 yan\u0131t\u0131n\u0131 ald\u0131\u011f\u0131nda, &#8220;Bilgiler \u00e7ok iyi&#8221; yan\u0131t\u0131n\u0131 verdi. \u00c7ocuklara TBMM&#8217;ye gidip gitmediklerini de soran Ba\u015fkan Se\u00e7er, &#8220;Benim orada 8 y\u0131l g\u00f6rev yapt\u0131\u011f\u0131m\u0131 biliyor musunuz milletvekili olarak? Orada ne yaz\u0131yor? &#8216;H\u00e2kimiyet Kay\u0131ts\u0131z \u015earts\u0131z Milletindir.&#8217; \u00c7\u00fcnk\u00fc oras\u0131 milletin meclisidir. Orada oturan milletvekilleri milletin vekilleridir. Yani millet ad\u0131na orada s\u00f6z s\u00f6yleyenlerdir. Sizleri temsil edenlerdir. Parlamento bir anlamda halk\u0131n sesi demektir&#8221; dedi.<br \/>\n&#8220;\u00dclkemizi sevece\u011fiz. \u0130nsanl\u0131\u011f\u0131 sevece\u011fiz. \u0130nsanl\u0131k i\u00e7in \u00e7al\u0131\u015faca\u011f\u0131z&#8221;<br \/>\n&#8220;Mustafa Kemal Atat\u00fcrk&#8217;\u00fc seviyor muyuz?&#8221; diye soran Ba\u015fkan Se\u00e7er&#8217;e \u00e7ocuklar hep bir a\u011f\u0131zdan y\u00fcksek sesle &#8220;\u00c7ok seviyoruz&#8221; yan\u0131t\u0131n\u0131 verdi. Ba\u015fkan Se\u00e7er, ald\u0131\u011f\u0131 yan\u0131t \u00fczerine, &#8220;Atat\u00fcrk, \u00e7ocuklar\u0131m\u0131za bug\u00fcn\u00fc \u00c7ocuk Bayram\u0131 olarak arma\u011fan etti ama asl\u0131nda b\u00fct\u00fcn bir ulusa da Cumhuriyeti arma\u011fan etti. Yani milletin kendi kendini y\u00f6netmesi, kendisi i\u00e7in alaca\u011f\u0131 kararlar\u0131 kendisinin almas\u0131n\u0131 sa\u011flad\u0131. Bu \u00f6nemli. Biz de bu d\u00fc\u015f\u00fcnceler do\u011frultusunda daha \u00e7ok \u00e7al\u0131\u015faca\u011f\u0131z. \u00dclkemizi ve insanl\u0131\u011f\u0131 daha \u00e7ok sevece\u011fiz. \u0130nsanl\u0131k i\u00e7in \u00e7al\u0131\u015faca\u011f\u0131z. Huzur, bar\u0131\u015f, karde\u015flik i\u00e7in kavga etmeyece\u011fiz&#8221; diye konu\u015ftu.<br \/>\n&#8220;\u0130nsanlara hizmet etmek mutluluk veren bir duygu&#8221;<br \/>\n\u00c7ocuklar\u0131n bilgi donan\u0131mlar\u0131n\u0131n \u00e7ok iyi oldu\u011funu dile getiren Ba\u015fkan Se\u00e7er, onlar\u0131n sorular\u0131n\u0131 da yan\u0131tlad\u0131. Ba\u015fkan Se\u00e7er, \u00e7ocuklardan kent hakk\u0131nda gelen taleplere de cevap verirken, isteklerini ilgili daire ba\u015fkanl\u0131klar\u0131na y\u00f6nlendirdi. Bir \u00e7ocuktan gelen &#8220;Ba\u015fkan olmak nas\u0131l bir duygu?&#8221; sorusuna da yan\u0131t veren Ba\u015fkan Se\u00e7er, &#8220;Ba\u015fkan olmak sorumluluk y\u00fckleyen bir duygu. \u00c7\u00fcnk\u00fc t\u00fcm bir kentin sorumlulu\u011fu benim \u00fczerimde ama beni \u00e7ok mutlu eden bir duygu. Neden? \u00c7\u00fcnk\u00fc insanlara hizmet etmeyi, insanlara yard\u0131mc\u0131 olmay\u0131 sevdi\u011fim i\u00e7in \u00e7ok mutluluk veren bir duygu Ba\u015fkanl\u0131k benim i\u00e7in&#8221; dedi.<br \/>\n&#8220;\u00c7evreyi korumal\u0131y\u0131z&#8221;<br \/>\n\u00c7ocuklardan gelen ye\u015fil alanlar\u0131n korunmas\u0131 ile ilgili konuya da cevap veren Ba\u015fkan Se\u00e7er, &#8220;\u00c7evre duyarl\u0131l\u0131\u011f\u0131na sahip vatanda\u015flar olmam\u0131z laz\u0131m. Bunun e\u011fitimi evde ba\u015fl\u0131yor, okulda devam ediyor ve ya\u015fad\u0131\u011f\u0131m\u0131z s\u00fcrece de s\u00fcr\u00fcp gidiyor. \u00c7evreyi korumal\u0131y\u0131z. Biz her g\u00fcn sokaklar\u0131 temizlesek, Mersin&#8217;de ya\u015fayanlar bu bilin\u00e7ten, bu e\u011fitimden yoksunsa elindeki \u00e7\u00f6p\u00fc \u00e7\u00f6p kutusuna atmak yerine caddeye b\u0131rak\u0131yorsa, biz kenti temiz tutamay\u0131z. L\u00fctfen \u00e7evreyi temiz tutal\u0131m, \u00e7evreyi kirleten birini g\u00f6rd\u00fc\u011f\u00fcm\u00fcz zaman kibar bir dille onu uyaral\u0131m. &#8216;L\u00fctfen \u00e7evreyi kirletmeyiniz&#8217; diyelim&#8221; diye konu\u015ftu.<br \/>\n&#8220;Uygun olan her yere okuma salonu ve k\u00fct\u00fcphane yap\u0131yoruz&#8221;<br \/>\n&#8220;Daha \u00e7ok k\u00fct\u00fcphane yapt\u0131rabilir misiniz?&#8221; sorusu \u00fczerine Ba\u015fkan Se\u00e7er, Galatasaray Meydan\u0131&#8217;nda yap\u0131m\u0131 s\u00fcren Adres Okuma Salonu&#8217;nu \u00f6\u011frencilere anlatarak, &#8220;T\u00fcrkiye&#8217;nin belki de en g\u00fczel k\u00fct\u00fcphanesi yap\u0131l\u0131yor. Deniz manzaral\u0131 muazzam bir k\u00fct\u00fcphane yap\u0131yoruz. Oras\u0131 24 saat a\u00e7\u0131k olacak. \u0130n\u015faat da \u00e7ok h\u0131zl\u0131 devam ediyor. \u00c7ok k\u0131sa s\u00fcrede bitirece\u011fiz&#8221; dedi. Kongre Merkezi&#8217;ndeki k\u00fct\u00fcphaneyi, Marina&#8217;n\u0131n oldu\u011fu b\u00f6lgedeki \u00d6\u011frenci \u00c7al\u0131\u015fma Merkezi ve Tarsus&#8217;a a\u00e7\u0131lan yeni k\u00fct\u00fcphaneyi de anlatan Ba\u015fkan Se\u00e7er, &#8221; 2. k\u00fct\u00fcphane in\u015faat\u0131 devam ediyor. Halkkent taraf\u0131nda \u00e7ok g\u00fczel bir Toplum Merkezi var. Orada da kre\u015fimiz, okuma salonumuz, k\u00fct\u00fcphanemiz var. Uygun olan her yere okuma salonu ve k\u00fct\u00fcphane yap\u0131yoruz. Say\u0131s\u0131n\u0131 her ge\u00e7en g\u00fcn art\u0131raca\u011f\u0131z&#8221; diye konu\u015ftu.<br \/>\nBa\u015fkan Se\u00e7er, &#8216;Bilim M\u00fczesi&#8217; a\u00e7acaklar\u0131ndan da s\u00f6z ederken, &#8220;K\u00fcresel \u0131s\u0131nma ve iklim de\u011fi\u015fikli\u011fi temal\u0131 \u00e7ok g\u00fczel, de\u011ferli ara\u015ft\u0131rmalar yapt\u0131lar. Orada sizlerin e\u011fitimini sa\u011flayaca\u011f\u0131z. Bir de suyun de\u011ferinin anla\u015f\u0131lmas\u0131, fark\u0131ndal\u0131k yaratmak i\u00e7in \u015fu anda e\u011fitimlerimiz var ama bir &#8216;Su M\u00fczesi&#8217; yap\u0131m\u0131 devam ediyor MESK\u0130&#8217;de. Nostaljik olacak ayn\u0131 zamanda. Suyun kayna\u011f\u0131ndan en son ar\u0131tmadan \u00e7\u0131kt\u0131\u011f\u0131 noktaya kadar o i\u015flemleri daha bir bilimsel h\u00fcviyetle anlatacaklar. \u00c7ocuklar\u0131m\u0131z i\u00e7in muazzam bir i\u015f olacak&#8221; dedi.<br \/>\nBa\u015fkan Se\u00e7er, ard\u0131ndan koltu\u011funu verdi\u011fi Esma Karao\u011flan&#8217;a soru y\u00f6neltti. Se\u00e7er, &#8220;Ben bir \u00e7ocuk olarak daha fazla ye\u015fil alan ve oyun park\u0131 istiyorum. Bu konudaki projelerinizi anlatabilir misiniz Ba\u015fkan\u0131m&#8221; dedi. Esma ise Ba\u015fkan Se\u00e7er&#8217;e, &#8220;\u0130lk \u00f6nce a\u011fa\u00e7 dikerim. Ondan sonra da parklar i\u00e7in do\u011fru malzemeyi bulurum. Daha sonra park\u0131 in\u015fa ederim ve ye\u015fillik de yapm\u0131\u015f olurum&#8221; yan\u0131t\u0131n\u0131 verdi.<br \/>\nEsma&#8217;n\u0131n yan\u0131t\u0131n\u0131 \u00e7ok be\u011fendi\u011fini s\u00f6yleyen Ba\u015fkan Se\u00e7er, &#8220;Harikas\u0131n. Ba\u015fkana bir alk\u0131\u015f o zaman. Ben bu Ba\u015fkan\u0131 be\u011fendim. Bir dahaki se\u00e7imlere oyum tekrar Esma Ba\u015fkana&#8221; dedi.<br \/>\nResim \u00d6\u011fretmeni Rukiye Kanter, Ba\u015fkan Se\u00e7er ve Meral Se\u00e7er&#8217;in kara kalemle \u00e7izilen resimlerinin oldu\u011fu tabloyu Ba\u015fkan Se\u00e7er&#8217;e hediye etti. Se\u00e7er ayr\u0131ca \u00e7ocuklar\u0131 B\u00fcy\u00fck\u015fehir Belediyesi taraf\u0131ndan 23 Nisan g\u00fcn\u00fc 12.30&#8217;da Galatasaray Meydan\u0131&#8217;nda d\u00fczenlenecek olan kortej y\u00fcr\u00fcy\u00fc\u015f\u00fcne davet etti. Ziyaret sonunda \u00e7ocuklara \u00e7e\u015fitli hediyeler verildi.<\/p>\n","protected":false},"excerpt":{"rendered":"<p>Mezitli Final Okullar\u0131 4. s\u0131n\u0131f \u00f6\u011frencileri, hem 23 Nisan Ulusal Egemenlik ve \u00c7ocuk Bayram\u0131 kapsam\u0131nda hem de Sosyal Bilgiler dersleri i\u00e7in yerel y\u00f6netimleri tan\u0131mak amac\u0131yla Mersin B\u00fcy\u00fck\u015fehir Belediye Ba\u015fkan\u0131 Vahap &hellip; <a href=\"https:\/\/akdenizolaygazetesi.com\/?p=18119\" class=\"more-link\">Devam\u0131n\u0131 Oku&#8230;<\/a><\/p>\n","protected":false},"author":2,"featured_media":18120,"comment_status":"open","ping_status":"open","sticky":false,"template":"","format":"standard","meta":[],"categories":[2,3,5],"tags":[],"_links":{"self":[{"href":"https:\/\/akdenizolaygazetesi.com\/index.php?rest_route=\/wp\/v2\/posts\/18119"}],"collection":[{"href":"https:\/\/akdenizolaygazetesi.com\/index.php?rest_route=\/wp\/v2\/posts"}],"about":[{"href":"https:\/\/akdenizolaygazetesi.com\/index.php?rest_route=\/wp\/v2\/types\/post"}],"author":[{"embeddable":true,"href":"https:\/\/akdenizolaygazetesi.com\/index.php?rest_route=\/wp\/v2\/users\/2"}],"replies":[{"embeddable":true,"href":"https:\/\/akdenizolaygazetesi.com\/index.php?rest_route=%2Fwp%2Fv2%2Fcomments&post=18119"}],"version-history":[{"count":1,"href":"https:\/\/akdenizolaygazetesi.com\/index.php?rest_route=\/wp\/v2\/posts\/18119\/revisions"}],"predecessor-version":[{"id":18121,"href":"https:\/\/akdenizolaygazetesi.com\/index.php?rest_route=\/wp\/v2\/posts\/18119\/revisions\/18121"}],"wp:featuredmedia":[{"embeddable":true,"href":"https:\/\/akdenizolaygazetesi.com\/index.php?rest_route=\/wp\/v2\/media\/18120"}],"wp:attachment":[{"href":"https:\/\/akdenizolaygazetesi.com\/index.php?rest_route=%2Fwp%2Fv2%2Fmedia&parent=18119"}],"wp:term":[{"taxonomy":"category","embeddable":true,"href":"https:\/\/akdenizolaygazetesi.com\/index.php?rest_route=%2Fwp%2Fv2%2Fcategories&post=18119"},{"taxonomy":"post_tag","embeddable":true,"href":"https:\/\/akdenizolaygazetesi.com\/index.php?rest_route=%2Fwp%2Fv2%2Ftags&post=18119"}],"curies":[{"name":"wp","href":"https:\/\/api.w.org\/{rel}","templated":true}]}}