{"id":1812,"date":"2020-11-04T18:22:21","date_gmt":"2020-11-04T15:22:21","guid":{"rendered":"http:\/\/mersinekonomipolitikagazetesi.com\/?p=1812"},"modified":"2020-11-04T18:22:21","modified_gmt":"2020-11-04T15:22:21","slug":"tarsus-belediye-baskani-can-goreve-geldigimiz-gunden-bugune-kadar-33-hizmetimizin-acilisini-yaptik","status":"publish","type":"post","link":"https:\/\/akdenizolaygazetesi.com\/?p=1812","title":{"rendered":"Tarsus Belediye Ba\u015fkan\u0131 Can: &#8220;G\u00f6reve geldi\u011fimiz g\u00fcnden bug\u00fcne kadar 33 hizmetimizin a\u00e7\u0131l\u0131\u015f\u0131n\u0131 yapt\u0131k&#8221;"},"content":{"rendered":"<p>Mersin\u2019in Tarsus il\u00e7e Belediye Ba\u015fkan\u0131 \u015eevket Can, Ferahim \u015ealvuz ve Yarbay \u015eemsettin Mahalleleri&#8217;ne yap\u0131lacak olan semt pazar\u0131, hal\u0131 saha ve ya\u015fam boyu spor merkezinin temelini att\u0131.<\/p>\n<p><span style=\"font-size:16px;\"><span style=\"font-family: sans-serif; line-height: 20px; text-align: justify; background-color: rgb(242, 244, 245);\">Tarsus Belediyesi taraf\u0131ndan Ferahim \u015ealvuz ve Yarbay \u015eemsettin Mahalleleri&#8217;ne yap\u0131lacak olan semt pazar\u0131, hal\u0131 saha ve ya\u015fam boyu spor merkezinin temel atma t\u00f6reni d\u00fczenlendi.\u00a0<\/span><br style=\"box-sizing: border-box; font-family: sans-serif; font-size: 14px; line-height: 20px; text-align: justify; background-color: rgb(242, 244, 245);\" \/><br \/>\n<span style=\"font-family: sans-serif; line-height: 20px; text-align: justify; background-color: rgb(242, 244, 245);\">\u0130lk olarak s\u00f6z alan Ferahim \u015ealvuz Mahallesi Muhtar\u0131 Mustafa Boz, \u201cBu i\u015fin mutfa\u011f\u0131ndan gelen ve bizleri yak\u0131ndan tan\u0131yan, s\u0131k\u0131nt\u0131lar\u0131m\u0131za ve mutluluklar\u0131m\u0131za ortak olan \u015eevket Ba\u015fkan\u0131m\u0131za bu hizmetleri i\u00e7in te\u015fekk\u00fcr ediyoruz. D\u00fcn yan\u0131ndayd\u0131k, bug\u00fcn yan\u0131nday\u0131z, yar\u0131nda yan\u0131nda olaca\u011f\u0131z, ba\u015fkan\u0131m. Tesisler mahallelerimize ve Tarsus\u2019umuza hay\u0131rl\u0131 u\u011furlu olsun\u201d dedi.\u00a0<\/span><br style=\"box-sizing: border-box; font-family: sans-serif; font-size: 14px; line-height: 20px; text-align: justify; background-color: rgb(242, 244, 245);\" \/><br \/>\n<span style=\"font-family: sans-serif; line-height: 20px; text-align: justify; background-color: rgb(242, 244, 245);\">Daha sonra s\u00f6z alan Yarbay \u015eemsettin Mahallesi Muhtar\u0131 Celal Co\u015fkun, \u201cSemt pazar\u0131m\u0131z, hal\u0131 saham\u0131z, ya\u015fam boyu spor merkezimiz hepimize, mahallemize hay\u0131rl\u0131 olsun. Yapanlardan el atanlardan Allah raz\u0131 olsun. Ba\u015fkan\u0131ma \u00e7ok \u00e7ok te\u015fekk\u00fcr ediyorum\u201d diye konu\u015ftu.\u00a0<\/span><br style=\"box-sizing: border-box; font-family: sans-serif; font-size: 14px; line-height: 20px; text-align: justify; background-color: rgb(242, 244, 245);\" \/><br \/>\n<span style=\"font-family: sans-serif; line-height: 20px; text-align: justify; background-color: rgb(242, 244, 245);\">G\u00f6sterilen yo\u011fun ilgiye te\u015fekk\u00fcr eden Belediye Ba\u015fkan\u0131 \u015eevket Can, iki mahallenin 94 y\u0131l\u0131ndan bu yana her zaman dua ve desteklerini g\u00f6rd\u00fcklerini s\u00f6yledi.\u00a0<\/span><br style=\"box-sizing: border-box; font-family: sans-serif; font-size: 14px; line-height: 20px; text-align: justify; background-color: rgb(242, 244, 245);\" \/><br \/>\n<span style=\"font-family: sans-serif; line-height: 20px; text-align: justify; background-color: rgb(242, 244, 245);\">Projenin geli\u015fimi hakk\u0131nda bilgi veren Tarsus Belediye Ba\u015fkan\u0131 \u015eevket Can, \u201cBu projeyi ger\u00e7ekle\u015ftirmeden \u00f6nce, Ferahim \u015ealvuz ve Yarbay \u015eemsettin Mahalle muhtarlar\u0131mla birlikte buraya geldik. Buraya \u2018pazar yeri, hal\u0131 saha ve ya\u015fam boyu spor merkezi yapaca\u011f\u0131z\u2019 dedik. Yer Yarbay \u015eemsettin Mahallemiz s\u0131n\u0131rlar\u0131 i\u00e7indeydi. Ferahim \u015ealvuz mahalle muhtar\u0131m, \u2018ba\u015fkan\u0131m benim vatanda\u015flar\u0131m biraz yorulacak ama yeter ki yap\u0131ls\u0131n\u2019 dedi. Bizde Ferahim \u015ealvuz mahallemizde de hal\u0131 sahay\u0131 yapal\u0131m dedik. 2 mahalle muhtar\u0131mla birlikte karar verdik. Ve bug\u00fcnde temelini at\u0131yoruz. \u015eimdiden hay\u0131rl\u0131 u\u011furlu olsun\u201d \u015feklinde konu\u015ftu.\u00a0<\/span><br style=\"box-sizing: border-box; font-family: sans-serif; font-size: 14px; line-height: 20px; text-align: justify; background-color: rgb(242, 244, 245);\" \/><br \/>\n<span style=\"font-family: sans-serif; line-height: 20px; text-align: justify; background-color: rgb(242, 244, 245);\">Devam eden hizmetlerle Tarsus\u2019u \u015fantiye alan\u0131na \u00e7evirdiklerini kaydeden Ba\u015fkan Can, \u201c2014 se\u00e7imlerinden sonra 179 mahalle sorumluluk alan\u0131m\u0131za girdi. G\u00f6reve geldi\u011fimiz g\u00fcnden bug\u00fcne kadar 33 hizmetimizin a\u00e7\u0131l\u0131\u015f\u0131n\u0131 yapt\u0131k. 2 cami a\u00e7\u0131l\u0131\u015f\u0131n\u0131 yapt\u0131k. 5 de\u011fi\u015fik mahallede 6 cami in\u015faat\u0131m\u0131z devam ediyor. Bug\u00fcne kadar 8 mahallede taziye evi a\u00e7\u0131l\u0131\u015f\u0131n\u0131 yapt\u0131k. 5 ya\u015fam boyu spor merkezi a\u00e7t\u0131k. 120 d\u00f6n\u00fcm alana tekab\u00fcl eden Berdan projemiz devam ediyor. Yakla\u015f\u0131k 17 milyonluk bir proje. Son a\u015fama geldi. \u00c7ukurova\u2019n\u0131n gerdanl\u0131\u011f\u0131 olacak. 2.5 y\u0131l imar de\u011fi\u015fikli\u011fi ile ilgili m\u00fccadele ederek 13 mahallemizde kentsel d\u00f6n\u00fc\u015f\u00fcm i\u015faretlendi. 5 mahallemizde hal\u0131 saha in\u015faatlar\u0131m\u0131z devam ediyor. Kapanan 5 belde belediyemizde restorasyon \u00e7al\u0131\u015fmalar\u0131 bitmek \u00fczere. Tarihi ticaret merkezi in\u015faat\u0131m\u0131z 2\u2019nci a\u015famaya ge\u00e7iliyor. 129 k\u00f6y\u00fcm\u00fcz\u00fcn 60\u2019nda parke \u00e7al\u0131\u015fmas\u0131 bitti. Bitenlerde park \u00e7al\u0131\u015fmas\u0131na ba\u015flad\u0131k. Bu y\u0131l\u0131n sonuna kadar hepsinde parke ve park bitecek. K\u0131rklars\u0131rt\u0131 Mahallemizdeki g\u00f6steri merkezi in\u015faat\u0131m\u0131z son a\u015famaya geldi. Eyl\u00fcl ay\u0131 i\u00e7erisinde 15 bin ki\u015filik g\u00f6steri merkezimizi vatanda\u015flar\u0131m\u0131z\u0131n hizmetine sunaca\u011f\u0131z. Pazar yeri \u00e7at\u0131lar\u0131m\u0131zdan elektrik \u00fcretiyoruz. Y\u0131ll\u0131k 3.5 milyonluk elektrik \u00fcretece\u011fiz. Otel, Konut, i\u015fyeri ve ofis olmak \u00fczere karma projemizin ihalesini ger\u00e7ekle\u015ftirdik. 1-2 ay i\u00e7inde buran\u0131n temelini ataca\u011f\u0131z. Bu proje bedeli cebimizden 1 lira \u00e7\u0131kmadan, 150 milyon liraya mal olacak. An\u0131t Mahallemizde pazar yerinin temelini ataca\u011f\u0131z. Cumhuriyet, Tekke ve 82 Evler mahallelerimize hizmet verecek olan pazar yerimizin de ihalesini ger\u00e7ekle\u015ftirdik. Yak\u0131nda temelini ataca\u011f\u0131z. Toplu konut projemiz uygulama a\u015famas\u0131na ge\u00e7ti. Tarsus\u2019umuzda evlenmeyen kimse b\u0131rakmayaca\u011f\u0131m. TOK\u0130&#8217;den daha ucuza ve daha konforlu ev yapaca\u011f\u0131m\u201d \u015feklinde konu\u015ftu.\u00a0<\/span><br style=\"box-sizing: border-box; font-family: sans-serif; font-size: 14px; line-height: 20px; text-align: justify; background-color: rgb(242, 244, 245);\" \/><br \/>\n<span style=\"font-family: sans-serif; line-height: 20px; text-align: justify; background-color: rgb(242, 244, 245);\">Ba\u015fkan Can, \u201cBiz \u00e7al\u0131\u015f\u0131yoruz. \u00c7al\u0131\u015f\u0131rken ayr\u0131m yapmad\u0131k. \u015eeffaf bir belediyecilik anlay\u0131\u015f\u0131yla hizmet ediyoruz. Allah r\u0131zas\u0131 i\u00e7in \u00e7al\u0131\u015ft\u0131k. Ve \u00e7al\u0131\u015fmaya devam edece\u011fiz. Do\u011fdu\u011fum, b\u00fcy\u00fcd\u00fc\u011f\u00fcm, ya\u015fad\u0131\u011f\u0131m \u015fehre hizmet etme \u015fans\u0131 verdi\u011fi i\u00e7in Allah\u2019\u0131ma \u015f\u00fck\u00fcrler olsun. Tarsus\u2019un b\u00fct\u00fcn mahallerinde al\u0131n terim var. Ayak izim var, imzam var. Hem\u015fehrilerimizin duas\u0131na talibiz. \u00c7\u00fcnk\u00fc biz 94 y\u0131l\u0131ndan bu g\u00fcne kadar g\u00fcnd\u00fcz yorulmadan gece uyumadan \u00e7al\u0131\u015ft\u0131k\u201d dedi.\u00a0<\/span><br style=\"box-sizing: border-box; font-family: sans-serif; font-size: 14px; line-height: 20px; text-align: justify; background-color: rgb(242, 244, 245);\" \/><br \/>\n<span style=\"font-family: sans-serif; line-height: 20px; text-align: justify; background-color: rgb(242, 244, 245);\">Konu\u015fmalar\u0131n ard\u0131ndan yap\u0131lan dua ve kesilen kurbanlarla temel atma butonuna bas\u0131larak t\u00f6ren sona erdi.\u00a0<\/span><br style=\"box-sizing: border-box; font-family: sans-serif; font-size: 14px; line-height: 20px; text-align: justify; background-color: rgb(242, 244, 245);\" \/><br \/>\n<span style=\"font-family: sans-serif; line-height: 20px; text-align: justify; background-color: rgb(242, 244, 245);\">Program\u0131n sonunda Ba\u015fkan Can \u00e7ocuklara \u00e7e\u015fitli hediyeler da\u011f\u0131tt\u0131.\u00a0<\/span><\/span><\/p>\n","protected":false},"excerpt":{"rendered":"<p>Mersin\u2019in Tarsus il\u00e7e Belediye Ba\u015fkan\u0131 \u015eevket Can, Ferahim \u015ealvuz ve Yarbay \u015eemsettin Mahalleleri&#8217;ne yap\u0131lacak olan semt pazar\u0131, hal\u0131 saha ve ya\u015fam boyu spor merkezinin temelini att\u0131. Tarsus Belediyesi taraf\u0131ndan Ferahim &hellip; <a href=\"https:\/\/akdenizolaygazetesi.com\/?p=1812\" class=\"more-link\">Devam\u0131n\u0131 Oku&#8230;<\/a><\/p>\n","protected":false},"author":1,"featured_media":0,"comment_status":"open","ping_status":"open","sticky":false,"template":"","format":"standard","meta":[],"categories":[],"tags":[],"_links":{"self":[{"href":"https:\/\/akdenizolaygazetesi.com\/index.php?rest_route=\/wp\/v2\/posts\/1812"}],"collection":[{"href":"https:\/\/akdenizolaygazetesi.com\/index.php?rest_route=\/wp\/v2\/posts"}],"about":[{"href":"https:\/\/akdenizolaygazetesi.com\/index.php?rest_route=\/wp\/v2\/types\/post"}],"author":[{"embeddable":true,"href":"https:\/\/akdenizolaygazetesi.com\/index.php?rest_route=\/wp\/v2\/users\/1"}],"replies":[{"embeddable":true,"href":"https:\/\/akdenizolaygazetesi.com\/index.php?rest_route=%2Fwp%2Fv2%2Fcomments&post=1812"}],"version-history":[{"count":0,"href":"https:\/\/akdenizolaygazetesi.com\/index.php?rest_route=\/wp\/v2\/posts\/1812\/revisions"}],"wp:attachment":[{"href":"https:\/\/akdenizolaygazetesi.com\/index.php?rest_route=%2Fwp%2Fv2%2Fmedia&parent=1812"}],"wp:term":[{"taxonomy":"category","embeddable":true,"href":"https:\/\/akdenizolaygazetesi.com\/index.php?rest_route=%2Fwp%2Fv2%2Fcategories&post=1812"},{"taxonomy":"post_tag","embeddable":true,"href":"https:\/\/akdenizolaygazetesi.com\/index.php?rest_route=%2Fwp%2Fv2%2Ftags&post=1812"}],"curies":[{"name":"wp","href":"https:\/\/api.w.org\/{rel}","templated":true}]}}