{"id":18122,"date":"2022-04-22T12:37:42","date_gmt":"2022-04-22T09:37:42","guid":{"rendered":"http:\/\/akdenizolaygazetesi.com\/?p=18122"},"modified":"2022-04-22T12:37:42","modified_gmt":"2022-04-22T09:37:42","slug":"wiener-klavier-quartett-avusturya-kultur-ofisi-isbirligiyle","status":"publish","type":"post","link":"https:\/\/akdenizolaygazetesi.com\/?p=18122","title":{"rendered":"WIENER KLAV\u0130ER QUARTETT Avusturya K\u00fclt\u00fcr Ofisi \u0130\u015fbirli\u011fiyle"},"content":{"rendered":"<p>20. Mersin Uluslararas\u0131 M\u00fczik Festivali, Avusturya\u2019n\u0131n usta klasik m\u00fczik topluluklar\u0131ndan Viener Klavier Quartett\u2019i Mersinli sanatseverlerle bulu\u015fturuyor. Avusturya K\u00fclt\u00fcr Ofisi i\u015fbirli\u011fiyle ger\u00e7ekle\u015ftirilecek konser, 24 May\u0131s 2022 Sal\u0131 saat: 20.00\u2019de Tarsus St. Paul M\u00fczesi\u2019nde yer alacak. Konserde, Mozart, Saint Saens ve Strauss\u2019dan olu\u015fan se\u00e7kin bir repertuvar seslendirilecek. <\/p>\n<p>2013\u2019de kurulduktan k\u0131sa bir s\u00fcre sonra Wiener Klavier Quartet (eski ad\u0131yla Stratos Quartet), ilk ba\u015far\u0131lar\u0131yla dikkatleri \u00fczerine \u00e7ekti. Ayn\u0131 y\u0131l sonbahar\u0131nda P\u00f6rtschach&#8217;ta d\u00fczenlenen 20. Uluslararas\u0131 Brahms Yar\u0131\u015fmas\u0131&#8217;nda oda m\u00fczi\u011fi kategorisinde birincilik \u00f6d\u00fcl\u00fc kazanarak ayr\u0131ca Yeni Sanat\u00e7\u0131lar Forumu&#8217;nun \u00f6zel \u00f6d\u00fcl\u00fcn\u00fc de ald\u0131. Finlandiya&#8217;daki Turku M\u00fczik Festivali&#8217;nde bir konsere davet edildikten sonra ayn\u0131 y\u0131l Windisch Oda M\u00fczi\u011fi \u00d6d\u00fcl\u00fc&#8217;ne lay\u0131k g\u00f6r\u00fcld\u00fc. Yine ayn\u0131 y\u0131l, ECMA&#8217;ya (Avrupa Oda M\u00fczi\u011fi Akademisi) ilk ve tek piyano d\u00f6rtl\u00fcs\u00fc olarak kabul edildi. O zamandan bu yana, Viyana&#8217;da Musikverein&#8217;de, Linz&#8217;de Brucknerhaus&#8217;ta, Londra&#8217;da Wigmore Hall&#8217;da, Porto&#8217;da Harmos Festivali&#8217;nde, Lizbon&#8217;daki Gulbenkian Merkezi&#8217;nin Grande Auditorio&#8217;sunda, Anton\u00edn Dvo\u0159\u00e1k Festivali&#8217;nde, Grafengg Festivali&#8217;nde konserler verdi ve ABD, Japonya, Finlandiya ve Fransa&#8217;da,  radyo ve televizyon taraf\u0131ndan kaydedilip canl\u0131 olarak yay\u0131nland\u0131.<br \/>\nKatharina Engelbrecht (Keman), Magdalena Eber (Viyola), Jan Ryska (\u00c7ello) ve Maximilian Flider (Piyano) isimlerinden olu\u015fan Topluluk, 2016&#8217;da, uluslararas\u0131 oda m\u00fczi\u011fi yar\u0131\u015fmas\u0131 &#8220;Citta di Pinerolo e Torino&#8221;da (WFIMC \u00fcyesi) birincilik \u00f6d\u00fcl\u00fc kazand\u0131 ve en iyi Schumann yorumu \u00f6zel \u00f6d\u00fcl\u00fcn\u00fc ald\u0131. Kas\u0131m 2017&#8217;de Luslawice&#8217;deki uluslararas\u0131 Beethoven oda m\u00fczi\u011fi yar\u0131\u015fmas\u0131nda birincilik \u00f6d\u00fcl\u00fc ve &#8220;Grand Prix&#8221; ile \u00f6d\u00fcllendirildi; ayr\u0131ca Federal Avrupa, Entegrasyon ve D\u0131\u015f \u0130li\u015fkiler Bakanl\u0131\u011f\u0131&#8217;n\u0131n &#8220;Yeni Avusturya M\u00fczi\u011fin Sesi&#8221; program\u0131na se\u00e7ildi. <\/p>\n","protected":false},"excerpt":{"rendered":"<p>20. Mersin Uluslararas\u0131 M\u00fczik Festivali, Avusturya\u2019n\u0131n usta klasik m\u00fczik topluluklar\u0131ndan Viener Klavier Quartett\u2019i Mersinli sanatseverlerle bulu\u015fturuyor. Avusturya K\u00fclt\u00fcr Ofisi i\u015fbirli\u011fiyle ger\u00e7ekle\u015ftirilecek konser, 24 May\u0131s 2022 Sal\u0131 saat: 20.00\u2019de Tarsus St. &hellip; <a href=\"https:\/\/akdenizolaygazetesi.com\/?p=18122\" class=\"more-link\">Devam\u0131n\u0131 Oku&#8230;<\/a><\/p>\n","protected":false},"author":2,"featured_media":18123,"comment_status":"open","ping_status":"open","sticky":false,"template":"","format":"standard","meta":[],"categories":[34,3],"tags":[],"_links":{"self":[{"href":"https:\/\/akdenizolaygazetesi.com\/index.php?rest_route=\/wp\/v2\/posts\/18122"}],"collection":[{"href":"https:\/\/akdenizolaygazetesi.com\/index.php?rest_route=\/wp\/v2\/posts"}],"about":[{"href":"https:\/\/akdenizolaygazetesi.com\/index.php?rest_route=\/wp\/v2\/types\/post"}],"author":[{"embeddable":true,"href":"https:\/\/akdenizolaygazetesi.com\/index.php?rest_route=\/wp\/v2\/users\/2"}],"replies":[{"embeddable":true,"href":"https:\/\/akdenizolaygazetesi.com\/index.php?rest_route=%2Fwp%2Fv2%2Fcomments&post=18122"}],"version-history":[{"count":1,"href":"https:\/\/akdenizolaygazetesi.com\/index.php?rest_route=\/wp\/v2\/posts\/18122\/revisions"}],"predecessor-version":[{"id":18124,"href":"https:\/\/akdenizolaygazetesi.com\/index.php?rest_route=\/wp\/v2\/posts\/18122\/revisions\/18124"}],"wp:featuredmedia":[{"embeddable":true,"href":"https:\/\/akdenizolaygazetesi.com\/index.php?rest_route=\/wp\/v2\/media\/18123"}],"wp:attachment":[{"href":"https:\/\/akdenizolaygazetesi.com\/index.php?rest_route=%2Fwp%2Fv2%2Fmedia&parent=18122"}],"wp:term":[{"taxonomy":"category","embeddable":true,"href":"https:\/\/akdenizolaygazetesi.com\/index.php?rest_route=%2Fwp%2Fv2%2Fcategories&post=18122"},{"taxonomy":"post_tag","embeddable":true,"href":"https:\/\/akdenizolaygazetesi.com\/index.php?rest_route=%2Fwp%2Fv2%2Ftags&post=18122"}],"curies":[{"name":"wp","href":"https:\/\/api.w.org\/{rel}","templated":true}]}}