{"id":18129,"date":"2022-04-22T12:52:43","date_gmt":"2022-04-22T09:52:43","guid":{"rendered":"http:\/\/akdenizolaygazetesi.com\/?p=18129"},"modified":"2022-04-22T12:52:43","modified_gmt":"2022-04-22T09:52:43","slug":"minikler-23-nisan-coskusunu-sokaklara-tasidi","status":"publish","type":"post","link":"https:\/\/akdenizolaygazetesi.com\/?p=18129","title":{"rendered":"M\u0130N\u0130KLER 23 N\u0130SAN CO\u015eKUSUNU SOKAKLARA TA\u015eIDI"},"content":{"rendered":"<p>Mersin B\u00fcy\u00fck\u015fehir Belediyesi Kad\u0131n ve Aile Hizmetleri Dairesi b\u00fcnyesinde hizmet veren Mevlana Mahallesi Kad\u0131n ve \u00c7ocuk At\u00f6lyesi&#8217;nde &#8217;23 Nisan Ulusal Egemenlik ve \u00c7ocuk Bayram\u0131&#8217; co\u015fkusu ya\u015fand\u0131.<br \/>\nMevlana Mahallesi Kad\u0131n ve \u00c7ocuk At\u00f6lyesi&#8217;nde e\u011fitim g\u00f6ren \u00e7ocuklar ile anneleri, Mevlana Mahalle Muhtarl\u0131\u011f\u0131 \u00f6n\u00fcnde toplanarak, at\u00f6lyeye kadar y\u00fcr\u00fcd\u00fc. Ellerinde T\u00fcrk bayraklar\u0131 ve balonlarla birlikte y\u00fcr\u00fcyen minikler, \u00fczerlerinde Atat\u00fcrk siluetlerinin bas\u0131l\u0131 oldu\u011fu ti\u015f\u00f6rtler giydi. Mevlana Mahallesi Kad\u0131n ve \u00c7ocuk At\u00f6lyesi&#8217;nin \u00f6n\u00fcne kadar y\u00fcr\u00fcyen minikler, sokaklara 23 Nisan co\u015fkusunu ta\u015f\u0131d\u0131. Mahalle halk\u0131 da bu co\u015fkuya evlerinin balkon ve pencerelerinden ortak oldu.<br \/>\nKortej boyunca 23 Nisan co\u015fkusuna yak\u0131\u015f\u0131r \u015fark\u0131lar ve mar\u015flar e\u015fli\u011finde y\u00fcr\u00fcyen \u00e7ocuklar, daha sonra at\u00f6lye \u00f6n\u00fcnde g\u00f6sterilerini sergiledi. \u015eiirler okuyup, \u015fark\u0131lar s\u00f6yleyen ve dans eden minikleri, aileleri de co\u015fku ve heyecanla izledi.<br \/>\n&#8220;\u00c7ocuklar\u0131m\u0131z\u0131n kendi mahallelerinde bir an\u0131lar\u0131 olsun istedik&#8221;<br \/>\nMevlana Mahallesi Kad\u0131n ve \u00c7ocuk At\u00f6lyesi Birim Sorumlusu ve Okul \u00d6ncesi \u00d6\u011fretmeni Sonay Berber, 23 Nisan kutlamalar\u0131 kapsam\u0131nda bir haftad\u0131r \u00e7ocuklara 23 Nisan&#8217;la ilgili \u00e7al\u0131\u015fmalar yapt\u0131rd\u0131klar\u0131n\u0131 anlatarak, &#8220;\u00c7ocuklar\u0131m\u0131z\u0131n asl\u0131nda kendi mahallelerinde bir an\u0131lar\u0131 olsun istedik. Asl\u0131nda buradaki amac\u0131m\u0131z hem onlara arma\u011fan edilen 23 Nisan&#8217;\u0131 e\u011flenceli kutlamalar\u0131n\u0131 istememiz hem de bu yollardan her zaman ge\u00e7iyorlar ama \u00f6yle bir an\u0131 b\u0131rak\u0131lmam\u0131\u015ft\u0131r&#8221; diye konu\u015ftu.<br \/>\nAileler \u00e7ocuklar\u0131n\u0131 heyecan ve co\u015fku ile izledi<br \/>\nTorununu izlemeye gelen Nimet \u00d6zbek, &#8220;G\u00fczeldi ma\u015fallah. Hepsini \u00e7ok be\u011fendik&#8221; derken, velilerden Makbule Yoku\u015f, &#8220;\u00c7ok mutluyuz, \u00e7ocuklar\u0131m\u0131z seviniyor. Bug\u00fcn \u00e7ok g\u00fczel ge\u00e7ti. E\u011flendiler, y\u00fcr\u00fcy\u00fc\u015f yapt\u0131lar, \u015fiirler okudular, 23 Nisan&#8217;\u0131 kutlad\u0131lar. \u00c7ocuklar\u0131m\u0131z \u00e7ok mutlu, biz de mutluyuz&#8221; ifadelerini kulland\u0131.<br \/>\n\u00c7ocu\u011funu izlemeye gelen Bahar Sevilgen, yap\u0131lan etkinlikten dolay\u0131 te\u015fekk\u00fcr ederek, &#8220;\u00c7ok duyguland\u0131m, \u00e7ok g\u00fczel haz\u0131rlam\u0131\u015flar&#8221; dedi.<br \/>\n\u00c7ocuklar\u0131n\u0131 izlemeye gelen annelerden Sevgi Ayd\u0131n da &#8220;\u00c7ok mutluyum. \u00c7\u00fcnk\u00fc benim k\u0131z\u0131m \u00f6nceden i\u00e7ine kapan\u0131k bir \u00e7ocuktu. Ama buraya geldi\u011finden beri o kadar \u00f6zg\u00fcvenli ki \u015fark\u0131lar\u0131 \u00f6yle deli dolu s\u00f6yl\u00fcyor. Onunla birlikte biz de \u00e7ok mutlu oluyoruz evde&#8221; diye konu\u015ftu.<br \/>\nMiniklerden \u0130sra Gezgen ise &#8220;Bug\u00fcn burada e\u011flendik, 23 Nisan&#8217;\u0131 kutlad\u0131k, e\u011flenceli danslar yapt\u0131k, yollarda y\u00fcr\u00fcd\u00fck&#8221; derken, Hacer Gezgen ise e\u011flenceli bir g\u00fcn ge\u00e7irdi\u011fini anlatt\u0131 ve &#8220;Yollarda gezdik, bayrak sallad\u0131k, mutluyum&#8221; dedi.<\/p>\n","protected":false},"excerpt":{"rendered":"<p>Mersin B\u00fcy\u00fck\u015fehir Belediyesi Kad\u0131n ve Aile Hizmetleri Dairesi b\u00fcnyesinde hizmet veren Mevlana Mahallesi Kad\u0131n ve \u00c7ocuk At\u00f6lyesi&#8217;nde &#8217;23 Nisan Ulusal Egemenlik ve \u00c7ocuk Bayram\u0131&#8217; co\u015fkusu ya\u015fand\u0131. Mevlana Mahallesi Kad\u0131n ve &hellip; <a href=\"https:\/\/akdenizolaygazetesi.com\/?p=18129\" class=\"more-link\">Devam\u0131n\u0131 Oku&#8230;<\/a><\/p>\n","protected":false},"author":2,"featured_media":18130,"comment_status":"open","ping_status":"open","sticky":false,"template":"","format":"standard","meta":[],"categories":[2,3,5],"tags":[],"_links":{"self":[{"href":"https:\/\/akdenizolaygazetesi.com\/index.php?rest_route=\/wp\/v2\/posts\/18129"}],"collection":[{"href":"https:\/\/akdenizolaygazetesi.com\/index.php?rest_route=\/wp\/v2\/posts"}],"about":[{"href":"https:\/\/akdenizolaygazetesi.com\/index.php?rest_route=\/wp\/v2\/types\/post"}],"author":[{"embeddable":true,"href":"https:\/\/akdenizolaygazetesi.com\/index.php?rest_route=\/wp\/v2\/users\/2"}],"replies":[{"embeddable":true,"href":"https:\/\/akdenizolaygazetesi.com\/index.php?rest_route=%2Fwp%2Fv2%2Fcomments&post=18129"}],"version-history":[{"count":1,"href":"https:\/\/akdenizolaygazetesi.com\/index.php?rest_route=\/wp\/v2\/posts\/18129\/revisions"}],"predecessor-version":[{"id":18131,"href":"https:\/\/akdenizolaygazetesi.com\/index.php?rest_route=\/wp\/v2\/posts\/18129\/revisions\/18131"}],"wp:featuredmedia":[{"embeddable":true,"href":"https:\/\/akdenizolaygazetesi.com\/index.php?rest_route=\/wp\/v2\/media\/18130"}],"wp:attachment":[{"href":"https:\/\/akdenizolaygazetesi.com\/index.php?rest_route=%2Fwp%2Fv2%2Fmedia&parent=18129"}],"wp:term":[{"taxonomy":"category","embeddable":true,"href":"https:\/\/akdenizolaygazetesi.com\/index.php?rest_route=%2Fwp%2Fv2%2Fcategories&post=18129"},{"taxonomy":"post_tag","embeddable":true,"href":"https:\/\/akdenizolaygazetesi.com\/index.php?rest_route=%2Fwp%2Fv2%2Ftags&post=18129"}],"curies":[{"name":"wp","href":"https:\/\/api.w.org\/{rel}","templated":true}]}}