{"id":18132,"date":"2022-04-22T12:55:32","date_gmt":"2022-04-22T09:55:32","guid":{"rendered":"http:\/\/akdenizolaygazetesi.com\/?p=18132"},"modified":"2022-04-22T12:55:32","modified_gmt":"2022-04-22T09:55:32","slug":"tbmm-acilisinin-102-yilini-kutlamanin-mutlulugunu-yasiyoruz","status":"publish","type":"post","link":"https:\/\/akdenizolaygazetesi.com\/?p=18132","title":{"rendered":"&#8216;TBMM a\u00e7\u0131l\u0131\u015f\u0131n\u0131n 102. y\u0131l\u0131n\u0131 kutlaman\u0131n mutlulu\u011funu ya\u015f\u0131yoruz&#8217;"},"content":{"rendered":"<p>Mersin B\u00fcy\u00fck\u015fehir Belediye Ba\u015fkan\u0131 Vahap Se\u00e7er, &#8217;23 Nisan Ulusal Egemenlik ve \u00c7ocuk Bayram\u0131&#8217; dolay\u0131s\u0131yla bir mesaj yay\u0131nlad\u0131.<br \/>\nBa\u015fkan Se\u00e7er, mesaj\u0131nda \u015fu ifadelere yer verdi:<br \/>\n&#8220;T\u00fcrkiye B\u00fcy\u00fck Millet Meclisimizin (TBMM) a\u00e7\u0131l\u0131\u015f\u0131n\u0131n 102. y\u0131l\u0131n\u0131 kutlaman\u0131n mutlulu\u011funu ya\u015f\u0131yoruz.<br \/>\n23 Nisan 1920&#8217;de a\u00e7\u0131lan TBMM, milli m\u00fccadelemizin zaferle sonu\u00e7lanmas\u0131n\u0131n ve ard\u0131ndan Cumhuriyetimizin ilan edilmesinin en \u00f6nemli ad\u0131mlar\u0131ndan biri olmu\u015ftur.<br \/>\nGazi Mustafa Kemal Atat\u00fcrk, halk\u0131n iradesinin her \u015feyin \u00fcst\u00fcnde oldu\u011funu &#8216;Egemenlik, kay\u0131ts\u0131z \u015farts\u0131z milletindir&#8217; s\u00f6zleri ile t\u00fcm d\u00fcnyaya duyurmu\u015f ve bu \u00f6nemli g\u00fcn\u00fc t\u00fcm d\u00fcnya \u00e7ocuklar\u0131na bayram olarak arma\u011fan etmi\u015ftir.<br \/>\nAtat\u00fcrk&#8217;\u00fcn \u00e7ocuklara kar\u015f\u0131 sevgisi ve onlar\u0131 gelece\u011fin en \u00f6nemli de\u011feri olarak g\u00f6rmesi, Cumhuriyetimizin \u00e7ocuk politikalar\u0131ndaki genel esaslar\u0131n\u0131 da belirlemi\u015ftir.<br \/>\nNitekim Atat\u00fcrk i\u00e7in \u00e7ocuk; \u00f6ncelikle vatan gibi sevilmesi ve milletin haklar\u0131n\u0131 korur gibi korunmas\u0131 gereken bir varl\u0131kt\u0131r.<br \/>\nCumhuriyet ruhunun s\u00fcrekli at\u0131l\u0131m, yenilenme ve ara\u015ft\u0131rma gerektirdi\u011fini \u00e7ok iyi bilen bizler de Mersin&#8217;de ya\u015fayan t\u00fcm \u00e7ocuklar\u0131m\u0131za hak ettikleri sevgiyi ve de\u011feri bilimin \u0131\u015f\u0131\u011f\u0131nda, ihtiya\u00e7lar\u0131 do\u011frultusunda sunmaya \u00e7al\u0131\u015f\u0131yoruz. Her birinin \u00e7a\u011f\u0131n teknolojik geli\u015fmelerinden yararlanabilen, okuyan, ara\u015ft\u0131ran, sorgulayan, d\u00fcnyay\u0131 d\u00f6n\u00fc\u015ft\u00fcrecek fikirler \u00fcretebilen, sa\u011fl\u0131kl\u0131 birer birey olabilmeleri i\u00e7in f\u0131rsat e\u015fitli\u011fi de yaratmak \u00fczere b\u00fcy\u00fck bir \u00e7aba ve emek sarf ediyoruz.<br \/>\nSevgili \u00e7ocuklar;<br \/>\nBu bayram\u0131n sizlere hediye edilmesi, sizlere de \u00f6nemli g\u00f6rev ve sorumluluklar y\u00fckl\u00fcyor.<br \/>\nSizler, gelece\u011fin bilim insanlar\u0131, y\u00f6neticileri,  sanat\u00e7\u0131lar\u0131, sporcular\u0131 ve siyaset\u00e7ileri olacaks\u0131n\u0131z.<br \/>\nMilletimize ait olan egemenli\u011fimize daima sahip \u00e7\u0131karak, Cumhuriyetimizi daha ilerilere ta\u015f\u0131mak ve onu muas\u0131r medeniyetler seviyesinin \u00fczerine \u00e7\u0131karmak i\u00e7in \u00e7ok \u00e7al\u0131\u015faca\u011f\u0131n\u0131zdan asla \u015f\u00fcphem yok.<br \/>\nSizlerin mutlulu\u011fu ve ba\u015far\u0131s\u0131 hepimizin mutlulu\u011fu, ba\u015far\u0131s\u0131 ve gururu olacakt\u0131r.<br \/>\nBu anlaml\u0131 g\u00fcnde, Gazi Mustafa Kemal Atat\u00fcrk&#8217;\u00fc, Kurtulu\u015f Sava\u015f\u0131m\u0131z\u0131n t\u00fcm kahramanlar\u0131n\u0131 rahmetle ve minnetle an\u0131yorum.<br \/>\nTBMM&#8217;nin a\u00e7\u0131l\u0131\u015f\u0131n\u0131n 102. y\u0131l\u0131n\u0131 ve 23 Nisan Ulusal Egemenlik ve \u00c7ocuk Bayram\u0131&#8217;n\u0131 en i\u00e7ten dileklerimle kutluyor; gelece\u011fimizin teminat\u0131 olan \u00e7ocuklar\u0131m\u0131z\u0131 sevgiyle selaml\u0131yor, g\u00f6zlerinden \u00f6p\u00fcyorum.&#8221;<\/p>\n","protected":false},"excerpt":{"rendered":"<p>Mersin B\u00fcy\u00fck\u015fehir Belediye Ba\u015fkan\u0131 Vahap Se\u00e7er, &#8217;23 Nisan Ulusal Egemenlik ve \u00c7ocuk Bayram\u0131&#8217; dolay\u0131s\u0131yla bir mesaj yay\u0131nlad\u0131. Ba\u015fkan Se\u00e7er, mesaj\u0131nda \u015fu ifadelere yer verdi: &#8220;T\u00fcrkiye B\u00fcy\u00fck Millet Meclisimizin (TBMM) a\u00e7\u0131l\u0131\u015f\u0131n\u0131n &hellip; <a href=\"https:\/\/akdenizolaygazetesi.com\/?p=18132\" class=\"more-link\">Devam\u0131n\u0131 Oku&#8230;<\/a><\/p>\n","protected":false},"author":2,"featured_media":18133,"comment_status":"open","ping_status":"open","sticky":false,"template":"","format":"standard","meta":[],"categories":[2,3,5],"tags":[],"_links":{"self":[{"href":"https:\/\/akdenizolaygazetesi.com\/index.php?rest_route=\/wp\/v2\/posts\/18132"}],"collection":[{"href":"https:\/\/akdenizolaygazetesi.com\/index.php?rest_route=\/wp\/v2\/posts"}],"about":[{"href":"https:\/\/akdenizolaygazetesi.com\/index.php?rest_route=\/wp\/v2\/types\/post"}],"author":[{"embeddable":true,"href":"https:\/\/akdenizolaygazetesi.com\/index.php?rest_route=\/wp\/v2\/users\/2"}],"replies":[{"embeddable":true,"href":"https:\/\/akdenizolaygazetesi.com\/index.php?rest_route=%2Fwp%2Fv2%2Fcomments&post=18132"}],"version-history":[{"count":1,"href":"https:\/\/akdenizolaygazetesi.com\/index.php?rest_route=\/wp\/v2\/posts\/18132\/revisions"}],"predecessor-version":[{"id":18134,"href":"https:\/\/akdenizolaygazetesi.com\/index.php?rest_route=\/wp\/v2\/posts\/18132\/revisions\/18134"}],"wp:featuredmedia":[{"embeddable":true,"href":"https:\/\/akdenizolaygazetesi.com\/index.php?rest_route=\/wp\/v2\/media\/18133"}],"wp:attachment":[{"href":"https:\/\/akdenizolaygazetesi.com\/index.php?rest_route=%2Fwp%2Fv2%2Fmedia&parent=18132"}],"wp:term":[{"taxonomy":"category","embeddable":true,"href":"https:\/\/akdenizolaygazetesi.com\/index.php?rest_route=%2Fwp%2Fv2%2Fcategories&post=18132"},{"taxonomy":"post_tag","embeddable":true,"href":"https:\/\/akdenizolaygazetesi.com\/index.php?rest_route=%2Fwp%2Fv2%2Ftags&post=18132"}],"curies":[{"name":"wp","href":"https:\/\/api.w.org\/{rel}","templated":true}]}}