{"id":18135,"date":"2022-04-22T12:58:44","date_gmt":"2022-04-22T09:58:44","guid":{"rendered":"http:\/\/akdenizolaygazetesi.com\/?p=18135"},"modified":"2022-04-22T12:58:44","modified_gmt":"2022-04-22T09:58:44","slug":"tarihimizin-donum-noktalarindan","status":"publish","type":"post","link":"https:\/\/akdenizolaygazetesi.com\/?p=18135","title":{"rendered":"&#8216;Tarihimizin d\u00f6n\u00fcm noktalar\u0131ndan&#8217;"},"content":{"rendered":"<p>Ba\u015fkan G\u00fcltak; T\u00fcrkiye Cumhuriyeti\u2019nin Kurucusu Gazi Mustafa Kemal Atat\u00fcrk\u2019\u00fcn, d\u00fcnya \u00e7ocuklar\u0131na arma\u011fan etti\u011fi ilk ve tek \u00e7ocuk bayram\u0131 olan \u201c23 Nisan Ulusal Egemenlik ve \u00c7ocuk Bayram\u0131\u201d dolay\u0131s\u0131yla kutlama mesaj\u0131 yay\u0131mlad\u0131.<br \/>\nAkdeniz Belediye Ba\u015fkan\u0131 Mustafa G\u00fcltak, \u201823 Nisan Ulusal Egemenlik ve \u00c7ocuk Bayram\u0131&#8217;n\u0131n ve T\u00fcrkiye B\u00fcy\u00fck Millet Meclisi&#8217;nin (TBMM) a\u00e7\u0131l\u0131\u015f\u0131n\u0131n 102\u2019nci y\u0131l\u0131 dolay\u0131s\u0131yla yay\u0131mlad\u0131\u011f\u0131 yaz\u0131l\u0131 mesaj\u0131nda, 23 Nisan 1920 tarihinin T\u00fcrkiye Cumhuriyeti a\u00e7\u0131s\u0131ndan ta\u015f\u0131d\u0131\u011f\u0131 tarihi \u00f6neme dikkat \u00e7ekti.<br \/>\nMesaj\u0131nda, 23 Nisan 1920 tarihinde T\u00fcrkiye B\u00fcy\u00fck Millet Meclisi\u2019nin a\u00e7\u0131lmas\u0131yla T\u00fcrkiye tarihinde yeni bir d\u00f6nemin ve gelece\u011fin ba\u015flad\u0131\u011f\u0131n\u0131 ifade eden Ba\u015fkan G\u00fcltak, \u015fu ifadeleri kaydetti; \u201cTarihimizin d\u00f6n\u00fcm noktalar\u0131ndan 23 Nisan 1920 tarihi; egemenli\u011fin milletin iradesine b\u0131rak\u0131ld\u0131\u011f\u0131, T\u00fcrk Milletinin kendi kaderini tayin etmek hakk\u0131n\u0131 elde ederek, milletin ba\u011f\u0131ms\u0131zl\u0131\u011f\u0131n\u0131 b\u00fct\u00fcn d\u00fcnyaya ilan etti\u011fi tarihtir.<br \/>\nD\u00fcnya \u00e7ocuklar\u0131na arma\u011fan edilen tek evrensel bayram olma \u00f6zelli\u011fini ta\u015f\u0131yan 23 Nisan, ayn\u0131 zamanda T\u00fcrkiye Cumhuriyeti\u2019nin onlara olan g\u00fcveninin de ifadesidir. En k\u0131ymetli varl\u0131\u011f\u0131m\u0131z ve yar\u0131nlar\u0131m\u0131z\u0131 kuracak olan \u00e7ocuklar\u0131m\u0131za sahip \u00e7\u0131karak, onlar\u0131 sa\u011fl\u0131kl\u0131, ba\u015far\u0131l\u0131, manevi de\u011ferlerine ba\u011fl\u0131 erdemli bireyler olarak yeti\u015ftirmek en b\u00fcy\u00fck g\u00f6revimizdir.<br \/>\nBu duygularla, gelece\u011fimizin teminat\u0131 ve mimar\u0131 olan \u00e7ocuklar\u0131m\u0131za arma\u011fan edilen \u201823 Nisan Ulusal Egemenlik ve \u00c7ocuk Bayram\u0131\u2019n\u0131 i\u00e7ten dileklerimle kutluyorum. Ba\u015fta Gazi Mustafa Kemal olmak \u00fczere, ilk Meclisimizin k\u0131ymetli \u00fcyelerini, Milli M\u00fccadelemizin Aziz \u015eehitlerini, Kahraman Gazilerimizi ve vatan u\u011fruna topra\u011fa d\u00fc\u015fen \u015fehitlerimizi \u015f\u00fckran ve sayg\u0131yla y\u00e2d ediyorum.\u201d<\/p>\n","protected":false},"excerpt":{"rendered":"<p>Ba\u015fkan G\u00fcltak; T\u00fcrkiye Cumhuriyeti\u2019nin Kurucusu Gazi Mustafa Kemal Atat\u00fcrk\u2019\u00fcn, d\u00fcnya \u00e7ocuklar\u0131na arma\u011fan etti\u011fi ilk ve tek \u00e7ocuk bayram\u0131 olan \u201c23 Nisan Ulusal Egemenlik ve \u00c7ocuk Bayram\u0131\u201d dolay\u0131s\u0131yla kutlama mesaj\u0131 yay\u0131mlad\u0131. &hellip; <a href=\"https:\/\/akdenizolaygazetesi.com\/?p=18135\" class=\"more-link\">Devam\u0131n\u0131 Oku&#8230;<\/a><\/p>\n","protected":false},"author":2,"featured_media":18136,"comment_status":"open","ping_status":"open","sticky":false,"template":"","format":"standard","meta":[],"categories":[3],"tags":[],"_links":{"self":[{"href":"https:\/\/akdenizolaygazetesi.com\/index.php?rest_route=\/wp\/v2\/posts\/18135"}],"collection":[{"href":"https:\/\/akdenizolaygazetesi.com\/index.php?rest_route=\/wp\/v2\/posts"}],"about":[{"href":"https:\/\/akdenizolaygazetesi.com\/index.php?rest_route=\/wp\/v2\/types\/post"}],"author":[{"embeddable":true,"href":"https:\/\/akdenizolaygazetesi.com\/index.php?rest_route=\/wp\/v2\/users\/2"}],"replies":[{"embeddable":true,"href":"https:\/\/akdenizolaygazetesi.com\/index.php?rest_route=%2Fwp%2Fv2%2Fcomments&post=18135"}],"version-history":[{"count":1,"href":"https:\/\/akdenizolaygazetesi.com\/index.php?rest_route=\/wp\/v2\/posts\/18135\/revisions"}],"predecessor-version":[{"id":18137,"href":"https:\/\/akdenizolaygazetesi.com\/index.php?rest_route=\/wp\/v2\/posts\/18135\/revisions\/18137"}],"wp:featuredmedia":[{"embeddable":true,"href":"https:\/\/akdenizolaygazetesi.com\/index.php?rest_route=\/wp\/v2\/media\/18136"}],"wp:attachment":[{"href":"https:\/\/akdenizolaygazetesi.com\/index.php?rest_route=%2Fwp%2Fv2%2Fmedia&parent=18135"}],"wp:term":[{"taxonomy":"category","embeddable":true,"href":"https:\/\/akdenizolaygazetesi.com\/index.php?rest_route=%2Fwp%2Fv2%2Fcategories&post=18135"},{"taxonomy":"post_tag","embeddable":true,"href":"https:\/\/akdenizolaygazetesi.com\/index.php?rest_route=%2Fwp%2Fv2%2Ftags&post=18135"}],"curies":[{"name":"wp","href":"https:\/\/api.w.org\/{rel}","templated":true}]}}